{"id":77159,"date":"2024-06-17T22:08:43","date_gmt":"2024-06-18T03:08:43","guid":{"rendered":"http:\/\/losperiodistas.com.mx\/portal\/?p=77159"},"modified":"2024-06-17T22:08:46","modified_gmt":"2024-06-18T03:08:46","slug":"se-forma-potencial-ciclon-tropical-1-en-golfo-de-mexico","status":"publish","type":"post","link":"https:\/\/losperiodistas.com.mx\/portal\/se-forma-potencial-ciclon-tropical-1-en-golfo-de-mexico\/","title":{"rendered":"Hurac\u00e1n Alberto 2024 a la vista: Se forma Potencial Cicl\u00f3n Tropical 1 en Golfo de M\u00e9xico | Fox Sports"},"content":{"rendered":"\n<p>La Comisi\u00f3n Nacional del Agua y el Centro Nacional de Huracanes confirmaron que se ha formado el Potencial Cicl\u00f3n Tropical 1, que evolucionar\u00eda a Hurac\u00e1n Alberto en breve.<\/p>\n\n\n\n<figure class=\"wp-block-image size-large\"><img fetchpriority=\"high\" decoding=\"async\" width=\"1024\" height=\"662\" src=\"https:\/\/losperiodistas.com.mx\/portal\/wp-content\/uploads\/2024\/06\/Captura-de-pantalla-2024-06-17-205939-1024x662.png\" alt=\"Cicl\u00f3n Tropical 1\" class=\"wp-image-77160\" srcset=\"https:\/\/losperiodistas.com.mx\/portal\/wp-content\/uploads\/2024\/06\/Captura-de-pantalla-2024-06-17-205939-1024x662.png 1024w, https:\/\/losperiodistas.com.mx\/portal\/wp-content\/uploads\/2024\/06\/Captura-de-pantalla-2024-06-17-205939-300x194.png 300w, https:\/\/losperiodistas.com.mx\/portal\/wp-content\/uploads\/2024\/06\/Captura-de-pantalla-2024-06-17-205939-768x497.png 768w, https:\/\/losperiodistas.com.mx\/portal\/wp-content\/uploads\/2024\/06\/Captura-de-pantalla-2024-06-17-205939.png 1087w\" sizes=\"(max-width: 1024px) 100vw, 1024px\" \/><figcaption>El Potencial Cicl\u00f3n Tropical 1 se convertir\u00eda en el Hurac\u00e1n Alberto 2024. (@NHC_Atlantic)<\/figcaption><\/figure>\n\n\n\n<p class=\"has-vivid-red-color has-text-color\">Redacci\u00f3n \/ Fox Sports<\/p>\n\n\n\n<p><strong>Informaci\u00f3n de \u00faltimo momento<\/strong> que es de suma importancia, divulgada por la Comisi\u00f3n Nacional del Agua y por el Centro Nacional de Huracanes de los Estados Unidos. La tarde de este <strong>lunes 17 de junio <\/strong>se confirm\u00f3 la <strong>formaci\u00f3n del Potencial Cicl\u00f3n Tropical #1<\/strong>, que, de continuar su tendencia, en pr\u00f3ximas horas o d\u00edas <strong>evolucionar\u00eda<\/strong> para ser el <strong>Hurac\u00e1n Alberto 2024 en M\u00e9xico<\/strong>.<\/p>\n\n\n\n<h2 class=\"wp-block-heading\"><strong>Hurac\u00e1n Alberto 2024 en vivo: \u00daltimas noticias<\/strong><\/h2>\n\n\n\n<p>Es importante que sepas que el t\u00e9rmino <strong>\u201cPotencial Cicl\u00f3n Tropical\u201d<\/strong> utilizado por el Servicio Meteorol\u00f3gico Nacional <strong>hace referencia a una Tormenta Tropical<\/strong>, que ya est\u00e1 en marcha y es el <strong>paso previo a la formaci\u00f3n de un Hurac\u00e1n<\/strong>, que surge cuando los vientos sostenidos del fen\u00f3meno alcanzan los 119 km\/h. A partir de ese momento, podr\u00e1 ubicarse entre las Categor\u00eda 1 al 5 de la Escala Saffir-Simpson.<\/p>\n\n\n\n<p>Por su parte, el <strong>Centro Nacional de Huracanes de EE.UU.<\/strong> tambi\u00e9n ha emitido una <strong>alerta por el Potencial Cicl\u00f3n Tropical #1 en M\u00e9xico<\/strong>, refiriendo que este meteoro est\u00e1 presupuestado para afectar al estado de Texas. Tambi\u00e9n hacen referencia a <strong>\u201cpotenciales inundaciones en el noreste de M\u00e9xico\u201d<\/strong>, puntualmente en el estado de <strong>Tamaulipas<\/strong> conforme avance la semana.<\/p>\n\n\n\n<blockquote class=\"twitter-tweet\"><p lang=\"es\" dir=\"ltr\">\u00a1Una chulada!<br><br>&#x1f504;Gran circulaci\u00f3n del Potencial de Cicl\u00f3n Tropical Uno asociada al <a href=\"https:\/\/twitter.com\/hashtag\/GiroCentroamericano?src=hash&amp;ref_src=twsrc%5Etfw\">#GiroCentroamericano<\/a> cubre Golfo de M\u00e9xico y P de Yucat\u00e1n<br><br>&#x1f327;&#xfe0f;Traer\u00e1 lluvias muy ben\u00e9ficas desde el mi\u00e9rcoles para mitigar sequ\u00eda y refrescar; efectos negativos urbanos son probables&#x1f6a8;<br><br>&#x26a0;&#xfe0f;PREPARADOS <a href=\"https:\/\/t.co\/bUqR5aRDMO\">pic.twitter.com\/bUqR5aRDMO<\/a><\/p>&mdash; &#x1f332;&#x26c8;&#xfe0f;Meteorolog\u00eda M\u00e9xico&#x1f327;&#xfe0f;&#x1f333; (@InfoMeteoro) <a href=\"https:\/\/twitter.com\/InfoMeteoro\/status\/1802856083385733297?ref_src=twsrc%5Etfw\">June 18, 2024<\/a><\/blockquote> <script async src=\"https:\/\/platform.twitter.com\/widgets.js\" charset=\"utf-8\"><\/script> \n\n\n\n<h2 class=\"wp-block-heading\"><strong>Cicl\u00f3n Tropical #1: Trayectoria y estados afectados en M\u00e9xico<\/strong><\/h2>\n\n\n\n<p>En concordancia con la informaci\u00f3n publicada m\u00e1s temprano este mismo lunes, respecto a que el <strong>Hurac\u00e1n Alberto 2024 podr\u00eda llegar a M\u00e9xico entre mi\u00e9rcoles y jueves<\/strong>, la confirmaci\u00f3n de este <strong>Potencial Cicl\u00f3n Tropical #1 HOY lunes 17 de junio<\/strong> sirve para que la poblaci\u00f3n que vive cerca de costas mexicanas preste especial atenci\u00f3n.<\/p>\n\n\n\n<p><em>\u201c<\/em><em><strong>Se ha formado el Potencial Cicl\u00f3n Tropical #1<\/strong><\/em><em>, su centro se localiza a <\/em><em><strong>195 kil\u00f3metros al nor-noroeste de Frontera, Tabasco<\/strong><\/em><em>, y a 235 kil\u00f3metros al noroeste de Ciudad del Carmen, Campeche. Presenta <\/em><em><strong>vientos m\u00e1ximos sostenidos de 65 km\/h<\/strong><\/em><em>, rachas de 85 km\/h y desplazamiento hacia el nor-noroeste a 11 km\/h\u201d<\/em>, detalla Conagua en su cuenta oficial de X.<\/p>\n\n\n\n<p>En lo que se refiere a <strong>estados afectados por el Potencial Cicl\u00f3n Tropical #1<\/strong>, Conagua enlista varias entidades que enfrentar\u00e1n <strong>lluvias muy fuertes hasta torrenciales<\/strong>, as\u00ed como incremento en los niveles de r\u00edos y arroyos. Se recomienda estar muy atentos en:<\/p>\n\n\n\n<ul class=\"wp-block-list\"><li>Chiapas<\/li><li>Tabasco<\/li><li>Campeche<\/li><li>Yucat\u00e1n<\/li><li>Quintana Roo<\/li><li>Oaxaca<\/li><li>Veracruz<\/li><li>Puebla<\/li><li>Tamaulipas<\/li><\/ul>\n\n\n\n<blockquote class=\"twitter-tweet\"><p lang=\"es\" dir=\"ltr\">Esta tarde se form\u00f3 el <a href=\"https:\/\/twitter.com\/hashtag\/PotencialCicl%C3%B3nTropical?src=hash&amp;ref_src=twsrc%5Etfw\">#PotencialCicl\u00f3nTropical<\/a> Uno, al sur del <a href=\"https:\/\/twitter.com\/hashtag\/GolfoDeM%C3%A9xico?src=hash&amp;ref_src=twsrc%5Etfw\">#GolfoDeM\u00e9xico<\/a>, frente a las costas de <a href=\"https:\/\/twitter.com\/hashtag\/Campeche?src=hash&amp;ref_src=twsrc%5Etfw\">#Campeche<\/a> y <a href=\"https:\/\/twitter.com\/hashtag\/Tabasco?src=hash&amp;ref_src=twsrc%5Etfw\">#Tabasco<\/a>. Ocasionar\u00e1 durante las pr\u00f3ximas horas <a href=\"https:\/\/twitter.com\/hashtag\/Lluvias?src=hash&amp;ref_src=twsrc%5Etfw\">#Lluvias<\/a> intensas a torrenciales y <a href=\"https:\/\/twitter.com\/hashtag\/Vientos?src=hash&amp;ref_src=twsrc%5Etfw\">#Vientos<\/a> fuertes en el sureste de <a href=\"https:\/\/twitter.com\/hashtag\/M%C3%A9xico?src=hash&amp;ref_src=twsrc%5Etfw\">#M\u00e9xico<\/a> y la <a href=\"https:\/\/twitter.com\/hashtag\/Pen%C3%ADnsulaDeYucat%C3%A1n?src=hash&amp;ref_src=twsrc%5Etfw\">#Pen\u00ednsulaDeYucat\u00e1n<\/a>.<br><br>M\u00e1s\u2026 <a href=\"https:\/\/t.co\/s37BC2Hk67\">pic.twitter.com\/s37BC2Hk67<\/a><\/p>&mdash; CONAGUA Clima (@conagua_clima) <a href=\"https:\/\/twitter.com\/conagua_clima\/status\/1802819083450401222?ref_src=twsrc%5Etfw\">June 17, 2024<\/a><\/blockquote> <script async src=\"https:\/\/platform.twitter.com\/widgets.js\" charset=\"utf-8\"><\/script> \n\n\n\n<h2 class=\"wp-block-heading\"><strong>\u00bfC\u00f3mo se forma un Hurac\u00e1n?<\/strong><\/h2>\n\n\n\n<h3 class=\"wp-block-heading\">Caracter\u00edsticas de un Cicl\u00f3n Tropical y sus fases<\/h3>\n\n\n\n<p>Para que <strong>se desarrolle un Hurac\u00e1n o Cicl\u00f3n<\/strong>, es necesario que las <strong>aguas oce\u00e1nicas<\/strong> tengan temperaturas superiores a los 26.5 \u00b0C, as\u00ed como la interacci\u00f3n de aire c\u00e1lido y h\u00famedo sobre la superficie del oc\u00e9ano. Cuando este aire asciende, se da el primer paso para la formaci\u00f3n de un Cicl\u00f3n, cuyas etapas son:<\/p>\n\n\n\n<ul class=\"wp-block-list\"><li><strong>Zona de Baja Presi\u00f3n o Perturbaci\u00f3n Tropical<\/strong><\/li><li><strong>Depresi\u00f3n Tropical<\/strong>: Los vientos alcanzan velocidades de hasta 63 km\/h.<\/li><li><strong>Tormenta Tropical<\/strong>: Vientos superiores a 63 km\/h; se le asigna un nombre.<\/li><li><strong>Hurac\u00e1n<\/strong>: Alcanza vientos sostenidos de al menos 119 km\/h.<\/li><\/ul>\n\n\n\n<h2 class=\"wp-block-heading\"><strong>Categor\u00edas de Huracanes en la Escala Saffir-Simpson; as\u00ed se mide su fuerza<\/strong><\/h2>\n\n\n\n<ul class=\"wp-block-list\"><li><strong>Categor\u00eda 1<\/strong>: Vientos de 119 a 153 km\/h.<\/li><li><strong>Categor\u00eda 2<\/strong>: Vientos de 154 a 177 km\/h.<\/li><li><strong>Categor\u00eda 3<\/strong>: Vientos de 178 a 208 km\/h.<\/li><li><strong>Categor\u00eda 4<\/strong>: Vientos de 209 a 251 km\/h.<\/li><li><strong>Categor\u00eda 5<\/strong>: Vientos superiores a 251 km\/h (la m\u00e1s intensa).<\/li><\/ul>\n\n\n\n<figure class=\"wp-block-image size-large\"><img decoding=\"async\" width=\"1024\" height=\"678\" src=\"https:\/\/losperiodistas.com.mx\/portal\/wp-content\/uploads\/2024\/06\/Captura-de-pantalla-2024-06-17-210248-1024x678.png\" alt=\"\" class=\"wp-image-77161\" srcset=\"https:\/\/losperiodistas.com.mx\/portal\/wp-content\/uploads\/2024\/06\/Captura-de-pantalla-2024-06-17-210248-1024x678.png 1024w, https:\/\/losperiodistas.com.mx\/portal\/wp-content\/uploads\/2024\/06\/Captura-de-pantalla-2024-06-17-210248-300x199.png 300w, https:\/\/losperiodistas.com.mx\/portal\/wp-content\/uploads\/2024\/06\/Captura-de-pantalla-2024-06-17-210248-768x508.png 768w, https:\/\/losperiodistas.com.mx\/portal\/wp-content\/uploads\/2024\/06\/Captura-de-pantalla-2024-06-17-210248.png 1089w\" sizes=\"(max-width: 1024px) 100vw, 1024px\" \/><figcaption>Temporada de Lluvias y Huracanes en M\u00e9xico para 2024. Conoce las fechas en que comienzan estos fen\u00f3menos en el Atl\u00e1ntico y Pac\u00edfico. (Freepik)<\/figcaption><\/figure>\n\n\n\n<p>Fuente: <a href=\"https:\/\/www.foxsports.com.mx\/2024\/06\/17\/oficial-potencial-ciclon-tropical-1-se-forma-cuando-impacta-a-mexico-y-estados-afectados\/\" target=\"_blank\" rel=\"noreferrer noopener\">Fox Sports<\/a><\/p>\n","protected":false},"excerpt":{"rendered":"<p>La Comisi\u00f3n Nacional del Agua y el Centro Nacional de Huracanes confirmaron que se ha formado el Potencial Cicl\u00f3n Tropical 1, que evolucionar\u00eda a Hurac\u00e1n Alberto en breve.<\/p>\n","protected":false},"author":1,"featured_media":77160,"comment_status":"open","ping_status":"open","sticky":false,"template":"","format":"standard","meta":{"site-sidebar-layout":"default","site-content-layout":"","ast-site-content-layout":"default","site-content-style":"default","site-sidebar-style":"default","ast-global-header-display":"","ast-banner-title-visibility":"","ast-main-header-display":"","ast-hfb-above-header-display":"","ast-hfb-below-header-display":"","ast-hfb-mobile-header-display":"","site-post-title":"","ast-breadcrumbs-content":"","ast-featured-img":"","footer-sml-layout":"","theme-transparent-header-meta":"","adv-header-id-meta":"","stick-header-meta":"","header-above-stick-meta":"","header-main-stick-meta":"","header-below-stick-meta":"","astra-migrate-meta-layouts":"default","ast-page-background-enabled":"default","ast-page-background-meta":{"desktop":{"background-color":"var(--ast-global-color-4)","background-image":"","background-repeat":"repeat","background-position":"center center","background-size":"auto","background-attachment":"scroll","background-type":"","background-media":"","overlay-type":"","overlay-color":"","overlay-opacity":"","overlay-gradient":""},"tablet":{"background-color":"","background-image":"","background-repeat":"repeat","background-position":"center center","background-size":"auto","background-attachment":"scroll","background-type":"","background-media":"","overlay-type":"","overlay-color":"","overlay-opacity":"","overlay-gradient":""},"mobile":{"background-color":"","background-image":"","background-repeat":"repeat","background-position":"center center","background-size":"auto","background-attachment":"scroll","background-type":"","background-media":"","overlay-type":"","overlay-color":"","overlay-opacity":"","overlay-gradient":""}},"ast-content-background-meta":{"desktop":{"background-color":"var(--ast-global-color-5)","background-image":"","background-repeat":"repeat","background-position":"center center","background-size":"auto","background-attachment":"scroll","background-type":"","background-media":"","overlay-type":"","overlay-color":"","overlay-opacity":"","overlay-gradient":""},"tablet":{"background-color":"var(--ast-global-color-5)","background-image":"","background-repeat":"repeat","background-position":"center center","background-size":"auto","background-attachment":"scroll","background-type":"","background-media":"","overlay-type":"","overlay-color":"","overlay-opacity":"","overlay-gradient":""},"mobile":{"background-color":"var(--ast-global-color-5)","background-image":"","background-repeat":"repeat","background-position":"center center","background-size":"auto","background-attachment":"scroll","background-type":"","background-media":"","overlay-type":"","overlay-color":"","overlay-opacity":"","overlay-gradient":""}},"footnotes":""},"categories":[8],"tags":[6702,26303,26302,23651,26301,20615,4989],"class_list":["post-77159","post","type-post","status-publish","format-standard","has-post-thumbnail","hentry","category-noticias","tag-campeche","tag-centro-nacional-de-huracanes","tag-ciclon-tropical-1","tag-golfo-de-mexico","tag-huracan-alberto-2024","tag-lluvias","tag-tabasco"],"_links":{"self":[{"href":"https:\/\/losperiodistas.com.mx\/portal\/wp-json\/wp\/v2\/posts\/77159","targetHints":{"allow":["GET"]}}],"collection":[{"href":"https:\/\/losperiodistas.com.mx\/portal\/wp-json\/wp\/v2\/posts"}],"about":[{"href":"https:\/\/losperiodistas.com.mx\/portal\/wp-json\/wp\/v2\/types\/post"}],"author":[{"embeddable":true,"href":"https:\/\/losperiodistas.com.mx\/portal\/wp-json\/wp\/v2\/users\/1"}],"replies":[{"embeddable":true,"href":"https:\/\/losperiodistas.com.mx\/portal\/wp-json\/wp\/v2\/comments?post=77159"}],"version-history":[{"count":1,"href":"https:\/\/losperiodistas.com.mx\/portal\/wp-json\/wp\/v2\/posts\/77159\/revisions"}],"predecessor-version":[{"id":77162,"href":"https:\/\/losperiodistas.com.mx\/portal\/wp-json\/wp\/v2\/posts\/77159\/revisions\/77162"}],"wp:featuredmedia":[{"embeddable":true,"href":"https:\/\/losperiodistas.com.mx\/portal\/wp-json\/wp\/v2\/media\/77160"}],"wp:attachment":[{"href":"https:\/\/losperiodistas.com.mx\/portal\/wp-json\/wp\/v2\/media?parent=77159"}],"wp:term":[{"taxonomy":"category","embeddable":true,"href":"https:\/\/losperiodistas.com.mx\/portal\/wp-json\/wp\/v2\/categories?post=77159"},{"taxonomy":"post_tag","embeddable":true,"href":"https:\/\/losperiodistas.com.mx\/portal\/wp-json\/wp\/v2\/tags?post=77159"}],"curies":[{"name":"wp","href":"https:\/\/api.w.org\/{rel}","templated":true}]}}