{"id":77153,"date":"2024-06-17T20:47:54","date_gmt":"2024-06-18T01:47:54","guid":{"rendered":"http:\/\/losperiodistas.com.mx\/portal\/?p=77153"},"modified":"2024-06-17T20:47:56","modified_gmt":"2024-06-18T01:47:56","slug":"la-casa-del-dragon-la-desgarradora-decision-de-la-reina-helaena","status":"publish","type":"post","link":"https:\/\/losperiodistas.com.mx\/portal\/la-casa-del-dragon-la-desgarradora-decision-de-la-reina-helaena\/","title":{"rendered":"La Casa del Drag\u00f3n: la desgarradora decisi\u00f3n de la reina Helaena | Vanityfair"},"content":{"rendered":"\n<p>La actriz Phia Saban nos regala una conversaci\u00f3n repleta de <em>spoilers<\/em> sobre la escena m\u00e1s desgarradora de Helaena.<\/p>\n\n\n\n<figure class=\"wp-block-image size-large\"><img fetchpriority=\"high\" decoding=\"async\" width=\"1024\" height=\"570\" src=\"https:\/\/losperiodistas.com.mx\/portal\/wp-content\/uploads\/2024\/06\/Captura-de-pantalla-2024-06-17-193809-1024x570.png\" alt=\"Ollie Upton\" class=\"wp-image-77154\" srcset=\"https:\/\/losperiodistas.com.mx\/portal\/wp-content\/uploads\/2024\/06\/Captura-de-pantalla-2024-06-17-193809-1024x570.png 1024w, https:\/\/losperiodistas.com.mx\/portal\/wp-content\/uploads\/2024\/06\/Captura-de-pantalla-2024-06-17-193809-300x167.png 300w, https:\/\/losperiodistas.com.mx\/portal\/wp-content\/uploads\/2024\/06\/Captura-de-pantalla-2024-06-17-193809-768x427.png 768w, https:\/\/losperiodistas.com.mx\/portal\/wp-content\/uploads\/2024\/06\/Captura-de-pantalla-2024-06-17-193809.png 1296w\" sizes=\"(max-width: 1024px) 100vw, 1024px\" \/><figcaption>Ollie Upton\/HBO<\/figcaption><\/figure>\n\n\n\n<p class=\"has-vivid-red-color has-text-color\">Chris Murphy \/ Vanityfair<\/p>\n\n\n\n<p>El heredero al trono ha muerto. En el episodio de estreno de la segunda temporada de <em>La Casa del Drag\u00f3n<\/em>, la precuela de <em>Juego de Tronos<\/em> de HBO basada en el libro de <strong>George R.R. Martin<\/strong> <em>Fuego y Sangre,<\/em> el conflicto entre las familias de la reina Rhaenyra Targaryen (<strong>Emma D&#8217;Arcy<\/strong>) y la reina viuda Alicent Hightower (<strong>Olivia Cooke<\/strong>), amigas y ahora rivales, da un giro devastador cuando el nieto de Alicent es asesinado en plena noche.<\/p>\n\n\n\n<p>Aunque han pasado casi dos a\u00f1os desde el final de la primera temporada de <em>La Casa del Drag\u00f3n<\/em>, el estreno de la segunda temporada, <em>Hijo por hijo<\/em>, se sit\u00faa inmediatamente despu\u00e9s de la muerte del hijo de Rhaenyra, Lucerys, a manos del hijo mediano tuerto de Alicent, Aemond Targaryen (<strong>Ewan Mitchell<\/strong>). En lugar de vengarse r\u00e1pidamente, Rhaenyra se toma su tiempo para llorar la p\u00e9rdida de su hijo en Rocadrag\u00f3n. Pero su t\u00edo y marido, Daemon Targaryen (<strong>Matt Smith<\/strong>), se da a la fuga y contrata a un asesino (Sangre) y a un cazador de ratas (Queso) para infiltrarse en Desembarco del Rey.<\/p>\n\n\n\n<p>Daemon contrata a Sangre y Queso para asesinar a Aemond, pero cuando consiguen penetrar en los muros del palacio, se topan con la reina Helaena (<strong>Phia Saban<\/strong>) y sus hijos: la princesa Jaehaera y el pr\u00edncipe Jaehaerys, el heredero var\u00f3n del trono de su padre, el rey Aegon (<strong>Tom Glynn-Carney<\/strong>). En una escena demoledora, la reina Helaena debe elegir a cu\u00e1l de sus hijos sacrificar.<\/p>\n\n\n\n<p>Ella se\u00f1ala a su hijo peque\u00f1o, a quien le espera un final espantoso y prematuro, mientras escapa con Jaehaerya en sus brazos. El episodio termina con Helaena irrumpiendo en el dormitorio de Alicent mientras su madre mantiene relaciones coitales con el lord comandante de la Guardia Real, Ser Criston Cole (Fabien Frankel). Una vez all\u00ed, pronuncia una frase escalofriante: \u00abHan matado al ni\u00f1o\u00bb.<\/p>\n\n\n\n<p>En <em>Fuego y Sangre,<\/em> seg\u00fan cuenta la periodista de <em>Vanity Fair<\/em> Busis, el final del pr\u00edncipe Jaehaerys es a\u00fan peor que en <em>La Casa del Drag\u00f3n.<\/em> \u201cEn la versi\u00f3n del libro, Helaena tiene tres hijos: un hijo mayor, un hijo menor y una hija\u00bb, se\u00f1ala Busis. \u201cLe hacen elegir a cu\u00e1l de sus hijos matar\u00e1n. Ella se\u00f1ala al m\u00e1s joven, y entonces le dicen: \u2018Tu madre te quiere muerto\u2019, y matan al hermano mayor\u201d.<\/p>\n\n\n\n<p>Saban nos habla del dram\u00e1tico estreno de la temporada. \u00abNo he le\u00eddo <em>Fuego y Sangre<\/em>\u00ab, reconoce. \u00abLo compr\u00e9 y no lo le\u00ed. Me lo llev\u00e9 de vacaciones y lo dej\u00e9 al sol y se me cayeron todas las p\u00e1ginas\u00bb. A\u00fan as\u00ed, Saban ya sab\u00eda la decisi\u00f3n imposible que Helaena iba a tener que tomar. \u00abEs curioso, cuando le dices a la gente que interpretas el papel de Helaena, se limitan a decirte: &#8216;\u00bfSab\u00edas que&#8230;? bla, bla, bla\u00bb, cuenta. \u00abMe lo han contado much\u00edsimas veces\u201d.<\/p>\n\n\n\n<p>\u201cMe pregunto qu\u00e9 es m\u00e1s desgarrador\u00bb, contin\u00faa Saban. \u00abLa traici\u00f3n que tiene lugar o que ella diga la verdad y luego, por sus palabras, que lo hagan. Supongo que depende\u201d.<\/p>\n\n\n\n<p>Se pod\u00eda imaginar que ser\u00eda una escena dif\u00edcil de asumir para un actor. Por suerte, Saban dice que los actores que interpretan a Sangre y Queso eran \u00absimplemente encantadores\u00bb, lo que facilit\u00f3 un poco el proceso. \u201cIntentaba no pensar demasiado en c\u00f3mo iba a construirlo. C\u00f3mo hacerlo grande\u201d. Saban le\u00eda poes\u00eda antes de rodar para entrar en el estado mental adecuado. \u00abMe met\u00eda en una zona para emocionarme y tambi\u00e9n para no aislarme, porque puede llegar a ser muy pesado e intenso\u201d.<\/p>\n\n\n\n<p>\u201cEs una especie de acto de equilibrio\u00bb, a\u00f1ade Saban. \u00abProbablemente ha sido la mayor presi\u00f3n a la que me he sometido nunca\u201d.<\/p>\n\n\n\n<p>\u00bfQui\u00e9n ser\u00e1 la pr\u00f3xima v\u00edctima de este derramamiento de sangre sin sentido? \u00bfA qui\u00e9n culpar\u00e1n de la muerte del pr\u00edncipe Jaehaerys? \u00bfQui\u00e9n terminar\u00e1 la temporada en lo alto del Trono de Hierro?<\/p>\n\n\n\n<p>Fuente: <a href=\"https:\/\/www.revistavanityfair.es\/articulos\/la-casa-del-dragon-reina-helaena-primer-capitulo\" target=\"_blank\" rel=\"noreferrer noopener\">Vanityfair<\/a><\/p>\n","protected":false},"excerpt":{"rendered":"<p>La actriz Phia Saban nos regala una conversaci\u00f3n repleta de spoilers sobre la escena m\u00e1s desgarradora de Helaena.<\/p>\n","protected":false},"author":1,"featured_media":77154,"comment_status":"open","ping_status":"open","sticky":false,"template":"","format":"standard","meta":{"site-sidebar-layout":"default","site-content-layout":"","ast-site-content-layout":"default","site-content-style":"default","site-sidebar-style":"default","ast-global-header-display":"","ast-banner-title-visibility":"","ast-main-header-display":"","ast-hfb-above-header-display":"","ast-hfb-below-header-display":"","ast-hfb-mobile-header-display":"","site-post-title":"","ast-breadcrumbs-content":"","ast-featured-img":"","footer-sml-layout":"","theme-transparent-header-meta":"","adv-header-id-meta":"","stick-header-meta":"","header-above-stick-meta":"","header-main-stick-meta":"","header-below-stick-meta":"","astra-migrate-meta-layouts":"default","ast-page-background-enabled":"default","ast-page-background-meta":{"desktop":{"background-color":"var(--ast-global-color-4)","background-image":"","background-repeat":"repeat","background-position":"center center","background-size":"auto","background-attachment":"scroll","background-type":"","background-media":"","overlay-type":"","overlay-color":"","overlay-opacity":"","overlay-gradient":""},"tablet":{"background-color":"","background-image":"","background-repeat":"repeat","background-position":"center center","background-size":"auto","background-attachment":"scroll","background-type":"","background-media":"","overlay-type":"","overlay-color":"","overlay-opacity":"","overlay-gradient":""},"mobile":{"background-color":"","background-image":"","background-repeat":"repeat","background-position":"center center","background-size":"auto","background-attachment":"scroll","background-type":"","background-media":"","overlay-type":"","overlay-color":"","overlay-opacity":"","overlay-gradient":""}},"ast-content-background-meta":{"desktop":{"background-color":"var(--ast-global-color-5)","background-image":"","background-repeat":"repeat","background-position":"center center","background-size":"auto","background-attachment":"scroll","background-type":"","background-media":"","overlay-type":"","overlay-color":"","overlay-opacity":"","overlay-gradient":""},"tablet":{"background-color":"var(--ast-global-color-5)","background-image":"","background-repeat":"repeat","background-position":"center center","background-size":"auto","background-attachment":"scroll","background-type":"","background-media":"","overlay-type":"","overlay-color":"","overlay-opacity":"","overlay-gradient":""},"mobile":{"background-color":"var(--ast-global-color-5)","background-image":"","background-repeat":"repeat","background-position":"center center","background-size":"auto","background-attachment":"scroll","background-type":"","background-media":"","overlay-type":"","overlay-color":"","overlay-opacity":"","overlay-gradient":""}},"footnotes":""},"categories":[8],"tags":[11687,12059,26297,26298,26300,26299],"class_list":["post-77153","post","type-post","status-publish","format-standard","has-post-thumbnail","hentry","category-noticias","tag-hbo","tag-la-casa-del-dragon","tag-phia-saban","tag-reina-helaena","tag-series","tag-spoiler-alert"],"_links":{"self":[{"href":"https:\/\/losperiodistas.com.mx\/portal\/wp-json\/wp\/v2\/posts\/77153","targetHints":{"allow":["GET"]}}],"collection":[{"href":"https:\/\/losperiodistas.com.mx\/portal\/wp-json\/wp\/v2\/posts"}],"about":[{"href":"https:\/\/losperiodistas.com.mx\/portal\/wp-json\/wp\/v2\/types\/post"}],"author":[{"embeddable":true,"href":"https:\/\/losperiodistas.com.mx\/portal\/wp-json\/wp\/v2\/users\/1"}],"replies":[{"embeddable":true,"href":"https:\/\/losperiodistas.com.mx\/portal\/wp-json\/wp\/v2\/comments?post=77153"}],"version-history":[{"count":1,"href":"https:\/\/losperiodistas.com.mx\/portal\/wp-json\/wp\/v2\/posts\/77153\/revisions"}],"predecessor-version":[{"id":77155,"href":"https:\/\/losperiodistas.com.mx\/portal\/wp-json\/wp\/v2\/posts\/77153\/revisions\/77155"}],"wp:featuredmedia":[{"embeddable":true,"href":"https:\/\/losperiodistas.com.mx\/portal\/wp-json\/wp\/v2\/media\/77154"}],"wp:attachment":[{"href":"https:\/\/losperiodistas.com.mx\/portal\/wp-json\/wp\/v2\/media?parent=77153"}],"wp:term":[{"taxonomy":"category","embeddable":true,"href":"https:\/\/losperiodistas.com.mx\/portal\/wp-json\/wp\/v2\/categories?post=77153"},{"taxonomy":"post_tag","embeddable":true,"href":"https:\/\/losperiodistas.com.mx\/portal\/wp-json\/wp\/v2\/tags?post=77153"}],"curies":[{"name":"wp","href":"https:\/\/api.w.org\/{rel}","templated":true}]}}