{"id":77150,"date":"2024-06-17T20:17:48","date_gmt":"2024-06-18T01:17:48","guid":{"rendered":"http:\/\/losperiodistas.com.mx\/portal\/?p=77150"},"modified":"2024-06-17T20:17:50","modified_gmt":"2024-06-18T01:17:50","slug":"entro-en-vigor-reforma-a-ley-de-amparo-inician-30-dias-para-impugnarla","status":"publish","type":"post","link":"https:\/\/losperiodistas.com.mx\/portal\/entro-en-vigor-reforma-a-ley-de-amparo-inician-30-dias-para-impugnarla\/","title":{"rendered":"Entr\u00f3 en vigor reforma a la Ley de Amparo, inician los 30 d\u00edas h\u00e1biles para impugnarla | Proceso"},"content":{"rendered":"\n<p><strong>La reforma busca prohibir que los jueces concedan suspensiones contra leyes de aplicaci\u00f3n general para beneficiar a todos.<\/strong><\/p>\n\n\n\n<figure class=\"wp-block-image size-large\"><img fetchpriority=\"high\" decoding=\"async\" width=\"1024\" height=\"653\" src=\"https:\/\/losperiodistas.com.mx\/portal\/wp-content\/uploads\/2024\/06\/Captura-de-pantalla-2024-06-17-190759-1024x653.png\" alt=\"Reforma a la Ley de Amparo\" class=\"wp-image-77151\" srcset=\"https:\/\/losperiodistas.com.mx\/portal\/wp-content\/uploads\/2024\/06\/Captura-de-pantalla-2024-06-17-190759-1024x653.png 1024w, https:\/\/losperiodistas.com.mx\/portal\/wp-content\/uploads\/2024\/06\/Captura-de-pantalla-2024-06-17-190759-300x191.png 300w, https:\/\/losperiodistas.com.mx\/portal\/wp-content\/uploads\/2024\/06\/Captura-de-pantalla-2024-06-17-190759-768x489.png 768w, https:\/\/losperiodistas.com.mx\/portal\/wp-content\/uploads\/2024\/06\/Captura-de-pantalla-2024-06-17-190759.png 1202w\" sizes=\"(max-width: 1024px) 100vw, 1024px\" \/><figcaption>Reforma a la Ley de Amparo. Foto: Senado de la Rep\u00fablica<\/figcaption><\/figure>\n\n\n\n<p class=\"has-vivid-red-color has-text-color\">Redacci\u00f3n \/ Proceso<\/p>\n\n\n\n<p>Este 15 de junio entr\u00f3 en vigor la reforma a la Ley de Amparo que impide a los jueces frenar provisionalmente la entrada en vigor de reformas o leyes de aplicaci\u00f3n general.<\/p>\n\n\n\n<p>De acuerdo a lo establecido, el Decreto entra en vigor un d\u00eda despu\u00e9s de su publicaci\u00f3n en el Diario Oficial de la Federaci\u00f3n (DOF), por lo que a partir del s\u00e1bado tambi\u00e9n inici\u00f3 el periodo de 30 d\u00edas h\u00e1biles para que se pueda impugnar la reforma ante la Suprema Corte de Justicia de la Naci\u00f3n (SCJN).<\/p>\n\n\n\n<p>El Decreto que informa sobre la modificaci\u00f3n de los art\u00edculos 129 y 148 de la Ley de Amparo, Reglamentaria de los Art\u00edculos 103 y 107 de la Constituci\u00f3n en materia de suspensi\u00f3n del acto reclamado e inconstitucionalidad de normas generales se public\u00f3 en la edici\u00f3n vespertina del DOF el viernes 14 de junio.<\/p>\n\n\n\n<p>La reforma busca prohibir que los jueces concedan suspensiones contra leyes de aplicaci\u00f3n general para beneficiar a todos, por lo que s\u00f3lo podr\u00e1n conceder las medidas con efectos favorables a quienes piden el amparo, lo que representa el principio de relatividad, el cual establece que las sentencias de amparo s\u00f3lo tendr\u00e1n efectos para la persona o personas que promovieron el juicio.<\/p>\n\n\n\n<p>Fuente: <a href=\"https:\/\/www.proceso.com.mx\/nacional\/2024\/6\/17\/entro-en-vigor-reforma-la-ley-de-amparo-inician-los-30-dias-habiles-para-impugnarla-331183.html\" target=\"_blank\" rel=\"noreferrer noopener\">Proceso<\/a><\/p>\n","protected":false},"excerpt":{"rendered":"<p>La reforma busca prohibir que los jueces concedan suspensiones contra leyes de aplicaci\u00f3n general para beneficiar a todos.<\/p>\n","protected":false},"author":1,"featured_media":77151,"comment_status":"open","ping_status":"open","sticky":false,"template":"","format":"standard","meta":{"site-sidebar-layout":"default","site-content-layout":"","ast-site-content-layout":"default","site-content-style":"default","site-sidebar-style":"default","ast-global-header-display":"","ast-banner-title-visibility":"","ast-main-header-display":"","ast-hfb-above-header-display":"","ast-hfb-below-header-display":"","ast-hfb-mobile-header-display":"","site-post-title":"","ast-breadcrumbs-content":"","ast-featured-img":"","footer-sml-layout":"","theme-transparent-header-meta":"","adv-header-id-meta":"","stick-header-meta":"","header-above-stick-meta":"","header-main-stick-meta":"","header-below-stick-meta":"","astra-migrate-meta-layouts":"default","ast-page-background-enabled":"default","ast-page-background-meta":{"desktop":{"background-color":"var(--ast-global-color-4)","background-image":"","background-repeat":"repeat","background-position":"center center","background-size":"auto","background-attachment":"scroll","background-type":"","background-media":"","overlay-type":"","overlay-color":"","overlay-opacity":"","overlay-gradient":""},"tablet":{"background-color":"","background-image":"","background-repeat":"repeat","background-position":"center center","background-size":"auto","background-attachment":"scroll","background-type":"","background-media":"","overlay-type":"","overlay-color":"","overlay-opacity":"","overlay-gradient":""},"mobile":{"background-color":"","background-image":"","background-repeat":"repeat","background-position":"center center","background-size":"auto","background-attachment":"scroll","background-type":"","background-media":"","overlay-type":"","overlay-color":"","overlay-opacity":"","overlay-gradient":""}},"ast-content-background-meta":{"desktop":{"background-color":"var(--ast-global-color-5)","background-image":"","background-repeat":"repeat","background-position":"center center","background-size":"auto","background-attachment":"scroll","background-type":"","background-media":"","overlay-type":"","overlay-color":"","overlay-opacity":"","overlay-gradient":""},"tablet":{"background-color":"var(--ast-global-color-5)","background-image":"","background-repeat":"repeat","background-position":"center center","background-size":"auto","background-attachment":"scroll","background-type":"","background-media":"","overlay-type":"","overlay-color":"","overlay-opacity":"","overlay-gradient":""},"mobile":{"background-color":"var(--ast-global-color-5)","background-image":"","background-repeat":"repeat","background-position":"center center","background-size":"auto","background-attachment":"scroll","background-type":"","background-media":"","overlay-type":"","overlay-color":"","overlay-opacity":"","overlay-gradient":""}},"footnotes":""},"categories":[8],"tags":[13399,26296,1136],"class_list":["post-77150","post","type-post","status-publish","format-standard","has-post-thumbnail","hentry","category-noticias","tag-dof","tag-ley-de-amparo","tag-scjn"],"_links":{"self":[{"href":"https:\/\/losperiodistas.com.mx\/portal\/wp-json\/wp\/v2\/posts\/77150","targetHints":{"allow":["GET"]}}],"collection":[{"href":"https:\/\/losperiodistas.com.mx\/portal\/wp-json\/wp\/v2\/posts"}],"about":[{"href":"https:\/\/losperiodistas.com.mx\/portal\/wp-json\/wp\/v2\/types\/post"}],"author":[{"embeddable":true,"href":"https:\/\/losperiodistas.com.mx\/portal\/wp-json\/wp\/v2\/users\/1"}],"replies":[{"embeddable":true,"href":"https:\/\/losperiodistas.com.mx\/portal\/wp-json\/wp\/v2\/comments?post=77150"}],"version-history":[{"count":1,"href":"https:\/\/losperiodistas.com.mx\/portal\/wp-json\/wp\/v2\/posts\/77150\/revisions"}],"predecessor-version":[{"id":77152,"href":"https:\/\/losperiodistas.com.mx\/portal\/wp-json\/wp\/v2\/posts\/77150\/revisions\/77152"}],"wp:featuredmedia":[{"embeddable":true,"href":"https:\/\/losperiodistas.com.mx\/portal\/wp-json\/wp\/v2\/media\/77151"}],"wp:attachment":[{"href":"https:\/\/losperiodistas.com.mx\/portal\/wp-json\/wp\/v2\/media?parent=77150"}],"wp:term":[{"taxonomy":"category","embeddable":true,"href":"https:\/\/losperiodistas.com.mx\/portal\/wp-json\/wp\/v2\/categories?post=77150"},{"taxonomy":"post_tag","embeddable":true,"href":"https:\/\/losperiodistas.com.mx\/portal\/wp-json\/wp\/v2\/tags?post=77150"}],"curies":[{"name":"wp","href":"https:\/\/api.w.org\/{rel}","templated":true}]}}