{"id":77109,"date":"2024-06-17T07:52:12","date_gmt":"2024-06-17T12:52:12","guid":{"rendered":"https:\/\/losperiodistas.com.mx\/portal\/?p=77109"},"modified":"2024-06-17T07:52:14","modified_gmt":"2024-06-17T12:52:14","slug":"dolor-zozobra-y-soledad-el-drama-de-los-periodistas-perseguidos-en-mexico-el-pais","status":"publish","type":"post","link":"https:\/\/losperiodistas.com.mx\/portal\/dolor-zozobra-y-soledad-el-drama-de-los-periodistas-perseguidos-en-mexico-el-pais\/","title":{"rendered":"Dolor, zozobra y soledad: el drama de los periodistas perseguidos en M\u00e9xico | El Pa\u00eds"},"content":{"rendered":"\n<h2 class=\"wp-block-heading\">El documental \u2018Estado de silencio\u2019, presentado en el Festival de Cine de Guadalajara, muestra la crudeza del oficio en el pa\u00eds, uno de los m\u00e1s letales del mundo para ser reportero<\/h2>\n\n\n\n<figure class=\"wp-block-image size-large\"><img fetchpriority=\"high\" decoding=\"async\" width=\"1024\" height=\"575\" src=\"https:\/\/losperiodistas.com.mx\/portal\/wp-content\/uploads\/2024\/06\/Captura-de-Pantalla-2024-06-17-a-las-6.26.01-1024x575.jpg\" alt=\"\" class=\"wp-image-77110\" srcset=\"https:\/\/losperiodistas.com.mx\/portal\/wp-content\/uploads\/2024\/06\/Captura-de-Pantalla-2024-06-17-a-las-6.26.01-1024x575.jpg 1024w, https:\/\/losperiodistas.com.mx\/portal\/wp-content\/uploads\/2024\/06\/Captura-de-Pantalla-2024-06-17-a-las-6.26.01-300x169.jpg 300w, https:\/\/losperiodistas.com.mx\/portal\/wp-content\/uploads\/2024\/06\/Captura-de-Pantalla-2024-06-17-a-las-6.26.01-768x431.jpg 768w, https:\/\/losperiodistas.com.mx\/portal\/wp-content\/uploads\/2024\/06\/Captura-de-Pantalla-2024-06-17-a-las-6.26.01-1536x863.jpg 1536w, https:\/\/losperiodistas.com.mx\/portal\/wp-content\/uploads\/2024\/06\/Captura-de-Pantalla-2024-06-17-a-las-6.26.01-2048x1150.jpg 2048w\" sizes=\"(max-width: 1024px) 100vw, 1024px\" \/><figcaption>Imagen del documental \u2018Estado de silencio\u2019, dirigido por Santiago Maza.LA CORRIENTE DEL GOLFO<\/figcaption><\/figure>\n\n\n\n<p>Antonio Ortu\u00f1o \/ El Pa\u00eds<\/p>\n\n\n\n<p>\u201cYo s\u00e9 que hay mucho miedo, pero la rebeld\u00eda sigue en mi coraz\u00f3n\u201d. Eso dice Mar\u00eda de Jes\u00fas, periodista chiapaneca perseguida, quien volvi\u00f3 a M\u00e9xico hace unos meses, luego de un exilio forzado en los Estados Unidos.&nbsp;<a href=\"https:\/\/elpais.com\/mexico\/2024-02-28\/asesinatos-intimidacion-y-acoso-judicial-mexico-esta-entre-los-paises-mas-violentos-para-los-periodistas.html\">La prensa en el pa\u00eds est\u00e1 bajo asalto<\/a>. Lleva a\u00f1os as\u00ed. Las cifras son conocidas, pero siempre habr\u00e1 quien intente minimizarlas. Seg\u00fan datos de la organizaci\u00f3n internacional Art\u00edculo 19, dedicada a defender la libertad de expresi\u00f3n, 164 periodistas han sido asesinados en M\u00e9xico desde el a\u00f1o 2000, 44 de ellos en el sexenio del actual mandatario, Andr\u00e9s Manuel L\u00f3pez Obrador. N\u00famero, por cierto, muy similar a los registrados en los periodos de Enrique Pe\u00f1a Nieto (47) y Felipe Calder\u00f3n (48). En el mismo periodo se han documentado m\u00e1s de 600 agresiones de todo tipo, seg\u00fan la Comisi\u00f3n Nacional de Derechos Humanos.<\/p>\n\n\n\n<p>\u201cYo eleg\u00ed ser periodista en Sinaloa y todos los d\u00edas salgo de mi trabajo pensando que quiero una vida mejor para m\u00ed y para mi familia\u201d. Esto dice Marcos, quien comenz\u00f3 a ser reconocido en el resto del pa\u00eds por haber puesto en riesgo su vida al cubrir&nbsp;<a href=\"https:\/\/elpais.com\/mexico\/2023-01-05\/los-dos-jueves-negros-de-ovidio-guzman.html\">el<em>&nbsp;culiacanazo<\/em><\/a>. M\u00e9xico se ha mantenido consistentemente como uno de los pa\u00edses m\u00e1s peligrosos del mundo para ejercer el periodismo, en una escala similar a regiones en pleno conflicto armado, como Siria, Ucrania o Palestina. Porque las agresiones pueden alcanzar el homicidio, s\u00ed, pero incluyen adem\u00e1s las amenazas, el hostigamiento y el desplazamiento forzado. Existe desde 2012 un mecanismo oficial de protecci\u00f3n a defensores de los derechos humanos y periodistas, operado por la Secretar\u00eda de Gobernaci\u00f3n, pero fuera de algunos casos puntuales no parece haber marcado una diferencia en el tema. La violencia contra la prensa, en especial contra la independiente y la que trabaja desde fuera de las grandes capitales, sigue adelante, como si nada.<\/p>\n\n\n\n<p>\u201cEl periodismo debe incomodar, el periodismo no es para aplaudir, el periodismo no es para echar flores [\u2026], debe causar algo en la gente. Si no, no se est\u00e1 haciendo bien\u201d. Eso dice Jes\u00fas, reportero morelense de radios comunitarias, especializado en medio ambiente, quien ha visto ser asesinados a defensores del territorio con los que trabajaba estrechamente. Alrededor de los cr\u00edmenes y las presiones (am\u00e9n de la depauperaci\u00f3n en las condiciones de los trabajadores) se da un juego muy perverso. La clase pol\u00edtica en general, desde los mandatarios hasta el \u00faltimo de los alcaldes, pasando por funcionarios de todos los niveles, se complace en increpar a los periodistas y en culparlos de los males que sus administraciones no pueden o quieren resolver, mientras los grupos criminales (o lo que llamamos \u201cgrupos criminales\u201d en un escenario en que las l\u00edneas que los separan del poder institucional y empresarial resultan muy porosas) act\u00faan en una impunidad casi total, que alcanza el 99 por ciento de los casos. Y, mientras la prensa es perseguida, acosada, arrinconada, expulsada y muerta, cunde el silencio. Pocos, fuera los propios medios, hablan de esta campa\u00f1a de mutismo forzoso. Los funcionarios m\u00e1s locuaces se vuelven lac\u00f3nicos o burlones cuando se trata de condenar la violencia contra los periodistas. Y la sociedad, las sociedades que conforman M\u00e9xico, se ocupan en la supervivencia diaria y voltean a otra parte, acaso convencidas por los infundios de los pol\u00edticos de que las v\u00edctimas \u201cse lo estaban buscando\u201d.<\/p>\n\n\n\n<p>\u201cHay momentos en que me r\u00edo, otros que lloro. Tengo momentos en que me veo como un pendejo. Otros, como alguien que no sabe d\u00f3nde va. He llegado a pensar que no vale la pena [\u2026] pero creo que se puede hacer mucho por tratar de cambiar la mentalidad de nuestra sociedad, que no sea tan ap\u00e1tica, que vea y que analice bien la situaci\u00f3n, que exija\u201d. Eso dice Juan de Dios, quien tuvo que exiliarse por las amenazas de c\u00e1rteles y grupos contra su trabajo en Quadrat\u00edn Chiapas. \u00bfC\u00f3mo dimensionar esta violencia, c\u00f3mo ponerla en la mesa de discusi\u00f3n? Hay una reciente y poderosa apuesta al respecto.&nbsp;<em>Estado de silencio<\/em>&nbsp;es un documental, dirigido por Santiago Maza, y producido por La Corriente del Golfo, que aborda las historias de un grupo de periodistas mexicanos que han sido y a\u00fan son acosados y perseguidos.<\/p>\n\n\n\n<p>El documental se estren\u00f3, la semana pasada, en el Festival de Tribeca (Nueva York), en Londres y en&nbsp;<a href=\"https:\/\/elpais.com\/mexico\/2024-06-16\/no-nos-moveran-elegida-mejor-pelicula-en-el-festival-de-cine-de-guadalajara.html\">el Festival Internacional de Cine de Guadalajara<\/a>. No fue sencillo el camino para llegar a las pantallas. Ni siquiera estar impulsado por dos de las estrellas de cine mexicanas m\u00e1s reconocidas del planeta, los actores Diego Luna y Gael Garc\u00eda Bernal (productores ejecutivos, junto al periodista holand\u00e9s Joris Debeij), consigui\u00f3 que los inversionistas aceptaran sumarse al proyecto. El tema de la libertad de prensa levanta demasiadas dudas en esta \u00e9poca de persecuciones gubernamentales, odio pol\u00edtico y&nbsp;<em>fake news<\/em>&nbsp;diarias y ma\u00f1aneras.<\/p>\n\n\n\n<p>El documental, sin embargo, se complet\u00f3 y estren\u00f3 y no solo es que valga la pena verlo: se dir\u00eda que es de revisi\u00f3n obligada. Formalmente es impecable, con un ritmo que va de lo avasallador a lo \u00edntimo y reposado. Hay numerosos testimonios de especialistas en el tema, de periodistas veteranos y opinadores de gran nivel, pero el foco se centra en las historias de vida del sinaloense Marcos Vizcarra, el morelense Jes\u00fas Medina y los chiapanecos (y esposos) Mar\u00eda de Jes\u00fas Peters Pino y Juan de Dios Garc\u00eda Davish. Hay un hilo com\u00fan entre todos: se trata, como ya se ha dicho, de periodistas ajenos a las grandes capitales, quienes se han convertido en blanco de agresiones al cubrir temas que afectan a sus comunidades, ya sean la violencia criminal en Sinaloa o Chiapas, o la lucha por la conservaci\u00f3n del territorio y los recursos en Morelos. Las consecuencias son evidentes: Juan de Dios, Mar\u00eda y Jes\u00fas tuvieron que dejar sus lugares de residencia ante las repetidas amenazas a sus vidas. Marcos, por su lado, se ha encontrado atrapado en episodios de violencia, y a merced de criminales armados.<\/p>\n\n\n\n<p>A trav\u00e9s de charlas con los protagonistas, que se extienden a trav\u00e9s del tiempo y los acompa\u00f1an en sus peregrinajes para defenderse y seguir con su trabajo, o en su intento por sobrevivir, el documental no se queda en la denuncia abstracta, sino que aterriza el dolor, la zozobra y la soledad de cientos de periodistas en los problemas concretos del grupo. Hay una agradecible sensibilidad del director para captar a los personajes no solo en la trinchera y el riesgo, no solo en sus l\u00facidas reflexiones sobre la importancia social de su trabajo, sino tras bambalinas, en su vida privada, agobiados por su destino y el de sus parejas, hijos, familias.<\/p>\n\n\n\n<p>Otra agudeza consiste en mostrar la indiferencia e hipocres\u00eda que han esgrimido quienes mandan en el Estado mexicano a trav\u00e9s de los a\u00f1os. Basta colocar las palabras directas y los gestos reales de los l\u00edderes pol\u00edticos, sin editorializar, y contrastarlos con los testimonios de los perseguidos y de los deudos de los asesinados (se presentan, por ejemplo, unas breves y emotivas intervenciones de Griselda Triana, la viuda de Javier Vald\u00e9s) para revelar las grietas inmensas y la malicia del discurso oficial. Porque cambia el color del partido de los gobernantes, s\u00ed, pero la campa\u00f1a del poder contra la verdad no se apaga.<\/p>\n\n\n\n<p><em>Estado de silencio<\/em>\u00a0pone un reflector en torno a la violencia contra los periodistas y el ataque que representa contra nuestras libertades. Nos toca a nosotros verlo y escucharlo, y, sobre todo, verlos y escucharlos a ellos, a los reporteros que se juegan la vida. Y recordar que, aunque los pol\u00edticos digan otra cosa, se la juegan por nosotros.<\/p>\n\n\n\n<p>Fuente: <a href=\"https:\/\/elpais.com\/mexico\/2024-06-17\/dolor-zozobra-y-soledad-el-drama-de-los-periodistas-perseguidos-en-mexico.html\">https:\/\/elpais.com\/mexico\/2024-06-17\/dolor-zozobra-y-soledad-el-drama-de-los-periodistas-perseguidos-en-mexico.html<\/a><\/p>\n","protected":false},"excerpt":{"rendered":"<p>El documental \u2018Estado de silencio\u2019, presentado en el Festival de Cine de Guadalajara, muestra la crudeza del oficio en el [&hellip;]<\/p>\n","protected":false},"author":1,"featured_media":77110,"comment_status":"open","ping_status":"open","sticky":false,"template":"","format":"standard","meta":{"site-sidebar-layout":"default","site-content-layout":"","ast-site-content-layout":"default","site-content-style":"default","site-sidebar-style":"default","ast-global-header-display":"","ast-banner-title-visibility":"","ast-main-header-display":"","ast-hfb-above-header-display":"","ast-hfb-below-header-display":"","ast-hfb-mobile-header-display":"","site-post-title":"","ast-breadcrumbs-content":"","ast-featured-img":"","footer-sml-layout":"","theme-transparent-header-meta":"","adv-header-id-meta":"","stick-header-meta":"","header-above-stick-meta":"","header-main-stick-meta":"","header-below-stick-meta":"","astra-migrate-meta-layouts":"default","ast-page-background-enabled":"default","ast-page-background-meta":{"desktop":{"background-color":"var(--ast-global-color-4)","background-image":"","background-repeat":"repeat","background-position":"center center","background-size":"auto","background-attachment":"scroll","background-type":"","background-media":"","overlay-type":"","overlay-color":"","overlay-opacity":"","overlay-gradient":""},"tablet":{"background-color":"","background-image":"","background-repeat":"repeat","background-position":"center center","background-size":"auto","background-attachment":"scroll","background-type":"","background-media":"","overlay-type":"","overlay-color":"","overlay-opacity":"","overlay-gradient":""},"mobile":{"background-color":"","background-image":"","background-repeat":"repeat","background-position":"center center","background-size":"auto","background-attachment":"scroll","background-type":"","background-media":"","overlay-type":"","overlay-color":"","overlay-opacity":"","overlay-gradient":""}},"ast-content-background-meta":{"desktop":{"background-color":"var(--ast-global-color-5)","background-image":"","background-repeat":"repeat","background-position":"center center","background-size":"auto","background-attachment":"scroll","background-type":"","background-media":"","overlay-type":"","overlay-color":"","overlay-opacity":"","overlay-gradient":""},"tablet":{"background-color":"var(--ast-global-color-5)","background-image":"","background-repeat":"repeat","background-position":"center center","background-size":"auto","background-attachment":"scroll","background-type":"","background-media":"","overlay-type":"","overlay-color":"","overlay-opacity":"","overlay-gradient":""},"mobile":{"background-color":"var(--ast-global-color-5)","background-image":"","background-repeat":"repeat","background-position":"center center","background-size":"auto","background-attachment":"scroll","background-type":"","background-media":"","overlay-type":"","overlay-color":"","overlay-opacity":"","overlay-gradient":""}},"footnotes":""},"categories":[8],"tags":[26275,26274,5730],"class_list":["post-77109","post","type-post","status-publish","format-standard","has-post-thumbnail","hentry","category-noticias","tag-documental-periodistas-perseguidos","tag-estado-de-silencio","tag-libertad-de-expresion"],"_links":{"self":[{"href":"https:\/\/losperiodistas.com.mx\/portal\/wp-json\/wp\/v2\/posts\/77109","targetHints":{"allow":["GET"]}}],"collection":[{"href":"https:\/\/losperiodistas.com.mx\/portal\/wp-json\/wp\/v2\/posts"}],"about":[{"href":"https:\/\/losperiodistas.com.mx\/portal\/wp-json\/wp\/v2\/types\/post"}],"author":[{"embeddable":true,"href":"https:\/\/losperiodistas.com.mx\/portal\/wp-json\/wp\/v2\/users\/1"}],"replies":[{"embeddable":true,"href":"https:\/\/losperiodistas.com.mx\/portal\/wp-json\/wp\/v2\/comments?post=77109"}],"version-history":[{"count":1,"href":"https:\/\/losperiodistas.com.mx\/portal\/wp-json\/wp\/v2\/posts\/77109\/revisions"}],"predecessor-version":[{"id":77112,"href":"https:\/\/losperiodistas.com.mx\/portal\/wp-json\/wp\/v2\/posts\/77109\/revisions\/77112"}],"wp:featuredmedia":[{"embeddable":true,"href":"https:\/\/losperiodistas.com.mx\/portal\/wp-json\/wp\/v2\/media\/77110"}],"wp:attachment":[{"href":"https:\/\/losperiodistas.com.mx\/portal\/wp-json\/wp\/v2\/media?parent=77109"}],"wp:term":[{"taxonomy":"category","embeddable":true,"href":"https:\/\/losperiodistas.com.mx\/portal\/wp-json\/wp\/v2\/categories?post=77109"},{"taxonomy":"post_tag","embeddable":true,"href":"https:\/\/losperiodistas.com.mx\/portal\/wp-json\/wp\/v2\/tags?post=77109"}],"curies":[{"name":"wp","href":"https:\/\/api.w.org\/{rel}","templated":true}]}}