{"id":77106,"date":"2024-06-17T06:31:23","date_gmt":"2024-06-17T11:31:23","guid":{"rendered":"https:\/\/losperiodistas.com.mx\/portal\/?p=77106"},"modified":"2024-06-17T06:31:25","modified_gmt":"2024-06-17T11:31:25","slug":"los-jerarcas-del-pan-no-perdonan-el-derrumbe-y-claman-la-salida-de-su-dirigente-sinembargo","status":"publish","type":"post","link":"https:\/\/losperiodistas.com.mx\/portal\/los-jerarcas-del-pan-no-perdonan-el-derrumbe-y-claman-la-salida-de-su-dirigente-sinembargo\/","title":{"rendered":"Los jerarcas del PAN no perdonan el derrumbe y claman la salida de su dirigente | SinEmbargo"},"content":{"rendered":"\n<p class=\"has-medium-font-size\"><strong>A tres meses de la transici\u00f3n de Gobierno federal y de que culmine la dirigencia de Acci\u00f3n Nacional, exgobernadores panistas piden a Marko Cort\u00e9s que renuncie luego de los p\u00e9simos resultados electorales y de evidenciarse que obstaculiz\u00f3 financieramente la campa\u00f1a de X\u00f3chitl G\u00e1lvez, a quien grit\u00f3 en m\u00e1s de una ocasi\u00f3n.<\/strong><\/p>\n\n\n\n<p><\/p>\n\n\n\n<figure class=\"wp-block-image size-large\"><img fetchpriority=\"high\" decoding=\"async\" width=\"1024\" height=\"540\" src=\"https:\/\/losperiodistas.com.mx\/portal\/wp-content\/uploads\/2024\/06\/marko-cortes-1024x540.jpg\" alt=\"\" class=\"wp-image-77107\" srcset=\"https:\/\/losperiodistas.com.mx\/portal\/wp-content\/uploads\/2024\/06\/marko-cortes-1024x540.jpg 1024w, https:\/\/losperiodistas.com.mx\/portal\/wp-content\/uploads\/2024\/06\/marko-cortes-300x158.jpg 300w, https:\/\/losperiodistas.com.mx\/portal\/wp-content\/uploads\/2024\/06\/marko-cortes-768x405.jpg 768w, https:\/\/losperiodistas.com.mx\/portal\/wp-content\/uploads\/2024\/06\/marko-cortes.jpg 1100w\" sizes=\"(max-width: 1024px) 100vw, 1024px\" \/><\/figure>\n\n\n\n<p><\/p>\n\n\n\n<p class=\"has-vivid-red-color has-text-color\"><strong>Dulce Olvera \/ SinEmbargo<\/strong><\/p>\n\n\n\n<p>Ciudad de M\u00e9xico, 16 de junio (SinEmbargo).\u2013 La debacle sufrida por\u00a0<strong>Acci\u00f3n Nacional<\/strong>\u00a0en el pasado proceso electoral ha confrontado a\u00a0<strong>Marko Cort\u00e9s Mendoza<\/strong>, el actual dirigente nacional, con los jerarcas del partido, quienes han pedido su renuncia por distintos medios, una situaci\u00f3n que se ha exacerbado con las recientes revelaciones que ha hecho la\u00a0<strong>Senadora X\u00f3chitl G\u00e1lvez Ruiz<\/strong>\u00a0y su entorno cercano sobre c\u00f3mo Cort\u00e9s acapar\u00f3 recursos y abandon\u00f3 a su candidata, a quien incluso maltrat\u00f3 por haber reconocido el triunfo de la\u00a0<strong>Presidenta electa Claudia Sheinbaum Pardo<\/strong>.<\/p>\n\n\n\n<p>Esta semana, 13 exgobernadores panistas se\u00f1alaron en un desplegado a la gesti\u00f3n de los \u201cpadroneros\u201d, el grupo de Marko Cort\u00e9s que \u201cvend\u00eda\u201d candidaturas, como los responsables de los p\u00e9simos resultados. Sin embargo, quien ya tiene asegurada una plurinominal en el Senado rechaz\u00f3 renunciar al cargo que termina hasta septiembre, como lo indican los estatutos.<\/p>\n\n\n\n<p>El primer Gobernador panista en Baja California, Ernesto Ruffo, y el exgobernador de Quer\u00e9taro ultraderechista, Ignacio Loyola, agregaron en entrevista con&nbsp;<strong>SinEmbargo<\/strong>&nbsp;que este grupo de poder \u201ccerr\u00f3\u201d al partido y, ante \u201cla descomposici\u00f3n\u201d de la oposici\u00f3n, ambos coincidieron en la urgencia de que Acci\u00f3n Nacional tome distancia del PRI, con quien hizo alianza pol\u00edtico-electoral para las elecciones de 2021 y 2024 por idea del magnate Claudio X. Gonz\u00e1lez.<\/p>\n\n\n\n<p>\u201cHa sido una descomposici\u00f3n que nos lleg\u00f3 desde que empezamos a ganar el poder y esto provoc\u00f3 que se fueran formando estas aglomeraciones de militantes controlados por \u2018padroneros\u2019, as\u00ed les llamamos a los que empiezan a vender posiciones internas a trav\u00e9s de candidaturas para la vida interna del PAN. Estos vendedores de candidaturas y posiciones se fueron presentando poco a poco y hay varios. Hoy el grupo dominante controlador es el que representa Marko Cort\u00e9s\u201d, asegur\u00f3 Ruffo.<\/p>\n\n\n\n<p>\u201cUrge que el PAN se ofrezca al inter\u00e9s p\u00fablico, no al inter\u00e9s de los grupos controladores internos\u201d, agreg\u00f3 quien participa en el Frente C\u00edvico Nacional, una de las organizaciones que conforman la Marea Rosa.<\/p>\n\n\n\n<figure class=\"wp-block-image\" id=\"attachment_4436383\"><img decoding=\"async\" src=\"https:\/\/i1.wp.com\/www.sinembargo.mx\/wp-content\/uploads\/2023\/11\/956342-conferencia-xochitl-galvez-va-por-mexico-4-web-e1705094317648.jpg?resize=700%2C369&amp;quality=80&amp;strip=all&amp;ssl=1\" alt=\"\" class=\"wp-image-4436383\"\/><figcaption>Cort\u00e9s con el dirigente priista Alejandro Moreno. Foto: Cuartoscuro.<\/figcaption><\/figure>\n\n\n\n<p><strong>SinEmbargo<\/strong>&nbsp;ha dado cuenta c\u00f3mo Marko Cort\u00e9s recibi\u00f3 en 2018 al PAN con 11 estados: Baja California, Baja California Sur, Puebla, Chihuahua, Durango, Nayarit, Aguascalientes, Tamaulipas, Guanajuato, Quer\u00e9taro y Yucat\u00e1n. Pero despu\u00e9s de la elecci\u00f3n del 2 de junio, gan\u00f3 un par de ciudades como Le\u00f3n y M\u00e9rida, pero s\u00f3lo mantiene el gobierno en cuatro entidades: Chihuahua, Guanajuato, Aguascalientes y Quer\u00e9taro. No s\u00f3lo eso, en estas entidades, X\u00f3chitl G\u00e1lvez s\u00f3lo gan\u00f3 en Aguascalientes, mientras que en Quer\u00e9taro el panismo perdi\u00f3 la mayor\u00eda en el Congreso.<\/p>\n\n\n\n<blockquote class=\"wp-block-quote is-layout-flow wp-block-quote-is-layout-flow\"><p>\u201cFallamos todos, eso es algo que no tenemos en el desplegado, pero creo que es una responsabilidad compartida de toda la militancia de Acci\u00f3n Nacional\u201d, dijo Ignacio Loyola, exgobernador de Quer\u00e9taro. \u201cTodos pudimos haber hecho algo m\u00e1s y no lo hicimos, nos confiamos y ah\u00ed est\u00e1 el resultado. Porque no alcanzamos a cubrir todas las casillas y eso es responsabilidad de la dirigencia, pero tambi\u00e9n de todos los estatales y de todos los militantes\u201d.<\/p><\/blockquote>\n\n\n\n<p>Al cuestionarle particularmente de las decisiones de Marko Cort\u00e9s, como no bajar todos los recursos a la campa\u00f1a de X\u00f3chitl o repartirse cargos en el priista Coahuila, coment\u00f3: \u201cNo tengo nada qu\u00e9 criticar. Marko pidi\u00f3 que siempre se hablara por X\u00f3chitl y yo fui a otros estados y muchos candidatos no hablaban de ella. Si falt\u00f3 (algo) fue coordinaci\u00f3n, pero eso es m\u00e1s de los estados que del presidente nacional. No es momento de hacer linchamientos ni se\u00f1alamientos de una sola persona\u201d.<video preload=\"none\" poster=\"data:image\/png;base64,iVBORw0KGgoAAAANSUhEUgAAAAEAAAABCAQAAAC1HAwCAAAAC0lEQVR42mNkYAAAAAYAAjCB0C8AAAAASUVORK5CYII=\"><\/video>El ajo hasta el final<\/p>\n\n\n\n<p>\u2014\u00bfCoincide con la idea del Diputado Jorge Romero de que Acci\u00f3n Nacional debe pausar su relaci\u00f3n con el PRI?<\/p>\n\n\n\n<p>\u2014S\u00ed, claro. En este momento las alianzas ya se acabaron. De aqu\u00ed en adelante tenemos que reconstruir Acci\u00f3n Nacional y tenemos que irnos solos \u2014respondi\u00f3 Loyola.<\/p>\n\n\n\n<figure class=\"wp-block-image\" id=\"attachment_4455439\"><img decoding=\"async\" src=\"https:\/\/i0.wp.com\/www.sinembargo.mx\/wp-content\/uploads\/2024\/01\/xochitl-galvez-y-marko-cortes.jpg?resize=700%2C370&amp;quality=80&amp;strip=all&amp;ssl=1\" alt=\"\" class=\"wp-image-4455439\"\/><figcaption>X\u00f3chitl G\u00e1lvez y Marko Cort\u00e9s se reunir\u00e1n la siguiente semana tras revelarse los gritos en el war room la madrugada del 3 de junio. Foto: Carolina Jim\u00e9nez, Cuartoscuro<\/figcaption><\/figure>\n\n\n\n<p>\u2014\u00bfCree que aliarse con el PRI tambi\u00e9n contribuy\u00f3 a los actuales resultados?<\/p>\n\n\n\n<p>\u2014Es muy variado, porque hubo estados donde a lo mejor fue en contra y otros que fue a favor. No podemos generalizar, pero en general no se vio un resultado positivo de esa alianza.<\/p>\n\n\n\n<p>Al respecto, el exgobernador de Baja California Ernesto Ruffo coment\u00f3 que estas coaliciones a veces son \u201cnada congruentes\u201d e incluso fue un gravamen para la candidatura de G\u00e1lvez.<\/p>\n\n\n\n<blockquote class=\"wp-block-quote is-layout-flow wp-block-quote-is-layout-flow\"><p>\u201cEsta motivaci\u00f3n de control de las \u00e9lites partidarias incluso fueron un contrapeso, un gravamen, a la candidatura de X\u00f3chitl G\u00e1lvez porque est\u00e1n muy desacreditados. Siempre han puesto en las posiciones electorales a personas afines que les ayudan a consolidar su poder controlador y no realmente las que mejor puedan servir al inter\u00e9s p\u00fablico\u201d, asever\u00f3.<\/p><\/blockquote>\n\n\n\n<p><strong>SUCESOR(A) DE CORT\u00c9S<\/strong><\/p>\n\n\n\n<p>Distanciado de los Calder\u00f3n, de Gustavo Madero y de otros panistas, Marko Cort\u00e9s se convirti\u00f3 en dirigente del PAN en 2018 arropado por el excandidato presidencial Ricardo Anaya, se\u00f1alado de recibir sobornos para aprobar la Reforma Energ\u00e9tica pe\u00f1ista y que regresa al Senado, y tambi\u00e9n arropado por el Diputado Jorge Romero, el cacique del panismo capitalino indagado por el c\u00e1rtel inmobiliario en la Alcald\u00eda Benito Ju\u00e1rez.<\/p>\n\n\n\n<p>En enero, a meses de la elecci\u00f3n presidencial, Cort\u00e9s reclam\u00f3 en redes sociales al Gobernador de Coahuila priista Manolo Jim\u00e9nez el romper&nbsp;un acuerdo con el PRI para repartirse cargos p\u00fablicos en Coahuila que, a su vez, les permitir\u00edan tejer redes de corrupci\u00f3n.<\/p>\n\n\n\n<p>Sobre la posibilidad de que el Diputado y cabeza de \u201cLos Ocean\u201d Jorge Romero sea el pr\u00f3ximo dirigente de Acci\u00f3n Nacional, el exgobernador Ernesto Ruffo se limit\u00f3 a decir que cuando fueron compa\u00f1eros en la C\u00e1mara de Diputados (2018-2021) observ\u00f3 c\u00f3mo hab\u00eda alrededor de \u00e9l un grupo pol\u00edtico \u201cmuy fuerte\u201d en la Ciudad de M\u00e9xico, indagado por la Fiscal\u00eda local por liderar un c\u00e1rtel inmobiliario en la Alcald\u00eda Benito Ju\u00e1rez.<\/p>\n\n\n\n<figure class=\"wp-block-image\" id=\"attachment_4456292\"><img decoding=\"async\" src=\"https:\/\/i2.wp.com\/www.sinembargo.mx\/wp-content\/uploads\/2024\/01\/marko-jorge-romero.jpg?resize=700%2C881&amp;quality=80&amp;strip=all&amp;ssl=1\" alt=\"\" class=\"wp-image-4456292\"\/><figcaption>El dirigente del PAN Marko Cort\u00e9s y el Diputado Jorge Romero. Foto: Facebook.<\/figcaption><\/figure>\n\n\n\n<p>Por su parte, el exgobernador de Quer\u00e9taro Ignacio Loyola afirm\u00f3 que los se\u00f1alamientos contra Romero de liderar un c\u00e1rtel inmobiliario s\u00f3lo son \u201cdifamaciones\u201d.<\/p>\n\n\n\n<p>\u201cHay tres opciones, Jorge Romero, Adriana D\u00e1vila y Dami\u00e1n Zepeda. Hay que esperar qu\u00e9 propuestas tienen y hay que ver qui\u00e9n puede convocar a mayor unidad en Acci\u00f3n Nacional\u201d, plante\u00f3.<\/p>\n\n\n\n<p>\u2013Sobre el Diputado Jorge Romero recaen bastantes se\u00f1alamientos\u2026<\/p>\n\n\n\n<blockquote class=\"wp-block-quote is-layout-flow wp-block-quote-is-layout-flow\"><p>\u2013Lo han se\u00f1alado muchas veces, pero no hay un solo expediente legal abierto. Son puros dichos, dimes y diretes. Eso tambi\u00e9n lo viv\u00ed cuando fui Gobernador (1997-2004), se me acus\u00f3 de muchas cosas, pero nunca legalmente. La difamaci\u00f3n tambi\u00e9n es un problema que ha ocurrido desde la Presidencia de la Rep\u00fablica y tenemos que detenerlo.<\/p><\/blockquote>\n\n\n\n<p>\u2013\u00bfEntonces conf\u00eda plenamente en Romero?<\/p>\n\n\n\n<p>\u2013Yo no conf\u00edo plenamente m\u00e1s que en Dios. Los dem\u00e1s son mis amigos, conf\u00edo en ellos, pero plenamente solamente en Dios\u2013 respondi\u00f3 Loyola.<\/p>\n\n\n\n<p>Fuente: <a href=\"https:\/\/www.sinembargo.mx\/16-06-2024\/4513908\">https:\/\/www.sinembargo.mx\/16-06-2024\/4513908<\/a><\/p>\n","protected":false},"excerpt":{"rendered":"<p>A tres meses de la transici\u00f3n de Gobierno federal y de que culmine la dirigencia de Acci\u00f3n Nacional, exgobernadores panistas [&hellip;]<\/p>\n","protected":false},"author":1,"featured_media":77107,"comment_status":"open","ping_status":"open","sticky":false,"template":"","format":"standard","meta":{"site-sidebar-layout":"default","site-content-layout":"","ast-site-content-layout":"default","site-content-style":"default","site-sidebar-style":"default","ast-global-header-display":"","ast-banner-title-visibility":"","ast-main-header-display":"","ast-hfb-above-header-display":"","ast-hfb-below-header-display":"","ast-hfb-mobile-header-display":"","site-post-title":"","ast-breadcrumbs-content":"","ast-featured-img":"","footer-sml-layout":"","theme-transparent-header-meta":"","adv-header-id-meta":"","stick-header-meta":"","header-above-stick-meta":"","header-main-stick-meta":"","header-below-stick-meta":"","astra-migrate-meta-layouts":"default","ast-page-background-enabled":"default","ast-page-background-meta":{"desktop":{"background-color":"var(--ast-global-color-4)","background-image":"","background-repeat":"repeat","background-position":"center center","background-size":"auto","background-attachment":"scroll","background-type":"","background-media":"","overlay-type":"","overlay-color":"","overlay-opacity":"","overlay-gradient":""},"tablet":{"background-color":"","background-image":"","background-repeat":"repeat","background-position":"center center","background-size":"auto","background-attachment":"scroll","background-type":"","background-media":"","overlay-type":"","overlay-color":"","overlay-opacity":"","overlay-gradient":""},"mobile":{"background-color":"","background-image":"","background-repeat":"repeat","background-position":"center center","background-size":"auto","background-attachment":"scroll","background-type":"","background-media":"","overlay-type":"","overlay-color":"","overlay-opacity":"","overlay-gradient":""}},"ast-content-background-meta":{"desktop":{"background-color":"var(--ast-global-color-5)","background-image":"","background-repeat":"repeat","background-position":"center center","background-size":"auto","background-attachment":"scroll","background-type":"","background-media":"","overlay-type":"","overlay-color":"","overlay-opacity":"","overlay-gradient":""},"tablet":{"background-color":"var(--ast-global-color-5)","background-image":"","background-repeat":"repeat","background-position":"center center","background-size":"auto","background-attachment":"scroll","background-type":"","background-media":"","overlay-type":"","overlay-color":"","overlay-opacity":"","overlay-gradient":""},"mobile":{"background-color":"var(--ast-global-color-5)","background-image":"","background-repeat":"repeat","background-position":"center center","background-size":"auto","background-attachment":"scroll","background-type":"","background-media":"","overlay-type":"","overlay-color":"","overlay-opacity":"","overlay-gradient":""}},"footnotes":""},"categories":[8],"tags":[26273,2089,248,14772],"class_list":["post-77106","post","type-post","status-publish","format-standard","has-post-thumbnail","hentry","category-noticias","tag-debacle-panista","tag-marko-cortes","tag-pan","tag-xochitl-galvez"],"_links":{"self":[{"href":"https:\/\/losperiodistas.com.mx\/portal\/wp-json\/wp\/v2\/posts\/77106","targetHints":{"allow":["GET"]}}],"collection":[{"href":"https:\/\/losperiodistas.com.mx\/portal\/wp-json\/wp\/v2\/posts"}],"about":[{"href":"https:\/\/losperiodistas.com.mx\/portal\/wp-json\/wp\/v2\/types\/post"}],"author":[{"embeddable":true,"href":"https:\/\/losperiodistas.com.mx\/portal\/wp-json\/wp\/v2\/users\/1"}],"replies":[{"embeddable":true,"href":"https:\/\/losperiodistas.com.mx\/portal\/wp-json\/wp\/v2\/comments?post=77106"}],"version-history":[{"count":1,"href":"https:\/\/losperiodistas.com.mx\/portal\/wp-json\/wp\/v2\/posts\/77106\/revisions"}],"predecessor-version":[{"id":77108,"href":"https:\/\/losperiodistas.com.mx\/portal\/wp-json\/wp\/v2\/posts\/77106\/revisions\/77108"}],"wp:featuredmedia":[{"embeddable":true,"href":"https:\/\/losperiodistas.com.mx\/portal\/wp-json\/wp\/v2\/media\/77107"}],"wp:attachment":[{"href":"https:\/\/losperiodistas.com.mx\/portal\/wp-json\/wp\/v2\/media?parent=77106"}],"wp:term":[{"taxonomy":"category","embeddable":true,"href":"https:\/\/losperiodistas.com.mx\/portal\/wp-json\/wp\/v2\/categories?post=77106"},{"taxonomy":"post_tag","embeddable":true,"href":"https:\/\/losperiodistas.com.mx\/portal\/wp-json\/wp\/v2\/tags?post=77106"}],"curies":[{"name":"wp","href":"https:\/\/api.w.org\/{rel}","templated":true}]}}