{"id":77101,"date":"2024-06-17T06:18:03","date_gmt":"2024-06-17T11:18:03","guid":{"rendered":"https:\/\/losperiodistas.com.mx\/portal\/?p=77101"},"modified":"2024-06-17T06:18:05","modified_gmt":"2024-06-17T11:18:05","slug":"entreguen-al-pri-exige-dulce-maria-sauri-alito-es-un-sepulturero-labastida-la-lista","status":"publish","type":"post","link":"https:\/\/losperiodistas.com.mx\/portal\/entreguen-al-pri-exige-dulce-maria-sauri-alito-es-un-sepulturero-labastida-la-lista\/","title":{"rendered":"\u2018Entreguen al PRI\u2019, exige Dulce Mar\u00eda Sauri; \u2018Alito\u2019 es un sepulturero: Labastida | La-Lista"},"content":{"rendered":"\n<p class=\"has-medium-font-size\">Liderazgos del tricolor se\u00f1alan que Alejandro Moreno ha llevado al PRI al desastre; le recuerdan que su ciclo como l\u00edder nacional ya termin\u00f3<\/p>\n\n\n\n<p><\/p>\n\n\n\n<figure class=\"wp-block-image size-large\"><img fetchpriority=\"high\" decoding=\"async\" width=\"1024\" height=\"632\" src=\"https:\/\/losperiodistas.com.mx\/portal\/wp-content\/uploads\/2024\/06\/Debacle-del-PRI-1024x632.webp\" alt=\"\" class=\"wp-image-77102\" srcset=\"https:\/\/losperiodistas.com.mx\/portal\/wp-content\/uploads\/2024\/06\/Debacle-del-PRI-1024x632.webp 1024w, https:\/\/losperiodistas.com.mx\/portal\/wp-content\/uploads\/2024\/06\/Debacle-del-PRI-300x185.webp 300w, https:\/\/losperiodistas.com.mx\/portal\/wp-content\/uploads\/2024\/06\/Debacle-del-PRI-768x474.webp 768w, https:\/\/losperiodistas.com.mx\/portal\/wp-content\/uploads\/2024\/06\/Debacle-del-PRI.webp 1280w\" sizes=\"(max-width: 1024px) 100vw, 1024px\" \/><figcaption>El PRI enfrenta su peor momento en 95 a\u00f1os de historia<\/figcaption><\/figure>\n\n\n\n<p>Tania G\u00f3mez \/ La-Lista<\/p>\n\n\n\n<p>De partido hegem\u00f3nico en el siglo XX, a la quinta fuerza pol\u00edtica en 2024, el PRI enfrenta su peor momento en la historia, y ante el riesgo de que su l\u00edder nacional,&nbsp;<strong>Alejandro Moreno<\/strong>, pretenda modificar los estatutos una vez m\u00e1s en busca de la reelecci\u00f3n, ex dirigentes y ex militantes del tricolor alzan la voz y acusan graves errores.<\/p>\n\n\n\n<p><strong>Dulce Mar\u00eda Sauri<\/strong>, quien fue presidenta nacional en la d\u00e9cada de los 90, advirti\u00f3 una crisis severa, demand\u00f3 la renuncia de Moreno y plante\u00f3 que de aferrarse a ella la factura resultara muy onerosa para el tricolor.https:\/\/cd68c0ba25b0456fc1609eb37cbf818f.safeframe.googlesyndication.com\/safeframe\/1-0-40\/html\/container.html<\/p>\n\n\n\n<p>\u201c\u00bfQu\u00e9 quieren esperar?, \u00bfun 2027 con un 4 o 5 % de la votaci\u00f3n nacional?, \u00bfuna p\u00e9rdida de registro como la del PRD en 2030?, \u00bfeso es lo que quiere la actual dirigencia? Por eso insisto: entreguen al&nbsp;<strong>PRI<\/strong>, ya termin\u00f3 su ciclo. V\u00e1yanse al Senado, traten all\u00e1 de hacer el menor da\u00f1o posible a la imagen del&nbsp;<strong>PRI<\/strong>. Ya lib\u00e9renlo, si es que quieren que lleguemos al centenario que es en 2029\u2033, apunt\u00f3 en entrevista para&nbsp;<em>La-Lista<\/em>.<\/p>\n\n\n\n<figure class=\"wp-block-image\"><a href=\"https:\/\/la-lista.com\/poder\/politica\/2024\/06\/10\/jorge-romero-propone-pausar-coalicion-del-pan-con-pri\" target=\"_blank\" rel=\"noreferrer noopener\"><img decoding=\"async\" src=\"https:\/\/i0.wp.com\/la-lista.com\/wp-content\/uploads\/2023\/04\/jorge_romero_cartel_inmobiliario.jpg?resize=600%2C375&amp;ssl=1\" alt=\"'Entreguen al PRI', exige Dulce Mar\u00eda Sauri; 'Alito' es un sepulturero: Labastida - jorge_romero_cartel_inmobiliario-600x375\" title=\"Jorge Romero propone pausar coalici\u00f3n del PAN con PRI\"\/><\/a><\/figure>\n\n\n\n<p><a target=\"_blank\" href=\"https:\/\/la-lista.com\/seccion\/poder\" rel=\"noreferrer noopener\">PODER<\/a><strong><a target=\"_blank\" href=\"https:\/\/la-lista.com\/poder\/politica\/2024\/06\/10\/jorge-romero-propone-pausar-coalicion-del-pan-con-pri\" rel=\"noreferrer noopener\">Jorge Romero propone pausar coalici\u00f3n del PAN con PRI<\/a><\/strong><a target=\"_blank\" href=\"https:\/\/la-lista.com\/poder\/politica\/2024\/06\/10\/jorge-romero-propone-pausar-coalicion-del-pan-con-pri\" rel=\"noreferrer noopener\">LEER MAS<\/a><\/p>\n\n\n\n<p>A cinco a\u00f1os de alcanzar un siglo de existencia bajo distintos nombres, tras la jornada electoral del 2 de junio el tricolor obtuvo incluso&nbsp;<strong>menos votos que Movimiento Ciudadano<\/strong>, y pasar\u00e1 de ser tercera fuerza en el Congreso de la Uni\u00f3n, al quinto lugar, incluso por debajo del Partido del Trabajo.<\/p>\n\n\n\n<p>De acuerdo con las estimaciones, en la C\u00e1mara de Diputados el tricolor conseguir\u00eda alrededor de&nbsp;<strong>33 legisladores para la C\u00e1mara Baja<\/strong>, y en el Senado se estima que tendr\u00eda&nbsp;<strong>17<\/strong>, lo que, para Sauri Riancho, destina al partido a la irrelevancia.<\/p>\n\n\n\n<p>\u201cNi siquiera va a tener posibilidad de participar en la mesa directiva de la C\u00e1mara de Diputados por una vicepresidencia o una presidencia, porque ya no va a ser la tercera fuerza pol\u00edtica. Da lo mismo que el&nbsp;<strong>PRI<\/strong>&nbsp;se siente o no en la mesa de las negociaciones\u201d, consider\u00f3.https:\/\/cd68c0ba25b0456fc1609eb37cbf818f.safeframe.googlesyndication.com\/safeframe\/1-0-40\/html\/container.html<\/p>\n\n\n\n<p>Pero esta es una m\u00e1s de la serie de derrotas que acumula el tricolor desde que Alejandro Moreno rindi\u00f3 protesta en 2019 como presidente nacional de ese partido, con Carolina Viggiano como secretaria general.<\/p>\n\n\n\n<p>Entonces, el tricolor gobernaba en 12 entidades: Sonora, Sinaloa, Coahuila, Zacatecas, San Luis Potos\u00ed, Hidalgo, Estado de M\u00e9xico, Tlaxcala, Colima, Guerrero, Oaxaca y Campeche; en contraste, hoy s\u00f3lo encabeza dos: Coahuila y Durango, donde Va por M\u00e9xico gan\u00f3 las elecciones gracias a candidatos pri\u00edstas.PUBLICIDADhttps:\/\/cd68c0ba25b0456fc1609eb37cbf818f.safeframe.googlesyndication.com\/safeframe\/1-0-40\/html\/container.html<\/p>\n\n\n\n<figure class=\"wp-block-image\"><img decoding=\"async\" src=\"https:\/\/i0.wp.com\/la-lista.com\/wp-content\/uploads\/2024\/06\/Estados-gobernador-por-PRI.jpeg?resize=800%2C800&amp;ssl=1\" alt=\"'Entreguen al PRI', exige Dulce Mar\u00eda Sauri; 'Alito' es un sepulturero: Labastida - Estados-gobernador-por-PRI\" class=\"wp-image-645334\"\/><\/figure>\n\n\n\n<p>Por otro lado, si consideramos s\u00f3lo el n\u00famero de votos, la ca\u00edda es estrepitosa, ya que en 12 a\u00f1os perdi\u00f3 a m\u00e1s de 10 millones.<\/p>\n\n\n\n<p>En 2012, con Enrique Pe\u00f1a Nieto como su candidato a la presidencia, el PRI obtuvo 16 millones 231 mil 456 sufragios. Seis a\u00f1os despu\u00e9s, con un candidato sin militancia pri\u00edsta, como lo fue Jos\u00e9 Antonio Meade, obtuvo 7 millones 677 mil 180, y otros seis a\u00f1os despu\u00e9s, con X\u00f3chitl G\u00e1lvez como candidata ciudadana, y de la mano del PAN y PRD, que en otros tiempos fueron sus grandes rivales, el partido s\u00f3lo aport\u00f3 5 millones 736 mil 759 votos.<\/p>\n\n\n\n<p>Mientras que en t\u00e9rminos de militancia, el partido pas\u00f3 de seis millones 764 mil 615 afiliados en 2019, a un mill\u00f3n 411 mil 889 en 2023. As\u00ed se traduce la ca\u00edda estrepitosa.<\/p>\n\n\n\n<figure class=\"wp-block-image\"><a href=\"https:\/\/la-lista.com\/poder\/politica\/2024\/05\/31\/expulsion-alfredo-del-mazo-el-llama-traidor-a-alito-moreno\" target=\"_blank\" rel=\"noreferrer noopener\"><img decoding=\"async\" src=\"https:\/\/i0.wp.com\/la-lista.com\/wp-content\/uploads\/2024\/05\/Alfredo_del_Mazo_Maza.jpg?resize=600%2C370&amp;ssl=1\" alt=\"'Entreguen al PRI', exige Dulce Mar\u00eda Sauri; 'Alito' es un sepulturero: Labastida - Alfredo_del_Mazo_Maza-600x370\" title=\"\u2018Alito\u2019 es el enterrador del PRI: Alfredo del Mazo tras expulsi\u00f3n\"\/><\/a><\/figure>\n\n\n\n<p><a target=\"_blank\" href=\"https:\/\/la-lista.com\/seccion\/poder\" rel=\"noreferrer noopener\">PODER<\/a><strong><a target=\"_blank\" href=\"https:\/\/la-lista.com\/poder\/politica\/2024\/05\/31\/expulsion-alfredo-del-mazo-el-llama-traidor-a-alito-moreno\" rel=\"noreferrer noopener\">\u2018Alito\u2019 es el enterrador del PRI: Alfredo del Mazo tras expulsi\u00f3n<\/a><\/strong><a target=\"_blank\" href=\"https:\/\/la-lista.com\/poder\/politica\/2024\/05\/31\/expulsion-alfredo-del-mazo-el-llama-traidor-a-alito-moreno\" rel=\"noreferrer noopener\">LEER MAS<\/a><\/p>\n\n\n\n<p>Francisco Labastida Ochoa, excandidato presidencial del PRI, coincide con Sauri, y apunta que la dirigencia nacional debe hacerse responsable de los resultados obtenidos en la elecci\u00f3n, mediante un ejercicio de an\u00e1lisis y autocr\u00edtica, que&nbsp;<strong>de hacerse a conciencia derivar\u00eda en la renuncia de Alejandro Moreno.<\/strong><\/p>\n\n\n\n<p>Sin embargo, en lugar de abrir paso al periodo de reflexi\u00f3n, el l\u00edder del tricolor emiti\u00f3 una convocatoria para llevar a cabo una asamblea nacional ordinaria el pr\u00f3ximo 7 de julio; lo cual enciende las alertas sobre su deseo de eternizarse en dicho puesto de poder.<\/p>\n\n\n\n<p>Y tanto Sauri como Labastida recordaron que Moreno C\u00e1rdenas ya modific\u00f3, en m\u00e1s de una ocasi\u00f3n, los estatutos para que todas las decisiones recayeran en \u00e9l.<\/p>\n\n\n\n<figure class=\"wp-block-image\"><img decoding=\"async\" src=\"https:\/\/i0.wp.com\/la-lista.com\/wp-content\/uploads\/2024\/01\/ALITO-MORENO.jpg?resize=800%2C500&amp;ssl=1\" alt=\"'Entreguen al PRI', exige Dulce Mar\u00eda Sauri; 'Alito' es un sepulturero: Labastida - ALITO-MORENO\" class=\"wp-image-554544\"\/><figcaption>Alejandro Moreno ha modificado los estatutos del PRI para alargar su dirigencia, y podr\u00eda hacerlo una vez m\u00e1s.<\/figcaption><\/figure>\n\n\n\n<h2 class=\"wp-block-heading\" id=\"h-permanecer-a-toda-costa\">Permanecer a toda costa<\/h2>\n\n\n\n<p>A los 11 meses de que Alejandro Moreno rindi\u00f3 protesta como presidente nacional del&nbsp;<strong>PRI<\/strong>, el campechano promovi\u00f3 una reforma estatutaria para concentrar las facultades y las decisiones del partido en la presidencia del Comit\u00e9 Ejecutivo Nacional.<\/p>\n\n\n\n<p>Posteriormente, en diciembre de 2022 hubo una nueva modificaci\u00f3n realizada por el Consejo Pol\u00edtico Nacional, el segundo \u00f3rgano con mayor jerarqu\u00eda en el partido, pero que no cuenta con las facultades de alterar documentos b\u00e1sicos. No obstante en 2020, se aval\u00f3 que s\u00ed tuviera incidencia en una parte de los estatutos.<\/p>\n\n\n\n<p>\u201cLa cual fue aprovechada por la actual dirigencia nacional para abrir la posibilidad de que el presidente del Comit\u00e9 Ejecutivo y la secretaria general prolongaran su mandato\u201d, dice Sauri mientras recuerda que ella y otras dos consejeras nacionales, incluida Claudia Ruiz Massieu, fueron las \u00fanicas que se opusieron a dichos cambios con su voto.<\/p>\n\n\n\n<p>Para Francisco Labastida, Alejandro Moreno ha llevado al partido al desastre, \u201cen un camino que adem\u00e1s lo va a llevar a la sepultura\u201d.<\/p>\n\n\n\n<p>El excandidato se\u00f1ala que Moreno se obsesion\u00f3 con acaparar el poder, y hasta cita una obra de la literatura del realismo m\u00e1gico para explicar su papel: \u2018Alito\u2019 me recuerda a Gabriel Garc\u00eda M\u00e1rquez y&nbsp;<em>Cr\u00f3nica de una muerte anunciada<\/em>, porque es un sepulturero\u201d.<\/p>\n\n\n\n<p>\u201cAlito hizo una trampa, porque le quit\u00f3 funciones al Consejo Pol\u00edtico Nacional y las absorbi\u00f3 \u00e9l. O sea, \u00bfQui\u00e9n tiene la capacidad para decidir qui\u00e9n va a ser el candidato a una presidencia municipal, a una diputaci\u00f3n de un estado, a una diputaci\u00f3n federal, una senadur\u00eda, una gubernatura, o la propia presidencia? Alito. Solo \u00e9l. Se convirti\u00f3 en un personaje autoritario que es el que decide todo\u201d, sentencia.<\/p>\n\n\n\n<p>Sauri lamenta que -hoy m\u00e1s que nunca- se vean los resultados de la concentraci\u00f3n de poder en una sola persona, y reprueba la expulsi\u00f3n de personajes que se opusieron a dichas medidas, como Claudia Ruiz Massieu y Miguel \u00c1ngel Osorio Chong.<\/p>\n\n\n\n<p>\u201cLamentablemente ah\u00ed est\u00e1n los resultados de la concentraci\u00f3n del poder, de la expulsi\u00f3n de numerosas personas, porque la metralleta de las expulsiones se instal\u00f3 en el&nbsp;<strong>PRI<\/strong>, fueron expulsiones a diestra y siniestra y a v\u00edsperas de la jornada electoral del 2 de junio\u201d, lament\u00f3.<\/p>\n\n\n\n<figure class=\"wp-block-image\"><img decoding=\"async\" src=\"https:\/\/i0.wp.com\/la-lista.com\/wp-content\/uploads\/2024\/06\/Votos-PRI.jpeg?resize=800%2C800&amp;ssl=1\" alt=\"'Entreguen al PRI', exige Dulce Mar\u00eda Sauri; 'Alito' es un sepulturero: Labastida - Votos-PRI\" class=\"wp-image-645347\"\/><\/figure>\n\n\n\n<p>En junio de 2022, un grupo de siete expresidentes del Comit\u00e9 Nacional del\u00a0<strong>PRI<\/strong>, entre los que estuvieron Claudia Ruiz Massieu, Carolina Monroy Del Mazo, Manlio Fabio Beltrones, C\u00e9sar Camacho Quiroz, Pedro Joaqu\u00edn Coldwell, Beatriz Paredes Rangel, Humberto Roque Villanueva y el entonces l\u00edder de los senadores priistas y exsecretario de Gobernaci\u00f3n, Miguel \u00c1ngel Osorio Chong, le pidieron a Moreno presentar su renuncia al cargo, a lo que \u00e9l se neg\u00f3.<\/p>\n\n\n\n<figure class=\"wp-block-embed is-type-rich is-provider-twitter wp-block-embed-twitter\"><div class=\"wp-block-embed__wrapper\">\n<blockquote class=\"twitter-tweet\" data-width=\"500\" data-dnt=\"true\"><p lang=\"es\" dir=\"ltr\">Con mucho gusto recibo a las y los expresidentes del <a href=\"https:\/\/twitter.com\/PRI_Nacional?ref_src=twsrc%5Etfw\">@PRI_Nacional<\/a>. Ser\u00e1 grato reunirnos, como en otras ocasiones. Nada es m\u00e1s importante que escuchar todas las voces y opiniones.<br><br>Nos vemos este martes 14 de junio, a las 10:00 horas en el CEN del PRI. Un abrazo a todas y todos.<\/p>&mdash; Alejandro Moreno (@alitomorenoc) <a href=\"https:\/\/twitter.com\/alitomorenoc\/status\/1535739639595663360?ref_src=twsrc%5Etfw\">June 11, 2022<\/a><\/blockquote><script async src=\"https:\/\/platform.twitter.com\/widgets.js\" charset=\"utf-8\"><\/script>\n<\/div><\/figure>\n\n\n\n<p>En esa reuni\u00f3n, Moreno C\u00e1rdenas les asegur\u00f3 que no iba a prorrogar un d\u00eda m\u00e1s su mandato -que conclu\u00eda en agosto de 2023-, pero la promesa no vali\u00f3 de nada.<\/p>\n\n\n\n<p>Y ahora, Dulce Mar\u00eda Sauri explica que la dirigencia que encabez\u00f3 Alejandro Moreno C\u00e1rdenas debe finalizar a la par del proceso electoral 2024, de modo que el partido estar\u00eda en condiciones de convocar a la elecci\u00f3n interna ahora mismo. Pero, en vez de eso de abrir paso a este proceso, se ha convocado a una asamblea nacional. &nbsp;<\/p>\n\n\n\n<p>\u201c\u00bfUna asamblea con esta prisa? \u00bfPara qu\u00e9?, \u00bfQu\u00e9 tiene que ver, si ni siquiera hay una evaluaci\u00f3n cr\u00edtica de lo sucedido en el proceso electoral? Los estatutos proh\u00edben expresamente la reelecci\u00f3n de la dirigencia nacional. Pero no s\u00f3lo la reelecci\u00f3n consecutiva, sino la reelecci\u00f3n en cualquier momento. Por ejemplo, si yo quisiera volver a encabezar el&nbsp;<strong>PRI<\/strong>, los estatutos lo proh\u00edben\u201d.<\/p>\n\n\n\n<figure class=\"wp-block-image\"><img decoding=\"async\" src=\"https:\/\/i0.wp.com\/la-lista.com\/wp-content\/uploads\/2024\/06\/Militantes-del-PRI.jpeg?resize=800%2C800&amp;ssl=1\" alt=\"'Entreguen al PRI', exige Dulce Mar\u00eda Sauri; 'Alito' es un sepulturero: Labastida - Militantes-del-PRI\" class=\"wp-image-645351\"\/><\/figure>\n\n\n\n<p>En ese sentido, agreg\u00f3, no ser\u00eda raro que se convocara a una asamblea nacional en busca de \u201cprolongar la agon\u00eda del partido\u201d.<\/p>\n\n\n\n<p>\u201cUna dirigencia nacional, que ha logrado reformas estatutarias de acuerdo a sus necesidades o apetitos de poder, puede convocar a una asamblea nacional que modifique esta parte estatutaria y nuevamente prolongar la agon\u00eda del&nbsp;<strong>PRI&nbsp;<\/strong>con la actual dirigencia\u201d, remata.<\/p>\n\n\n\n<figure class=\"wp-block-image\"><a href=\"https:\/\/la-lista.com\/poder\/politica\/2023\/10\/06\/la-lealtad-es-una-decision-pri-expulsa-a-osorio-chong-ruiz-massieu-y-otros-13-mas\" target=\"_blank\" rel=\"noreferrer noopener\"><img decoding=\"async\" src=\"https:\/\/i0.wp.com\/la-lista.com\/wp-content\/uploads\/2023\/10\/expulsados-pri.jpg?resize=600%2C400&amp;ssl=1\" alt=\"'Entreguen al PRI', exige Dulce Mar\u00eda Sauri; 'Alito' es un sepulturero: Labastida - expulsados-pri-600x400\" title=\"\u2018La lealtad es una decisi\u00f3n\u2019: PRI expulsa a Osorio Chong, Ruiz Massieu y otros 13 m\u00e1s\"\/><\/a><\/figure>\n\n\n\n<p><a target=\"_blank\" href=\"https:\/\/la-lista.com\/seccion\/poder\" rel=\"noreferrer noopener\">PODER<\/a><strong><a target=\"_blank\" href=\"https:\/\/la-lista.com\/poder\/politica\/2023\/10\/06\/la-lealtad-es-una-decision-pri-expulsa-a-osorio-chong-ruiz-massieu-y-otros-13-mas\" rel=\"noreferrer noopener\">\u2018La lealtad es una decisi\u00f3n\u2019: PRI expulsa a Osorio Chong, Ruiz Massieu y otros 13 m\u00e1s<\/a><\/strong><a target=\"_blank\" href=\"https:\/\/la-lista.com\/poder\/politica\/2023\/10\/06\/la-lealtad-es-una-decision-pri-expulsa-a-osorio-chong-ruiz-massieu-y-otros-13-mas\" rel=\"noreferrer noopener\">LEER MAS<\/a><\/p>\n\n\n\n<h2 class=\"wp-block-heading\" id=\"h-al-rescate-del-pri\">\u00bf<strong>Al rescate del PRI<\/strong>?<\/h2>\n\n\n\n<p>Para Francisco Labastida Ochoa, excandidato presidencial, exembajador y tres veces secretario de Estado, el Revolucionario Institucional atraviesa por un momento cr\u00edtico que finalmente desembocar\u00e1 en el rescate del partido o en su muerte inminente.<\/p>\n\n\n\n<p>\u201cLo primero que tiene que hacer el partido es un acto de autocr\u00edtica en torno a los errores cometidos, de los abusos en los cuales ha incurrido, como corrupci\u00f3n y asociaciones con grupos delincuenciales. Hay que rehacerlo desde los cimientos y eso implica la autocr\u00edtica. Y en segundo lugar, debe buscar la definici\u00f3n de la pol\u00edtica que se quiere en el futuro. Sali\u00f3 \u2018Alito\u2019 diciendo que iban a tener una nueva imagen. Si no es una cosmetolog\u00eda esto, no es un concurso de belleza\u201d, indic\u00f3 Labastida.<\/p>\n\n\n\n<p>Mientras que Dulce Mar\u00eda Sauri consider\u00f3 que es tiempo de abrir a los j\u00f3venes la posibilidad de reencauzar al partido y volverlo ciudadano.<\/p>\n\n\n\n<p>\u201cQue sean personas j\u00f3venes, pero no me refiero s\u00f3lo de edad cronol\u00f3gica, sino j\u00f3venes en ideas, con una visi\u00f3n renovada de lo que debe ser una oposici\u00f3n partidista. Los partidos est\u00e1n derrotados, pero la ciudadan\u00eda no. Y ese es el mensaje que el&nbsp;<strong>PRI<\/strong>, puede darle a M\u00e9xico, aunque quiz\u00e1s es el \u00faltimo\u201d, consider\u00f3.<\/p>\n\n\n\n<figure class=\"wp-block-image\"><img decoding=\"async\" src=\"https:\/\/i0.wp.com\/la-lista.com\/wp-content\/uploads\/2023\/03\/dulce_maria_sauri.jpeg?resize=800%2C533&amp;ssl=1\" alt=\"'Entreguen al PRI', exige Dulce Mar\u00eda Sauri; 'Alito' es un sepulturero: Labastida - dulce_maria_sauri\" class=\"wp-image-359902\"\/><figcaption>Dulce Mar\u00eda Sauri, expresidenta nacional del PRI, llam\u00f3 a \u201cAlito\u201d Moreno a entregar al PRI.<\/figcaption><\/figure>\n\n\n\n<p>La propuesta de la pri\u00edsta consiste en que ese instituto pol\u00edtico le apueste a ir recuperando territorio desde lo local, a partir de Coahuila y Durango, as\u00ed como desde la alcald\u00eda de Monterrey, en donde gan\u00f3 Adri\u00e1n de la Garza, porque su fuerte estructura en los estados fue algo que siempre lo caracteriz\u00f3.<\/p>\n\n\n\n<p>\u201cEsta falta de estructura territorial que me parece muy valioso que lo haga notar la excandidata presidencial X\u00f3chitl G\u00e1lvez, es lo que est\u00e1 matando al PRI, lo est\u00e1 borrando del territorio. Por eso digo: si hay alguna posibilidad de salir de esto, tiene que venir de los lugares donde el PRI ha sabido resistir y ganar\u201d, finaliz\u00f3.<\/p>\n\n\n\n<p>Fuente: <a href=\"https:\/\/la-lista.com\/poder\/politica\/2024\/06\/17\/entreguen-al-pri-exige-dulce-maria-sauri-alito-es-un-sepulturero-labastida\">https:\/\/la-lista.com\/poder\/politica\/2024\/06\/17\/entreguen-al-pri-exige-dulce-maria-sauri-alito-es-un-sepulturero-labastida<\/a><\/p>\n","protected":false},"excerpt":{"rendered":"<p>Liderazgos del tricolor se\u00f1alan que Alejandro Moreno ha llevado al PRI al desastre; le recuerdan que su ciclo como l\u00edder [&hellip;]<\/p>\n","protected":false},"author":1,"featured_media":77102,"comment_status":"open","ping_status":"open","sticky":false,"template":"","format":"standard","meta":{"site-sidebar-layout":"default","site-content-layout":"","ast-site-content-layout":"default","site-content-style":"default","site-sidebar-style":"default","ast-global-header-display":"","ast-banner-title-visibility":"","ast-main-header-display":"","ast-hfb-above-header-display":"","ast-hfb-below-header-display":"","ast-hfb-mobile-header-display":"","site-post-title":"","ast-breadcrumbs-content":"","ast-featured-img":"","footer-sml-layout":"","theme-transparent-header-meta":"","adv-header-id-meta":"","stick-header-meta":"","header-above-stick-meta":"","header-main-stick-meta":"","header-below-stick-meta":"","astra-migrate-meta-layouts":"default","ast-page-background-enabled":"default","ast-page-background-meta":{"desktop":{"background-color":"var(--ast-global-color-4)","background-image":"","background-repeat":"repeat","background-position":"center center","background-size":"auto","background-attachment":"scroll","background-type":"","background-media":"","overlay-type":"","overlay-color":"","overlay-opacity":"","overlay-gradient":""},"tablet":{"background-color":"","background-image":"","background-repeat":"repeat","background-position":"center center","background-size":"auto","background-attachment":"scroll","background-type":"","background-media":"","overlay-type":"","overlay-color":"","overlay-opacity":"","overlay-gradient":""},"mobile":{"background-color":"","background-image":"","background-repeat":"repeat","background-position":"center center","background-size":"auto","background-attachment":"scroll","background-type":"","background-media":"","overlay-type":"","overlay-color":"","overlay-opacity":"","overlay-gradient":""}},"ast-content-background-meta":{"desktop":{"background-color":"var(--ast-global-color-5)","background-image":"","background-repeat":"repeat","background-position":"center center","background-size":"auto","background-attachment":"scroll","background-type":"","background-media":"","overlay-type":"","overlay-color":"","overlay-opacity":"","overlay-gradient":""},"tablet":{"background-color":"var(--ast-global-color-5)","background-image":"","background-repeat":"repeat","background-position":"center center","background-size":"auto","background-attachment":"scroll","background-type":"","background-media":"","overlay-type":"","overlay-color":"","overlay-opacity":"","overlay-gradient":""},"mobile":{"background-color":"var(--ast-global-color-5)","background-image":"","background-repeat":"repeat","background-position":"center center","background-size":"auto","background-attachment":"scroll","background-type":"","background-media":"","overlay-type":"","overlay-color":"","overlay-opacity":"","overlay-gradient":""}},"footnotes":""},"categories":[8],"tags":[10782,1147,26272,1978],"class_list":["post-77101","post","type-post","status-publish","format-standard","has-post-thumbnail","hentry","category-noticias","tag-alito-moreno","tag-dulce-maria-sauri","tag-francisco-labastida","tag-pri"],"_links":{"self":[{"href":"https:\/\/losperiodistas.com.mx\/portal\/wp-json\/wp\/v2\/posts\/77101","targetHints":{"allow":["GET"]}}],"collection":[{"href":"https:\/\/losperiodistas.com.mx\/portal\/wp-json\/wp\/v2\/posts"}],"about":[{"href":"https:\/\/losperiodistas.com.mx\/portal\/wp-json\/wp\/v2\/types\/post"}],"author":[{"embeddable":true,"href":"https:\/\/losperiodistas.com.mx\/portal\/wp-json\/wp\/v2\/users\/1"}],"replies":[{"embeddable":true,"href":"https:\/\/losperiodistas.com.mx\/portal\/wp-json\/wp\/v2\/comments?post=77101"}],"version-history":[{"count":1,"href":"https:\/\/losperiodistas.com.mx\/portal\/wp-json\/wp\/v2\/posts\/77101\/revisions"}],"predecessor-version":[{"id":77103,"href":"https:\/\/losperiodistas.com.mx\/portal\/wp-json\/wp\/v2\/posts\/77101\/revisions\/77103"}],"wp:featuredmedia":[{"embeddable":true,"href":"https:\/\/losperiodistas.com.mx\/portal\/wp-json\/wp\/v2\/media\/77102"}],"wp:attachment":[{"href":"https:\/\/losperiodistas.com.mx\/portal\/wp-json\/wp\/v2\/media?parent=77101"}],"wp:term":[{"taxonomy":"category","embeddable":true,"href":"https:\/\/losperiodistas.com.mx\/portal\/wp-json\/wp\/v2\/categories?post=77101"},{"taxonomy":"post_tag","embeddable":true,"href":"https:\/\/losperiodistas.com.mx\/portal\/wp-json\/wp\/v2\/tags?post=77101"}],"curies":[{"name":"wp","href":"https:\/\/api.w.org\/{rel}","templated":true}]}}