{"id":77098,"date":"2024-06-17T06:05:54","date_gmt":"2024-06-17T11:05:54","guid":{"rendered":"https:\/\/losperiodistas.com.mx\/portal\/?p=77098"},"modified":"2024-06-17T06:05:56","modified_gmt":"2024-06-17T11:05:56","slug":"en-dia-del-padre-exhiben-a-deudores-de-pension-alimenticia-en-zocalo-de-puebla-angulo-7","status":"publish","type":"post","link":"https:\/\/losperiodistas.com.mx\/portal\/en-dia-del-padre-exhiben-a-deudores-de-pension-alimenticia-en-zocalo-de-puebla-angulo-7\/","title":{"rendered":"En D\u00eda del Padre, exhiben a deudores de pensi\u00f3n alimenticia en z\u00f3calo de Puebla | \u00c1ngulo 7"},"content":{"rendered":"\n<p class=\"has-medium-font-size\">Bajo las consignas \u201c\u00bfCrianza compartida? S\u00ed \u00a1Con padres violentos? No.\u201d, \u00a1Si la ley no les llega que la verg\u00fcenza les alcance!, \u201cya p\u00e1gale a tu hijo\u201d<\/p>\n\n\n\n<figure class=\"wp-block-image size-large\"><img fetchpriority=\"high\" decoding=\"async\" width=\"1024\" height=\"576\" src=\"https:\/\/losperiodistas.com.mx\/portal\/wp-content\/uploads\/2024\/06\/Foto40-ezgif.com-jpg-to-webp-converter-1024x576.jpg\" alt=\"\" class=\"wp-image-77099\" srcset=\"https:\/\/losperiodistas.com.mx\/portal\/wp-content\/uploads\/2024\/06\/Foto40-ezgif.com-jpg-to-webp-converter-1024x576.jpg 1024w, https:\/\/losperiodistas.com.mx\/portal\/wp-content\/uploads\/2024\/06\/Foto40-ezgif.com-jpg-to-webp-converter-300x169.jpg 300w, https:\/\/losperiodistas.com.mx\/portal\/wp-content\/uploads\/2024\/06\/Foto40-ezgif.com-jpg-to-webp-converter-768x432.jpg 768w, https:\/\/losperiodistas.com.mx\/portal\/wp-content\/uploads\/2024\/06\/Foto40-ezgif.com-jpg-to-webp-converter.jpg 1200w\" sizes=\"(max-width: 1024px) 100vw, 1024px\" \/><figcaption><em>Credito:\u00a0EsImagen<\/em><\/figcaption><\/figure>\n\n\n\n<p class=\"has-vivid-red-color has-text-color has-medium-font-size\"><strong>ANDREA MORALES \/ \u00c1ngulo 7<\/strong><\/p>\n\n\n\n<p>En el marco del&nbsp;<strong>D\u00eda del Padre<\/strong>, integrantes del Frente Poblano Contra Deudores Alimentarios&nbsp;<strong>exhibieron en z\u00f3calo de Puebla<\/strong>&nbsp;un tendedero con los&nbsp;<strong>nombres de algunos hombres que no asumen la responsabilidad de cubrir la pensi\u00f3n alimenticia de sus hijos<\/strong>.<\/p>\n\n\n\n<p>Con lonas y cartulinas, el Frente Poblano arrib\u00f3 al z\u00f3calo de la capital alrededor de las 12 horas de este domingo 16 de junio, con el prop\u00f3sito de&nbsp;<strong>evidenciar a los hombres que no han asumido la responsabilidad de cubrir el tema econ\u00f3mico de sus hijos.<\/strong><\/p>\n\n\n\n<p>Bajo las consignas \u201c\u00bfCrianza compartida? S\u00ed \u00a1Con padres violentos? No.\u201d, \u00a1Si la ley no les llega que la verg\u00fcenza les alcance!, \u201cya p\u00e1gale a tu hijo\u201d, el grupo de mujeres exhibi\u00f3\u00a0<strong>en el tendedero los nombres de los deudores alimentarios<\/strong>\u00a0que hay en el estado de Puebla.<\/p>\n\n\n\n<figure class=\"wp-block-embed is-type-rich is-provider-twitter wp-block-embed-twitter\"><div class=\"wp-block-embed__wrapper\">\n<blockquote class=\"twitter-tweet\" data-width=\"500\" data-dnt=\"true\"><p lang=\"es\" dir=\"ltr\">En el <a href=\"https:\/\/twitter.com\/hashtag\/D%C3%ADaDelPadre?src=hash&amp;ref_src=twsrc%5Etfw\">#D\u00edaDelPadre<\/a>, integrantes del <a href=\"https:\/\/twitter.com\/FNMCDAPuebla?ref_src=twsrc%5Etfw\">@FNMCDAPuebla<\/a> colocaron un tendedero en el z\u00f3calo de <a href=\"https:\/\/twitter.com\/hashtag\/Puebla?src=hash&amp;ref_src=twsrc%5Etfw\">#Puebla<\/a> para exhibir en lonas y cartulinas a los <a href=\"https:\/\/twitter.com\/hashtag\/padres?src=hash&amp;ref_src=twsrc%5Etfw\">#padres<\/a> que incumplen con el pago de pensi\u00f3n alimentaria. <a href=\"https:\/\/t.co\/V714lEX8gi\">pic.twitter.com\/V714lEX8gi<\/a><\/p>&mdash; \u00c1ngulo7 Noticias (@angulosiete) <a href=\"https:\/\/twitter.com\/angulosiete\/status\/1802406687925494060?ref_src=twsrc%5Etfw\">June 16, 2024<\/a><\/blockquote><script async src=\"https:\/\/platform.twitter.com\/widgets.js\" charset=\"utf-8\"><\/script>\n<\/div><\/figure>\n\n\n\n<p><strong>Ante la situaci\u00f3n, las madres de los menores exigieron que el proceso para recibir las pensiones alimenticias de sus hijos se resuelva con mayor agilidad, ya que esta situaci\u00f3n les dar\u00e1 una mejor vida a sus hijos, con menos carencias y mejores oportunidades de formaci\u00f3n educativa.<\/strong><\/p>\n\n\n\n<p>Como parte de la din\u00e1mica,<strong>&nbsp;el Frente Poblano de Mujeres contra Deudores Alimentarios<\/strong>&nbsp;propuso que las&nbsp;<strong>patrullas feministas vayan a sus viviendas<\/strong>&nbsp;para exhibir a los hombres, debido a que no cumplen con la pensi\u00f3n para sus hijos.<\/p>\n\n\n\n<blockquote class=\"wp-block-quote is-layout-flow wp-block-quote-is-layout-flow\"><p><a href=\"https:\/\/www.angulo7.com.mx\/2024\/noticias-puebla\/madres-protestan-en-ciudad-judicial-contra-deudores-de-pension-alimenticia\/545686\/\">Madres protestan en Ciudad Judicial contra deudores de pensi\u00f3n alimenticia<\/a><\/p><\/blockquote>\n\n\n\n<p>En cada lona se evidenci\u00f3 el nombre y fotograf\u00eda del deudor alimentario, su alias, el n\u00famero del expediente del caso que presenta por no otorgar la pensi\u00f3n, sus redes sociales, adem\u00e1s de que agregaron la edad del infante afectado por el incumplimiento.<\/p>\n\n\n\n<figure class=\"wp-block-image\"><img decoding=\"async\" src=\"https:\/\/www.angulo7.com.mx\/wp-content\/uploads\/2024\/06\/240616AEDEUDORES-1024x683.jpg\" alt=\"\" class=\"wp-image-568096\"\/><\/figure>\n\n\n\n<p><\/p>\n\n\n\n<p>Fuente: <a href=\"https:\/\/www.angulo7.com.mx\/2024\/noticias-puebla\/en-dia-del-padre-exhiben-a-deudores-de-pension-alimenticia-en-zocalo-de-puebla\/568084\/\">https:\/\/www.angulo7.com.mx\/2024\/noticias-puebla\/en-dia-del-padre-exhiben-a-deudores-de-pension-alimenticia-en-zocalo-de-puebla\/568084\/<\/a><\/p>\n","protected":false},"excerpt":{"rendered":"<p>Bajo las consignas \u201c\u00bfCrianza compartida? S\u00ed \u00a1Con padres violentos? No.\u201d, \u00a1Si la ley no les llega que la verg\u00fcenza les [&hellip;]<\/p>\n","protected":false},"author":1,"featured_media":77099,"comment_status":"open","ping_status":"open","sticky":false,"template":"","format":"standard","meta":{"site-sidebar-layout":"default","site-content-layout":"","ast-site-content-layout":"default","site-content-style":"default","site-sidebar-style":"default","ast-global-header-display":"","ast-banner-title-visibility":"","ast-main-header-display":"","ast-hfb-above-header-display":"","ast-hfb-below-header-display":"","ast-hfb-mobile-header-display":"","site-post-title":"","ast-breadcrumbs-content":"","ast-featured-img":"","footer-sml-layout":"","theme-transparent-header-meta":"","adv-header-id-meta":"","stick-header-meta":"","header-above-stick-meta":"","header-main-stick-meta":"","header-below-stick-meta":"","astra-migrate-meta-layouts":"default","ast-page-background-enabled":"default","ast-page-background-meta":{"desktop":{"background-color":"var(--ast-global-color-4)","background-image":"","background-repeat":"repeat","background-position":"center center","background-size":"auto","background-attachment":"scroll","background-type":"","background-media":"","overlay-type":"","overlay-color":"","overlay-opacity":"","overlay-gradient":""},"tablet":{"background-color":"","background-image":"","background-repeat":"repeat","background-position":"center center","background-size":"auto","background-attachment":"scroll","background-type":"","background-media":"","overlay-type":"","overlay-color":"","overlay-opacity":"","overlay-gradient":""},"mobile":{"background-color":"","background-image":"","background-repeat":"repeat","background-position":"center center","background-size":"auto","background-attachment":"scroll","background-type":"","background-media":"","overlay-type":"","overlay-color":"","overlay-opacity":"","overlay-gradient":""}},"ast-content-background-meta":{"desktop":{"background-color":"var(--ast-global-color-5)","background-image":"","background-repeat":"repeat","background-position":"center center","background-size":"auto","background-attachment":"scroll","background-type":"","background-media":"","overlay-type":"","overlay-color":"","overlay-opacity":"","overlay-gradient":""},"tablet":{"background-color":"var(--ast-global-color-5)","background-image":"","background-repeat":"repeat","background-position":"center center","background-size":"auto","background-attachment":"scroll","background-type":"","background-media":"","overlay-type":"","overlay-color":"","overlay-opacity":"","overlay-gradient":""},"mobile":{"background-color":"var(--ast-global-color-5)","background-image":"","background-repeat":"repeat","background-position":"center center","background-size":"auto","background-attachment":"scroll","background-type":"","background-media":"","overlay-type":"","overlay-color":"","overlay-opacity":"","overlay-gradient":""}},"footnotes":""},"categories":[8],"tags":[26270,26271],"class_list":["post-77098","post","type-post","status-publish","format-standard","has-post-thumbnail","hentry","category-noticias","tag-deudores-alimentarios","tag-frente-poblano-contra-deudores-alimentarios"],"_links":{"self":[{"href":"https:\/\/losperiodistas.com.mx\/portal\/wp-json\/wp\/v2\/posts\/77098","targetHints":{"allow":["GET"]}}],"collection":[{"href":"https:\/\/losperiodistas.com.mx\/portal\/wp-json\/wp\/v2\/posts"}],"about":[{"href":"https:\/\/losperiodistas.com.mx\/portal\/wp-json\/wp\/v2\/types\/post"}],"author":[{"embeddable":true,"href":"https:\/\/losperiodistas.com.mx\/portal\/wp-json\/wp\/v2\/users\/1"}],"replies":[{"embeddable":true,"href":"https:\/\/losperiodistas.com.mx\/portal\/wp-json\/wp\/v2\/comments?post=77098"}],"version-history":[{"count":1,"href":"https:\/\/losperiodistas.com.mx\/portal\/wp-json\/wp\/v2\/posts\/77098\/revisions"}],"predecessor-version":[{"id":77100,"href":"https:\/\/losperiodistas.com.mx\/portal\/wp-json\/wp\/v2\/posts\/77098\/revisions\/77100"}],"wp:featuredmedia":[{"embeddable":true,"href":"https:\/\/losperiodistas.com.mx\/portal\/wp-json\/wp\/v2\/media\/77099"}],"wp:attachment":[{"href":"https:\/\/losperiodistas.com.mx\/portal\/wp-json\/wp\/v2\/media?parent=77098"}],"wp:term":[{"taxonomy":"category","embeddable":true,"href":"https:\/\/losperiodistas.com.mx\/portal\/wp-json\/wp\/v2\/categories?post=77098"},{"taxonomy":"post_tag","embeddable":true,"href":"https:\/\/losperiodistas.com.mx\/portal\/wp-json\/wp\/v2\/tags?post=77098"}],"curies":[{"name":"wp","href":"https:\/\/api.w.org\/{rel}","templated":true}]}}