{"id":77095,"date":"2024-06-17T05:55:34","date_gmt":"2024-06-17T10:55:34","guid":{"rendered":"https:\/\/losperiodistas.com.mx\/portal\/?p=77095"},"modified":"2024-06-17T05:55:39","modified_gmt":"2024-06-17T10:55:39","slug":"sequia-impacta-produccion-agropecuaria-de-las-regiones-del-pais-el-economista","status":"publish","type":"post","link":"https:\/\/losperiodistas.com.mx\/portal\/sequia-impacta-produccion-agropecuaria-de-las-regiones-del-pais-el-economista\/","title":{"rendered":"Sequ\u00eda impacta producci\u00f3n agropecuaria de las regiones del pa\u00eds | El Economista"},"content":{"rendered":"\n<p class=\"has-medium-font-size\">Al primer trimestre del 2024, las mayores afectaciones se observan en cultivos como ma\u00edz grano, aguacate y ca\u00f1a de az\u00facar.<\/p>\n\n\n\n<figure class=\"wp-block-image size-large\"><img fetchpriority=\"high\" decoding=\"async\" width=\"1024\" height=\"965\" src=\"https:\/\/losperiodistas.com.mx\/portal\/wp-content\/uploads\/2024\/06\/Captura-de-Pantalla-2024-06-17-a-las-4.50.59-1024x965.jpg\" alt=\"\" class=\"wp-image-77096\" srcset=\"https:\/\/losperiodistas.com.mx\/portal\/wp-content\/uploads\/2024\/06\/Captura-de-Pantalla-2024-06-17-a-las-4.50.59-1024x965.jpg 1024w, https:\/\/losperiodistas.com.mx\/portal\/wp-content\/uploads\/2024\/06\/Captura-de-Pantalla-2024-06-17-a-las-4.50.59-300x283.jpg 300w, https:\/\/losperiodistas.com.mx\/portal\/wp-content\/uploads\/2024\/06\/Captura-de-Pantalla-2024-06-17-a-las-4.50.59-768x724.jpg 768w, https:\/\/losperiodistas.com.mx\/portal\/wp-content\/uploads\/2024\/06\/Captura-de-Pantalla-2024-06-17-a-las-4.50.59.jpg 1486w\" sizes=\"(max-width: 1024px) 100vw, 1024px\" \/><\/figure>\n\n\n\n<p><\/p>\n\n\n\n<p class=\"has-vivid-red-color has-text-color has-medium-font-size\"><strong>Esmeralda Lozano \/ El Economista<\/strong><\/p>\n\n\n\n<p>Durante el primer trimestre de 2024, la actividad agropecuaria nacional decreci\u00f3 6.1%, cuyas regiones m\u00e1s afectadas fueron norte y centro con ca\u00eddas trimestrales de 11.6 y 7.8% respectivamente.<\/p>\n\n\n\n<p>Las condiciones de sequ\u00eda en los principales estados productores tuvieron un impacto en los vol\u00famenes, de acuerdo con el Reporte sobre las econom\u00edas regionales, al primer trimestre de 2024 del Banco de M\u00e9xico (Banxico).<\/p>\n\n\n\n<p>El informe de Banxico mide la actividad econ\u00f3mica en seis indicadores, de los cuales el sector agropecuario fue el que m\u00e1s cay\u00f3, con una disminuci\u00f3n en todo del pa\u00eds; las regiones centro norte baj\u00f3 3.3% y la sur, 2.1 por ciento.<\/p>\n\n\n\n<p>En la regi\u00f3n norte, que comprende Baja California, Chihuahua, Coahuila, Nuevo Le\u00f3n, Sonora y Tamaulipas, la sequ\u00eda ha impactado la producci\u00f3n agr\u00edcola, especialmente los cultivos industriales y forrajes, seg\u00fan productores consultados por Banxico.<\/p>\n\n\n\n<p>La superficie dedicada al sorgo se redujo debido a los bajos precios de venta durante la siembra y los efectos adversos de la sequ\u00eda en los rendimientos; a mayo del 2024, este producto fue uno de los m\u00e1s expuestos a la sequ\u00eda, principalmente en las regiones centro y centro norte.<\/p>\n\n\n\n<p>La producci\u00f3n de frutas y hortalizas tambi\u00e9n disminuy\u00f3 notablemente, con productos como la cebolla y el chile verde afectados. Heladas y lluvias extempor\u00e1neas han exacerbado la situaci\u00f3n, resultando en menores vol\u00famenes de cosecha de esp\u00e1rrago y otros cultivos.<\/p>\n\n\n\n<h2 class=\"wp-block-heading\">Los desaf\u00edos<\/h2>\n\n\n\n<p>En el centro del pa\u00eds, la sequ\u00eda ha tenido un fuerte impacto en la producci\u00f3n de ma\u00edz forrajero, particularmente en Guanajuato, Quer\u00e9taro y Puebla. Los agricultores tambi\u00e9n enfrentan desaf\u00edos con la producci\u00f3n de br\u00f3coli, fresa, pepino y tomate rojo.<\/p>\n\n\n\n<p>En el centro norte del pa\u00eds, la producci\u00f3n agr\u00edcola tiene desaf\u00edos similares debido a las condiciones clim\u00e1ticas adversas. La producci\u00f3n de tomate verde se vio afectada por heladas en el norte de Sinaloa, mientras que la sequ\u00eda merm\u00f3 el desarrollo de las huertas de aguacate en Michoac\u00e1n.<\/p>\n\n\n\n<p>De acuerdo con el an\u00e1lisis de Banxico, a mayo del 2024, 80.3% de la producci\u00f3n agr\u00edcola nacional podr\u00eda haber estado expuesta a condiciones de sequ\u00eda, en su nivel m\u00e1ximo, muy por encima del promedio del 2020. Los cultivos m\u00e1s expuestos son el ma\u00edz grano, del aguacate, la ca\u00f1a de az\u00facar, el jitomate y el agave, en ese orden.<\/p>\n\n\n\n<p>Los niveles de exposici\u00f3n a la sequ\u00eda de diversos cultivos han permanecido elevados debido a la persistencia de condiciones secas en todas las regiones del pa\u00eds.<\/p>\n\n\n\n<p>En particular, se destaca el aumento significativo en la afectaci\u00f3n del sur en cultivos como lim\u00f3n y ca\u00f1a de az\u00facar desde finales del 2023 hasta los primeros meses del 2024, as\u00ed como la influencia del centro en la sequ\u00eda experimentada por trigo, alfalfa y sorgo.<\/p>\n\n\n\n<p>Aunque algunos cultivos como ma\u00edz grano, frijol, trigo, jitomate, papa y cebolla mostraron una disminuci\u00f3n en la exposici\u00f3n a la sequ\u00eda en abril de 2024 con el inicio de la temporada de lluvias, estos niveles volvieron a incrementarse en mayo de 2024. Durante este mes, se reportaron niveles de exposici\u00f3n superiores al 70% en la mayor\u00eda de los cultivos, alcanzando incluso m\u00e1s del 90% en fresa, aguacate y sorgo.<\/p>\n\n\n\n<h2 class=\"wp-block-heading\">Baja en la demanda<\/h2>\n\n\n\n<p>En el norte del pa\u00eds, la disminuci\u00f3n en el cultivo de algod\u00f3n se atribuye a una menor demanda de la industria textil y a los altos costos laborales asociados con su cultivo.<\/p>\n\n\n\n<p>En las regiones centrales, espec\u00edficamente, se observ\u00f3 una ca\u00edda en las cosechas de agave, provocada por una menor demanda de la industria tequilera debido al exceso de inventarios de la bebida.<\/p>\n\n\n\n<p>Tanto en el norte como en las regiones centrales, tambi\u00e9n se report\u00f3 una contracci\u00f3n en la producci\u00f3n de frutas, tub\u00e9rculos, hortalizas y plantas ornamentales.<\/p>\n\n\n\n<p>Las fuentes entrevistadas dijeron que esta reducci\u00f3n se debi\u00f3 a una menor rentabilidad esperada en las operaciones de exportaci\u00f3n, influenciada por la apreciaci\u00f3n acumulada del peso frente al d\u00f3lar.<\/p>\n\n\n\n<h2 class=\"wp-block-heading\">Ganader\u00eda<\/h2>\n\n\n\n<p>En tanto, en las regiones norte y centro norte del pa\u00eds la producci\u00f3n pecuaria mostr\u00f3 una expansi\u00f3n significativa, la demanda interna se mantuvo robusta, favorecida por la reducci\u00f3n de costos en materias primas clave como el ma\u00edz amarillo y la soya, cuyas cotizaciones internacionales disminuyeron.<\/p>\n\n\n\n<p>Adicionalmente, la apreciaci\u00f3n del peso frente al d\u00f3lar permiti\u00f3 a los productores ampliar sus inventarios de carne bovina, as\u00ed como incrementar la producci\u00f3n de carne de ave y huevo en el centro norte, y de carne de cerdo en ambas regiones.<\/p>\n\n\n\n<p>En contraste, la producci\u00f3n pecuaria en la regi\u00f3n centro disminuy\u00f3 por temperaturas superiores al promedio, afectando al ganado bovino y av\u00edcola.<\/p>\n\n\n\n<p><a href=\"mailto:estados@eleconomista.mx\">estados@eleconomista.mx<\/a><\/p>\n\n\n\n<p><\/p>\n\n\n\n<p>Fuente: <a href=\"https:\/\/www.eleconomista.com.mx\/estados\/Sequia-impacta-produccion-agropecuaria-de-las-regiones-del-pais-20240616-0054.html\">https:\/\/www.eleconomista.com.mx\/estados\/Sequia-impacta-produccion-agropecuaria-de-las-regiones-del-pais-20240616-0054.html<\/a><\/p>\n","protected":false},"excerpt":{"rendered":"<p>Al primer trimestre del 2024, las mayores afectaciones se observan en cultivos como ma\u00edz grano, aguacate y ca\u00f1a de az\u00facar. [&hellip;]<\/p>\n","protected":false},"author":1,"featured_media":77096,"comment_status":"open","ping_status":"open","sticky":false,"template":"","format":"standard","meta":{"site-sidebar-layout":"default","site-content-layout":"","ast-site-content-layout":"default","site-content-style":"default","site-sidebar-style":"default","ast-global-header-display":"","ast-banner-title-visibility":"","ast-main-header-display":"","ast-hfb-above-header-display":"","ast-hfb-below-header-display":"","ast-hfb-mobile-header-display":"","site-post-title":"","ast-breadcrumbs-content":"","ast-featured-img":"","footer-sml-layout":"","theme-transparent-header-meta":"","adv-header-id-meta":"","stick-header-meta":"","header-above-stick-meta":"","header-main-stick-meta":"","header-below-stick-meta":"","astra-migrate-meta-layouts":"default","ast-page-background-enabled":"default","ast-page-background-meta":{"desktop":{"background-color":"var(--ast-global-color-4)","background-image":"","background-repeat":"repeat","background-position":"center center","background-size":"auto","background-attachment":"scroll","background-type":"","background-media":"","overlay-type":"","overlay-color":"","overlay-opacity":"","overlay-gradient":""},"tablet":{"background-color":"","background-image":"","background-repeat":"repeat","background-position":"center center","background-size":"auto","background-attachment":"scroll","background-type":"","background-media":"","overlay-type":"","overlay-color":"","overlay-opacity":"","overlay-gradient":""},"mobile":{"background-color":"","background-image":"","background-repeat":"repeat","background-position":"center center","background-size":"auto","background-attachment":"scroll","background-type":"","background-media":"","overlay-type":"","overlay-color":"","overlay-opacity":"","overlay-gradient":""}},"ast-content-background-meta":{"desktop":{"background-color":"var(--ast-global-color-5)","background-image":"","background-repeat":"repeat","background-position":"center center","background-size":"auto","background-attachment":"scroll","background-type":"","background-media":"","overlay-type":"","overlay-color":"","overlay-opacity":"","overlay-gradient":""},"tablet":{"background-color":"var(--ast-global-color-5)","background-image":"","background-repeat":"repeat","background-position":"center center","background-size":"auto","background-attachment":"scroll","background-type":"","background-media":"","overlay-type":"","overlay-color":"","overlay-opacity":"","overlay-gradient":""},"mobile":{"background-color":"var(--ast-global-color-5)","background-image":"","background-repeat":"repeat","background-position":"center center","background-size":"auto","background-attachment":"scroll","background-type":"","background-media":"","overlay-type":"","overlay-color":"","overlay-opacity":"","overlay-gradient":""}},"footnotes":""},"categories":[8],"tags":[5317,26269,5094,3837],"class_list":["post-77095","post","type-post","status-publish","format-standard","has-post-thumbnail","hentry","category-noticias","tag-aguacate","tag-cana-de-azucar","tag-maiz","tag-sequia-mexico"],"_links":{"self":[{"href":"https:\/\/losperiodistas.com.mx\/portal\/wp-json\/wp\/v2\/posts\/77095","targetHints":{"allow":["GET"]}}],"collection":[{"href":"https:\/\/losperiodistas.com.mx\/portal\/wp-json\/wp\/v2\/posts"}],"about":[{"href":"https:\/\/losperiodistas.com.mx\/portal\/wp-json\/wp\/v2\/types\/post"}],"author":[{"embeddable":true,"href":"https:\/\/losperiodistas.com.mx\/portal\/wp-json\/wp\/v2\/users\/1"}],"replies":[{"embeddable":true,"href":"https:\/\/losperiodistas.com.mx\/portal\/wp-json\/wp\/v2\/comments?post=77095"}],"version-history":[{"count":1,"href":"https:\/\/losperiodistas.com.mx\/portal\/wp-json\/wp\/v2\/posts\/77095\/revisions"}],"predecessor-version":[{"id":77097,"href":"https:\/\/losperiodistas.com.mx\/portal\/wp-json\/wp\/v2\/posts\/77095\/revisions\/77097"}],"wp:featuredmedia":[{"embeddable":true,"href":"https:\/\/losperiodistas.com.mx\/portal\/wp-json\/wp\/v2\/media\/77096"}],"wp:attachment":[{"href":"https:\/\/losperiodistas.com.mx\/portal\/wp-json\/wp\/v2\/media?parent=77095"}],"wp:term":[{"taxonomy":"category","embeddable":true,"href":"https:\/\/losperiodistas.com.mx\/portal\/wp-json\/wp\/v2\/categories?post=77095"},{"taxonomy":"post_tag","embeddable":true,"href":"https:\/\/losperiodistas.com.mx\/portal\/wp-json\/wp\/v2\/tags?post=77095"}],"curies":[{"name":"wp","href":"https:\/\/api.w.org\/{rel}","templated":true}]}}