{"id":77086,"date":"2024-06-16T23:14:23","date_gmt":"2024-06-17T04:14:23","guid":{"rendered":"http:\/\/losperiodistas.com.mx\/portal\/?p=77086"},"modified":"2024-06-16T23:14:25","modified_gmt":"2024-06-17T04:14:25","slug":"reforma-judicial-minara-confianza-irreparablemente-coparmex","status":"publish","type":"post","link":"https:\/\/losperiodistas.com.mx\/portal\/reforma-judicial-minara-confianza-irreparablemente-coparmex\/","title":{"rendered":"Mayor\u00eda a Sheinbaum no es cheque en blanco; Reforma Judicial minar\u00e1 confianza irreparablemente: Coparmex | El Universal"},"content":{"rendered":"\n<p>Para la Confederaci\u00f3n \u201cla reforma planteada al Poder Judicial y la celeridad con la que pretende discutirse, puede minar de forma irreparable la confianza para invertir en M\u00e9xico\u00bb<\/p>\n\n\n\n<figure class=\"wp-block-image size-large\"><img fetchpriority=\"high\" decoding=\"async\" width=\"1024\" height=\"620\" src=\"https:\/\/losperiodistas.com.mx\/portal\/wp-content\/uploads\/2024\/06\/Captura-de-pantalla-2024-06-16-220553-1024x620.png\" alt=\"Presidenta electa Claudia Sheinbaum\" class=\"wp-image-77087\" srcset=\"https:\/\/losperiodistas.com.mx\/portal\/wp-content\/uploads\/2024\/06\/Captura-de-pantalla-2024-06-16-220553-1024x620.png 1024w, https:\/\/losperiodistas.com.mx\/portal\/wp-content\/uploads\/2024\/06\/Captura-de-pantalla-2024-06-16-220553-300x182.png 300w, https:\/\/losperiodistas.com.mx\/portal\/wp-content\/uploads\/2024\/06\/Captura-de-pantalla-2024-06-16-220553-768x465.png 768w, https:\/\/losperiodistas.com.mx\/portal\/wp-content\/uploads\/2024\/06\/Captura-de-pantalla-2024-06-16-220553.png 1099w\" sizes=\"(max-width: 1024px) 100vw, 1024px\" \/><figcaption>La mayor\u00eda que alcanz\u00f3 la presidenta electa Claudia Sheinbaum no puede verse como que los mexicanos le dieron un \u201ccheque en blanco\u201d, por lo que no debe verse como justificante para \u201cavasallar\u201d a las minor\u00edas, dijo la Coparmex. Foto: archivo\/EL UNIVERSAL<\/figcaption><\/figure>\n\n\n\n<p class=\"has-vivid-red-color has-text-color\">Ivette Salda\u00f1a \/ El Universal<\/p>\n\n\n\n<p>La mayor\u00eda que alcanz\u00f3 la presidenta electa <strong>Claudia Sheinbaum<\/strong> no puede verse como que los mexicanos le dieron un \u201ccheque en blanco\u201d, por lo que no debe verse como justificante para \u201cavasallar\u201d a las minor\u00edas, dijo la Confederaci\u00f3n Patronal de la Rep\u00fablica Mexicana <strong>(Coparmex)<\/strong>.<\/p>\n\n\n\n<p>Para la Confederaci\u00f3n \u201cla reforma planteada al <strong>Poder Judicial <\/strong>y la celeridad con la que pretende discutirse, puede minar de forma irreparable la confianza para invertir en M\u00e9xico, pues se advierte como una iniciativa que restar\u00eda independencia a ese poder y debilitar\u00eda al <strong>Estado de derecho<\/strong>\u201d.<\/p>\n\n\n\n<p>En el 2021 se llev\u00f3 a cabo una reforma al Poder Judicial, la cual debe materializarse y esperar a que d\u00e9 resultados, porque coinciden en buena medida con la propuesta que present\u00f3 el Ejecutivo el pasado 5 de febrero.<\/p>\n\n\n\n<p>Hace tiempo, el ministro en retiro Arturo Zald\u00edvar dijo: \u201cLa Corte es hoy un aut\u00e9ntico tribunal constitucional y en el Poder Judicial Federal tenemos por primera vez una aut\u00e9ntica carrera judicial, una aut\u00e9ntica defensor\u00eda p\u00fablica y una pol\u00edtica p\u00fablica y reglas claras para avanzar hacia la paridad y la igualdad sustantiva.\u201d<\/p>\n\n\n\n<p>A\u00f1adi\u00f3 que ning\u00fan integrante de la <strong>Organizaci\u00f3n para la Cooperaci\u00f3n y el Desarrollo Econ\u00f3micos (OCDE)<\/strong> tiene esquemas de elecci\u00f3n popular de jueces, magistrados y ministros.<\/p>\n\n\n\n<p>\u201cEn un pa\u00eds que goza de una democracia electoral con 30 a\u00f1os de avances paulatinos, no puede ni debe haber cabida a una regresi\u00f3n; es indispensable la generaci\u00f3n de consensos entre los grupos mayoritarios y las minor\u00edas, en aras de la consolidaci\u00f3n de acuerdos democr\u00e1ticos\u201d, agreg\u00f3.<\/p>\n\n\n\n<p>Por ello, preocupan las se\u00f1ales que se enviaron tras las <strong>elecciones <\/strong>y que terminaron por generar <strong>volatilidad en los mercados<\/strong> y en que organismos internacionales advirtieran que viene una desaceleraci\u00f3n.<\/p>\n\n\n\n<p>El arranque de la siguiente administraci\u00f3n ser\u00e1, por factores estructurales, complejo; creemos que debe haber sensatez en los actores pol\u00edticos para no recrudecer los factores de desaceleraci\u00f3n y mucho menos privar al pa\u00eds de su potencial para atraer 35 mil millones de d\u00f3lares de nuevas inversiones que podr\u00edan llegar gracias al fen\u00f3meno de <strong>relocalizaci\u00f3n de empresas<\/strong> o <strong>nearshoring.<\/strong><\/p>\n\n\n\n<p>Por otra parte, Sheinbaum debiera buscar que queden atr\u00e1s confrontaciones y la polarizaci\u00f3n en la sociedad, de lo contrario, la sociedad mexicana no tendr\u00e1 mejoras si estas diferencias se mantienen.<\/p>\n\n\n\n<p>En un comunicado, el sindicato patronal afirm\u00f3 que \u201cM\u00e9xico es y seguir\u00e1 siendo un pa\u00eds plural y si en el discurso se aprecia la intenci\u00f3n de generar una sola visi\u00f3n y perspectiva, corresponde actuar con congruencia y llevarlo al plano de la acci\u00f3n. La futura presidenta tiene frente a s\u00ed una oportunidad hist\u00f3rica para establecer como sustento de su gobierno la recomposici\u00f3n de la cohesi\u00f3n social\u201d.<\/p>\n\n\n\n<p>Fuente: <a href=\"https:\/\/www.eluniversal.com.mx\/cartera\/mayoria-a-sheinbaum-no-es-cheque-en-blanco-reforma-judicial-minara-confianza-irreparablemente-coparmex\/\" target=\"_blank\" rel=\"noreferrer noopener\">El Universal<\/a><\/p>\n","protected":false},"excerpt":{"rendered":"<p>Para la Confederaci\u00f3n \u201cla reforma planteada al Poder Judicial y la celeridad con la que pretende discutirse, puede minar de forma irreparable la confianza para invertir en M\u00e9xico\u00bb<\/p>\n","protected":false},"author":1,"featured_media":77087,"comment_status":"open","ping_status":"open","sticky":false,"template":"","format":"standard","meta":{"site-sidebar-layout":"default","site-content-layout":"","ast-site-content-layout":"default","site-content-style":"default","site-sidebar-style":"default","ast-global-header-display":"","ast-banner-title-visibility":"","ast-main-header-display":"","ast-hfb-above-header-display":"","ast-hfb-below-header-display":"","ast-hfb-mobile-header-display":"","site-post-title":"","ast-breadcrumbs-content":"","ast-featured-img":"","footer-sml-layout":"","theme-transparent-header-meta":"","adv-header-id-meta":"","stick-header-meta":"","header-above-stick-meta":"","header-main-stick-meta":"","header-below-stick-meta":"","astra-migrate-meta-layouts":"default","ast-page-background-enabled":"default","ast-page-background-meta":{"desktop":{"background-color":"var(--ast-global-color-4)","background-image":"","background-repeat":"repeat","background-position":"center center","background-size":"auto","background-attachment":"scroll","background-type":"","background-media":"","overlay-type":"","overlay-color":"","overlay-opacity":"","overlay-gradient":""},"tablet":{"background-color":"","background-image":"","background-repeat":"repeat","background-position":"center center","background-size":"auto","background-attachment":"scroll","background-type":"","background-media":"","overlay-type":"","overlay-color":"","overlay-opacity":"","overlay-gradient":""},"mobile":{"background-color":"","background-image":"","background-repeat":"repeat","background-position":"center center","background-size":"auto","background-attachment":"scroll","background-type":"","background-media":"","overlay-type":"","overlay-color":"","overlay-opacity":"","overlay-gradient":""}},"ast-content-background-meta":{"desktop":{"background-color":"var(--ast-global-color-5)","background-image":"","background-repeat":"repeat","background-position":"center center","background-size":"auto","background-attachment":"scroll","background-type":"","background-media":"","overlay-type":"","overlay-color":"","overlay-opacity":"","overlay-gradient":""},"tablet":{"background-color":"var(--ast-global-color-5)","background-image":"","background-repeat":"repeat","background-position":"center center","background-size":"auto","background-attachment":"scroll","background-type":"","background-media":"","overlay-type":"","overlay-color":"","overlay-opacity":"","overlay-gradient":""},"mobile":{"background-color":"var(--ast-global-color-5)","background-image":"","background-repeat":"repeat","background-position":"center center","background-size":"auto","background-attachment":"scroll","background-type":"","background-media":"","overlay-type":"","overlay-color":"","overlay-opacity":"","overlay-gradient":""}},"footnotes":""},"categories":[8],"tags":[1505,6839,12124,26193],"class_list":["post-77086","post","type-post","status-publish","format-standard","has-post-thumbnail","hentry","category-noticias","tag-claudia-sheinbaum","tag-coparmex","tag-poder-judicial","tag-reforma-judicial"],"_links":{"self":[{"href":"https:\/\/losperiodistas.com.mx\/portal\/wp-json\/wp\/v2\/posts\/77086","targetHints":{"allow":["GET"]}}],"collection":[{"href":"https:\/\/losperiodistas.com.mx\/portal\/wp-json\/wp\/v2\/posts"}],"about":[{"href":"https:\/\/losperiodistas.com.mx\/portal\/wp-json\/wp\/v2\/types\/post"}],"author":[{"embeddable":true,"href":"https:\/\/losperiodistas.com.mx\/portal\/wp-json\/wp\/v2\/users\/1"}],"replies":[{"embeddable":true,"href":"https:\/\/losperiodistas.com.mx\/portal\/wp-json\/wp\/v2\/comments?post=77086"}],"version-history":[{"count":1,"href":"https:\/\/losperiodistas.com.mx\/portal\/wp-json\/wp\/v2\/posts\/77086\/revisions"}],"predecessor-version":[{"id":77088,"href":"https:\/\/losperiodistas.com.mx\/portal\/wp-json\/wp\/v2\/posts\/77086\/revisions\/77088"}],"wp:featuredmedia":[{"embeddable":true,"href":"https:\/\/losperiodistas.com.mx\/portal\/wp-json\/wp\/v2\/media\/77087"}],"wp:attachment":[{"href":"https:\/\/losperiodistas.com.mx\/portal\/wp-json\/wp\/v2\/media?parent=77086"}],"wp:term":[{"taxonomy":"category","embeddable":true,"href":"https:\/\/losperiodistas.com.mx\/portal\/wp-json\/wp\/v2\/categories?post=77086"},{"taxonomy":"post_tag","embeddable":true,"href":"https:\/\/losperiodistas.com.mx\/portal\/wp-json\/wp\/v2\/tags?post=77086"}],"curies":[{"name":"wp","href":"https:\/\/api.w.org\/{rel}","templated":true}]}}