{"id":77067,"date":"2024-06-16T14:00:22","date_gmt":"2024-06-16T19:00:22","guid":{"rendered":"https:\/\/losperiodistas.com.mx\/portal\/?p=77067"},"modified":"2024-06-16T14:00:24","modified_gmt":"2024-06-16T19:00:24","slug":"puebla-capital-y-su-rumbo","status":"publish","type":"post","link":"https:\/\/losperiodistas.com.mx\/portal\/puebla-capital-y-su-rumbo\/","title":{"rendered":"Puebla Capital y su rumbo"},"content":{"rendered":"\n<p class=\"has-medium-font-size\">#PorSoleares | <em>Hay familias, empresarios, pol\u00edticos que como el casino, nunca pierden<\/em><\/p>\n\n\n\n<p><\/p>\n\n\n\n<figure class=\"wp-block-embed is-type-video is-provider-youtube wp-block-embed-youtube wp-embed-aspect-16-9 wp-has-aspect-ratio\"><div class=\"wp-block-embed__wrapper\">\n<iframe title=\"Puebla Capital y su rumbo | junio 16 2024\" width=\"500\" height=\"281\" src=\"https:\/\/www.youtube.com\/embed\/gyhdTAlVIyE?feature=oembed\" frameborder=\"0\" allow=\"accelerometer; autoplay; clipboard-write; encrypted-media; gyroscope; picture-in-picture; web-share\" referrerpolicy=\"strict-origin-when-cross-origin\" allowfullscreen><\/iframe>\n<\/div><\/figure>\n\n\n\n<p><\/p>\n\n\n\n<p><\/p>\n\n\n\n<p class=\"has-vivid-red-color has-text-color\" style=\"font-size:26px\"><strong><em>Por Jes\u00fas Manuel Hern\u00e1ndez<\/em><\/strong><\/p>\n\n\n\n<p>Y por fin se dio la esperada fotograf\u00eda entre el ganador y el suplente de Lalo Rivera, <strong>Ad\u00e1n Dom\u00ednguez<\/strong>, quien tuvo la responsabilidad de conducir el gobierno de la ciudad en medio de vicisitudes, encontronazos con el equipo dominante y la ausencia de un elemento clave para compaginar su quehacer con la comunicaci\u00f3n social, cuesti\u00f3n de <strong>polvos de viejos lodos<\/strong>.<\/p>\n\n\n\n<p>Asombrar\u00e1 a los panistas encontrar una cara conocida en el equipo de <strong>Pepe Chedraui<\/strong>, la de <strong>Francisco -Franco para los cuates- Rodr\u00edguez \u00c1lvarez<\/strong>, miembro de una de las familias m\u00e1s identificadas con el pensamiento conservador de la ciudad y con alta presencia en el panismo militante.<\/p>\n\n\n\n<p>El paso de Franco por el morenovallismo, como que le contagi\u00f3 otras costumbres, adquiri\u00f3 ma\u00f1as y desde hace rato marc\u00f3 distancia con sus primos y tom\u00f3, por as\u00ed decirlo, rumbo propio, <strong>vol\u00f3<\/strong>.<\/p>\n\n\n\n<p>Pero no puede negarse que la presencia de Franco es una especie de punta del iceberg del grupo descontento con Lalo Rivera, y eso le coloca en un escenario interesante para quienes consideran a la administraci\u00f3n p\u00fablica como una opci\u00f3n valedera para hacer negocios; es decir Franco podr\u00eda ser el facilitador de acercamientos y bondades con los constructores, inmobiliarios, contratistas y beneficiarios de programas de Lalo Rivera.<\/p>\n\n\n\n<p>Quiz\u00e1 el m\u00e1s cercano est\u00e9 frente a todos y nunca apareci\u00f3 en la discusi\u00f3n por la ciudad.<\/p>\n\n\n\n<p>Me refiero al tema de <strong>Parkimovil<\/strong>, una empresa cuyo titular, Carlos Anaya Rodr\u00edguez, sobrino de Franco, de Pablo, de Herberto, etc\u00e9tera, todos descendientes de los Rodr\u00edguez Concha, tiene entre sus asociados a varios familiares, no es extra\u00f1o es una costumbre muy poblana.<\/p>\n\n\n\n<p>Como muy poblana es la pr\u00e1ctica de los empresarios de encender dos veladoras. Algunos piensan que esta manera de ser la pusieron de moda los libaneses, nada m\u00e1s falso, ya exist\u00eda desde antes y se debe sin duda a la presencia de las familias tradicionales y conservadoras de Puebla que no daban la cara por nadie y ganara quien ganara, siempre ca\u00edan parados.<\/p>\n\n\n\n<p>En campa\u00f1a aparecieron cr\u00edticas y propuestas adversas sobre el proyecto del futuro de Puebla, pero nunca se toc\u00f3 el tema de parkimovil, un punto de venta interesante para las finanzas municipales que contempla un amplio crecimiento en la zona conurbada.<\/p>\n\n\n\n<p>Visto as\u00ed el tema, los Rodr\u00edguez perdieron presidencias municipales de la zona metropolitana, pero <strong>conservan las franquicias y est\u00e1n cerca del poder<\/strong>.<\/p>\n\n\n\n<p>Quiz\u00e1 por eso el primer mensaje de Pepe Chedraui haya sido directo y dej\u00f3 claro que habr\u00e1 m\u00e1s reuniones para la transici\u00f3n, y <strong>descart\u00f3 \u201ccacer\u00eda de brujas\u00bb<\/strong>, pues los colores partidistas, dijo, quedaron atr\u00e1s.<\/p>\n\n\n\n<p>Lo dicho comendador, los asesores ganaron dinero, perdieron la plaza, los empresarios militantes y sus intereses, como en Las Vegas, el casino, nunca pierde.<\/p>\n\n\n\n<p>O por lo menos, as\u00ed me lo parece.<\/p>\n\n\n\n<p><a href=\"mailto:losperiodistas.com.mx@gmail.com\">losperiodistas.com.mx@gmail.com<\/a><\/p>\n","protected":false},"excerpt":{"rendered":"<p>#PorSoleares | Hay familias, empresarios, pol\u00edticos que como el casino, nunca pierden Por Jes\u00fas Manuel Hern\u00e1ndez Y por fin se [&hellip;]<\/p>\n","protected":false},"author":1,"featured_media":77068,"comment_status":"open","ping_status":"open","sticky":false,"template":"","format":"standard","meta":{"site-sidebar-layout":"default","site-content-layout":"","ast-site-content-layout":"default","site-content-style":"default","site-sidebar-style":"default","ast-global-header-display":"","ast-banner-title-visibility":"","ast-main-header-display":"","ast-hfb-above-header-display":"","ast-hfb-below-header-display":"","ast-hfb-mobile-header-display":"","site-post-title":"","ast-breadcrumbs-content":"","ast-featured-img":"","footer-sml-layout":"","theme-transparent-header-meta":"","adv-header-id-meta":"","stick-header-meta":"","header-above-stick-meta":"","header-main-stick-meta":"","header-below-stick-meta":"","astra-migrate-meta-layouts":"default","ast-page-background-enabled":"default","ast-page-background-meta":{"desktop":{"background-color":"var(--ast-global-color-4)","background-image":"","background-repeat":"repeat","background-position":"center center","background-size":"auto","background-attachment":"scroll","background-type":"","background-media":"","overlay-type":"","overlay-color":"","overlay-opacity":"","overlay-gradient":""},"tablet":{"background-color":"","background-image":"","background-repeat":"repeat","background-position":"center center","background-size":"auto","background-attachment":"scroll","background-type":"","background-media":"","overlay-type":"","overlay-color":"","overlay-opacity":"","overlay-gradient":""},"mobile":{"background-color":"","background-image":"","background-repeat":"repeat","background-position":"center center","background-size":"auto","background-attachment":"scroll","background-type":"","background-media":"","overlay-type":"","overlay-color":"","overlay-opacity":"","overlay-gradient":""}},"ast-content-background-meta":{"desktop":{"background-color":"var(--ast-global-color-5)","background-image":"","background-repeat":"repeat","background-position":"center center","background-size":"auto","background-attachment":"scroll","background-type":"","background-media":"","overlay-type":"","overlay-color":"","overlay-opacity":"","overlay-gradient":""},"tablet":{"background-color":"var(--ast-global-color-5)","background-image":"","background-repeat":"repeat","background-position":"center center","background-size":"auto","background-attachment":"scroll","background-type":"","background-media":"","overlay-type":"","overlay-color":"","overlay-opacity":"","overlay-gradient":""},"mobile":{"background-color":"var(--ast-global-color-5)","background-image":"","background-repeat":"repeat","background-position":"center center","background-size":"auto","background-attachment":"scroll","background-type":"","background-media":"","overlay-type":"","overlay-color":"","overlay-opacity":"","overlay-gradient":""}},"footnotes":""},"categories":[8,5],"tags":[20813,26262,26258,12115,9904,14193,26259],"class_list":["post-77067","post","type-post","status-publish","format-standard","has-post-thumbnail","hentry","category-noticias","category-por-soleares","tag-adan-dominguez","tag-carlos-anaya-rodriguez","tag-franco-rodriguez-alvarez","tag-lalo-rivera","tag-parkimovil","tag-pepe-chedraui","tag-rodriguez-concha"],"_links":{"self":[{"href":"https:\/\/losperiodistas.com.mx\/portal\/wp-json\/wp\/v2\/posts\/77067","targetHints":{"allow":["GET"]}}],"collection":[{"href":"https:\/\/losperiodistas.com.mx\/portal\/wp-json\/wp\/v2\/posts"}],"about":[{"href":"https:\/\/losperiodistas.com.mx\/portal\/wp-json\/wp\/v2\/types\/post"}],"author":[{"embeddable":true,"href":"https:\/\/losperiodistas.com.mx\/portal\/wp-json\/wp\/v2\/users\/1"}],"replies":[{"embeddable":true,"href":"https:\/\/losperiodistas.com.mx\/portal\/wp-json\/wp\/v2\/comments?post=77067"}],"version-history":[{"count":1,"href":"https:\/\/losperiodistas.com.mx\/portal\/wp-json\/wp\/v2\/posts\/77067\/revisions"}],"predecessor-version":[{"id":77069,"href":"https:\/\/losperiodistas.com.mx\/portal\/wp-json\/wp\/v2\/posts\/77067\/revisions\/77069"}],"wp:featuredmedia":[{"embeddable":true,"href":"https:\/\/losperiodistas.com.mx\/portal\/wp-json\/wp\/v2\/media\/77068"}],"wp:attachment":[{"href":"https:\/\/losperiodistas.com.mx\/portal\/wp-json\/wp\/v2\/media?parent=77067"}],"wp:term":[{"taxonomy":"category","embeddable":true,"href":"https:\/\/losperiodistas.com.mx\/portal\/wp-json\/wp\/v2\/categories?post=77067"},{"taxonomy":"post_tag","embeddable":true,"href":"https:\/\/losperiodistas.com.mx\/portal\/wp-json\/wp\/v2\/tags?post=77067"}],"curies":[{"name":"wp","href":"https:\/\/api.w.org\/{rel}","templated":true}]}}