{"id":76844,"date":"2024-06-13T07:04:30","date_gmt":"2024-06-13T12:04:30","guid":{"rendered":"https:\/\/losperiodistas.com.mx\/portal\/?p=76844"},"modified":"2024-06-13T07:04:32","modified_gmt":"2024-06-13T12:04:32","slug":"marea-rosa-podria-reconstituirse-sin-pri-y-sin-claudio-x-tras-fracaso-electoral-la-lista","status":"publish","type":"post","link":"https:\/\/losperiodistas.com.mx\/portal\/marea-rosa-podria-reconstituirse-sin-pri-y-sin-claudio-x-tras-fracaso-electoral-la-lista\/","title":{"rendered":"Marea rosa podr\u00eda reconstituirse sin PRI y sin Claudio X. tras fracaso electoral | La-Lista"},"content":{"rendered":"\n<p class=\"has-medium-font-size\">Tres ciudadanos analizan la derrota electoral de la &#8216;marea rosa&#8217; en las elecciones presidenciales; ven rechazo a la \u00abpol\u00edtica tradicional\u00bb y culpan al PRI y a Claudio X. Gonz\u00e1lez del fracaso electoral.<\/p>\n\n\n\n<figure class=\"wp-block-image size-large\"><img fetchpriority=\"high\" decoding=\"async\" width=\"1024\" height=\"632\" src=\"https:\/\/losperiodistas.com.mx\/portal\/wp-content\/uploads\/2024\/06\/MAREA_ROSA_pan_pri_prd-1024x632.jpg\" alt=\"\" class=\"wp-image-76845\" srcset=\"https:\/\/losperiodistas.com.mx\/portal\/wp-content\/uploads\/2024\/06\/MAREA_ROSA_pan_pri_prd-1024x632.jpg 1024w, https:\/\/losperiodistas.com.mx\/portal\/wp-content\/uploads\/2024\/06\/MAREA_ROSA_pan_pri_prd-300x185.jpg 300w, https:\/\/losperiodistas.com.mx\/portal\/wp-content\/uploads\/2024\/06\/MAREA_ROSA_pan_pri_prd-768x474.jpg 768w, https:\/\/losperiodistas.com.mx\/portal\/wp-content\/uploads\/2024\/06\/MAREA_ROSA_pan_pri_prd.jpg 1280w\" sizes=\"(max-width: 1024px) 100vw, 1024px\" \/><\/figure>\n\n\n\n<p><\/p>\n\n\n\n<p class=\"has-vivid-red-color has-text-color has-medium-font-size\"><strong>Gustavo S\u00e1nchez Ben\u00edtez \/ La-Lista<\/strong><\/p>\n\n\n\n<p>La \u2018marea rosa\u2019 sali\u00f3 a las calles el 2 de junio, con la misi\u00f3n de darle el triunfo a&nbsp;<strong>X\u00f3chitl G\u00e1lvez<\/strong>&nbsp;y lo logr\u00f3\u2026 en el distrito 10 de la&nbsp;<strong>Miguel Hidalgo<\/strong>, donde la panista venci\u00f3 con&nbsp;<strong>50.2%<\/strong>&nbsp;de los votos a&nbsp;<strong>Claudia Sheinbaum<\/strong>, quien obtuvo el&nbsp;<strong>41.4%<\/strong>. Lo mismo pas\u00f3 solo en otro distrito de la capital, en la alcald\u00eda&nbsp;<strong>Benito Ju\u00e1rez<\/strong>. Pero en el resto de la CDMX, gan\u00f3 la morenista.<\/p>\n\n\n\n<p>El movimiento \u201crosa\u201d no alcanz\u00f3 a \u201cempapar\u201d a la mayor\u00eda de la sociedad, sino que se concentr\u00f3 en una parte, que logr\u00f3&nbsp;<strong>16 millones 502 mil 697 votos<\/strong>. Los entusiastas presumen que esta votaci\u00f3n es mayor que la que en su momento tuvieron Ricardo Anaya (12 millones 610 mil votos), Josefina V\u00e1zquez Mota (12 millones 732 mil votos) y Felipe Calder\u00f3n (15 millones de votos), pero lo que no dicen es que la&nbsp;<strong>votaci\u00f3n por los tres partidos<\/strong>&nbsp;-que por primera vez fueron juntos a una elecci\u00f3n presidencial- disminuy\u00f3 en comparaci\u00f3n con 2018 y 2021.<\/p>\n\n\n\n<p>Tres ciudadanos que formaron parte de la \u2018marea\u2019 apuntan\u00a0<strong>contra los dirigentes del PAN-PRI-PRD<\/strong>\u00a0y hasta contra Claudio X. Gonz\u00e1lez, como\u00a0<strong>corresponsables del fracaso<\/strong>.<\/p>\n\n\n\n<p>\u201cNo alcanz\u00f3 (para el triunfo) por<strong>&nbsp;el rechazo que hay a la pol\u00edtica tradicional<\/strong>\u201d, reconoci\u00f3 Amado Avenda\u00f1o, uno de los oradores en las marchas rosas de la CDMX y fundador del Frente C\u00edvico Nacional.<\/p>\n\n\n\n<p>\u201cLa gente ley\u00f3:<strong>&nbsp;estos son los mimos de siempre<\/strong>. El discurso presidencial encontr\u00f3 sentido en la realidad. Cuando califican esta alianza opositora como la oligarqu\u00eda, la gente que no est\u00e1 tan metida en la pol\u00edtica, voltea a ver y le hace sentido. Lo que perme\u00f3 fue:&nbsp;<strong>estos son los mismos de siempre.<\/strong>&nbsp;Esto del&nbsp;<em><strong>PRIAN<\/strong><\/em>&nbsp;tuvo una connotaci\u00f3n tan negativa, que no import\u00f3 tanto que las calles se desbordaran con tanto entusiasmo, lo que perme\u00f3 fue la parte negativa\u201d, reconoci\u00f3 en entrevista para&nbsp;<em>La-Lista<\/em>. &nbsp;<\/p>\n\n\n\n<p>Adem\u00e1s, consider\u00f3 que&nbsp;<strong>hubo candidatos \u201cimpresentables\u201d&nbsp;<\/strong>del&nbsp;<strong>PAN-PRI-PRD<\/strong>, mientras que se vio mal el hecho de que los tres dirigentes se apuntaran en los primeros lugares de los plurinominales.<\/p>\n\n\n\n<figure class=\"wp-block-image\"><a href=\"https:\/\/la-lista.com\/poder\/2024\/06\/04\/sheinbaum-triunfo-en-31-estados-xochitl-solo-gano-en-aguascalientes\" target=\"_blank\" rel=\"noreferrer noopener\"><img decoding=\"async\" src=\"https:\/\/i0.wp.com\/la-lista.com\/wp-content\/uploads\/2024\/06\/prep_aguascalientes.jpg?resize=600%2C278&amp;ssl=1\" alt=\"Marea rosa podr\u00eda reconstituirse sin PRI y sin Claudio X. tras fracaso electoral - prep_aguascalientes-600x278\" title=\"Sheinbaum triunf\u00f3 en 31 estados; X\u00f3chitl s\u00f3lo gan\u00f3 en Aguascalientes\"\/><\/a><\/figure>\n\n\n\n<p><a target=\"_blank\" href=\"https:\/\/la-lista.com\/seccion\/poder\" rel=\"noreferrer noopener\">PODER<\/a><strong><a target=\"_blank\" href=\"https:\/\/la-lista.com\/poder\/2024\/06\/04\/sheinbaum-triunfo-en-31-estados-xochitl-solo-gano-en-aguascalientes\" rel=\"noreferrer noopener\">Sheinbaum triunf\u00f3 en 31 estados; X\u00f3chitl s\u00f3lo gan\u00f3 en Aguascalientes<\/a><\/strong><a target=\"_blank\" href=\"https:\/\/la-lista.com\/poder\/2024\/06\/04\/sheinbaum-triunfo-en-31-estados-xochitl-solo-gano-en-aguascalientes\" rel=\"noreferrer noopener\">LEER MAS<\/a><\/p>\n\n\n\n<p>Miguel \u00c1ngel, mejor conocido en redes como&nbsp;<a href=\"https:\/\/x.com\/macciudadano\" target=\"_blank\" rel=\"noreferrer noopener\">@Macciudadano<\/a>, quien apoy\u00f3 la campa\u00f1a de X\u00f3chitl G\u00e1lvez y tambi\u00e9n fue parte de la \u2018marea rosa\u2019, opin\u00f3 que \u201c<strong>el lastre m\u00e1s importante en estas elecciones en t\u00e9rminos de percepci\u00f3n fue el PRI<\/strong>\u201d. Y puso de ejemplo que Movimiento Ciudadano obtuvo m\u00e1s votos que el tricolor en esta elecci\u00f3n (<strong>5.7 millones frente a 6.2 millones<\/strong>).&nbsp;<\/p>\n\n\n\n<p>Sobre el futuro de la alianza&nbsp;<strong>PAN-PRI<\/strong>, con la inminente&nbsp;<strong>p\u00e9rdida del registro del PRD<\/strong>, asegur\u00f3 que no le ve futuro a esta coalici\u00f3n. \u201cVeo&nbsp;<strong>m\u00e1s a un PAN con Movimiento Ciudadano<\/strong>, o a un PAN con Frente C\u00edvico, pero va a depender mucho de<strong>&nbsp;su nueva dirigencia (de Acci\u00f3n Nacional)\u201d.&nbsp;<\/strong><\/p>\n\n\n\n<p>Y es que tanto el PRI como el PAN se alistan para cambiar de dirigentes, pero en la prensa ha trascendido la intenci\u00f3n de Alejandro Moreno de seguir m\u00e1s tiempo en la dirigencia, pese a los malos resultados del 2 de junio.<\/p>\n\n\n\n<figure class=\"wp-block-image\"><img decoding=\"async\" src=\"https:\/\/i0.wp.com\/la-lista.com\/wp-content\/uploads\/2024\/05\/marea-rosa_clase_media_.jpeg?resize=800%2C600&amp;ssl=1\" alt=\"Marea rosa podr\u00eda reconstituirse sin PRI y sin Claudio X. tras fracaso electoral - marea-rosa_clase_media_\" class=\"wp-image-624613\"\/><figcaption>Foto: Gustavo S\u00e1nchez\/La-Lista<\/figcaption><\/figure>\n\n\n\n<p>Desde Yucat\u00e1n, donde Morena tambi\u00e9n venci\u00f3 al candidato del PRI-PAN en la elecci\u00f3n de gobernador,&nbsp;<strong>Claudia Navarro<\/strong>, mejor conocida como @<a href=\"https:\/\/x.com\/almayucateca1\" target=\"_blank\" rel=\"noreferrer noopener\">almayucateca<\/a>, atribuy\u00f3 a la \u201c<strong>ignorancia de los pobladores<\/strong>\u201d el resultado y dijo sentir \u201c<strong>una gran l\u00e1stima<\/strong>\u201d por la arrolladora victoria que obtuvo el partido en el poder el pasado 2 de junio.<\/p>\n\n\n\n<p>Sin embargo, reconoci\u00f3 que en estos momentos est\u00e1n \u201c<strong>muy d\u00e9biles<\/strong>&nbsp;los partidos de oposici\u00f3n\u201d, particularmente por la mala fama que&nbsp;<strong>\u201cse han ganado\u201d.<\/strong><\/p>\n\n\n\n<p>\u201cMorena se ha ganado estar fuerte por las&nbsp;<strong>ayudas que da<\/strong>, el hecho de que d\u00e9 tanto dinero claro que lo fortalece, pero no es bueno ni para el mismo Morena ni para el mismo gobierno\u201d, afirm\u00f3 en entrevista.<\/p>\n\n\n\n<p>M\u00e1s que pensar en que la \u2018marea rosa\u2019 se reagrupe, lo que ahora espera esta ciudadana es que Claudia Sheinbaum se \u201cindependice\u201d de L\u00f3pez Obrador e incluso espera que en una se\u00f1al de reconciliaci\u00f3n invite a su equipo a X\u00f3chitl G\u00e1lvez, todo con el objetivo de \u201c<strong>unificar el pa\u00eds<\/strong>\u201c.<\/p>\n\n\n\n<figure class=\"wp-block-image\"><img decoding=\"async\" src=\"https:\/\/i0.wp.com\/la-lista.com\/wp-content\/uploads\/2024\/05\/xochitl_galvez_sheinbaum_narcocandidata.jpeg?resize=800%2C493&amp;ssl=1\" alt=\"Marea rosa podr\u00eda reconstituirse sin PRI y sin Claudio X. tras fracaso electoral - xochitl_galvez_sheinbaum_narcocandidata\" class=\"wp-image-627521\"\/><figcaption>Foto: Campa\u00f1a X\u00f3chitl G\u00e1lvez<\/figcaption><\/figure>\n\n\n\n<p>\u201cLas marchas son buenas porque llaman la atenci\u00f3n y el mundo pone los ojos en ti, pero al final no se traducen en resultados. Aqu\u00ed es muy dif\u00edcil, cuando hay un r\u00e9gimen de tanto poder, yo creo que solo un milagro salvar\u00eda a M\u00e9xico. Tenemos una sociedad a la que se le dijo que participara, que votara por quien quisiera, y&nbsp;<strong>falt\u00f3 el 40%, eso te dice qu\u00e9 pa\u00eds somos<\/strong>\u201c, se\u00f1al\u00f3.<\/p>\n\n\n\n<p><strong>Guadalupe Acosta Naranjo<\/strong>, perredista e integrante del Frente C\u00edvico Nacional, convoc\u00f3 a aterrizar propuestas sobre lo que sigue en un&nbsp;<strong>encuentro ciudadano<\/strong>, que se realizar\u00e1 el pr\u00f3ximo s\u00e1bado&nbsp;<strong>6 de julio en un lugar por definir en la Ciudad de M\u00e9xico<\/strong>.&nbsp;<\/p>\n\n\n\n<p>\u201cTenemos que pensar qu\u00e9 es lo que va a seguir en la ruta de nuestro trabajo. Ojal\u00e1 lleguen con ideas por escrito para que hagamos un gran encuentro de pensamiento, analicemos las distintas posibilidades y tomemos decisiones de qu\u00e9 debemos de hacer\u201d,&nbsp;refiri\u00f3.<\/p>\n\n\n\n<p>Incluso, plante\u00f3 recorridos por todo M\u00e9xico, con el fin de construir una nueva visi\u00f3n de pa\u00eds, incluso de la minor\u00eda. \u201c(Llamo) a visitar todas las entidades, para reencontrarnos y coincidir aquellos que<strong>&nbsp;no queremos que se profundice la antidemocracia&nbsp;en este pa\u00eds<\/strong>. A construir un nuevo esfuerzo, una nueva alternativa, que tenga como caracter\u00edstica ser una disruptiva, nueva, plenamente ciudadana, y que permita reorganizar nuestra lucha\u201d, propuso Acosta Naranjo.<\/p>\n\n\n\n<figure class=\"wp-block-image\"><a href=\"https:\/\/la-lista.com\/poder\/politica\/2024\/06\/05\/xochitl-galvez-anuncia-que-regresa-al-senado-de-la-republica\" target=\"_blank\" rel=\"noreferrer noopener\"><img decoding=\"async\" src=\"https:\/\/i0.wp.com\/la-lista.com\/wp-content\/uploads\/2024\/04\/propuestas-de-xochitl-galvez-fb.jpg?resize=600%2C370&amp;ssl=1\" alt=\"Marea rosa podr\u00eda reconstituirse sin PRI y sin Claudio X. tras fracaso electoral - propuestas-de-xochitl-galvez-fb-600x370\" title=\"X\u00f3chitl G\u00e1lvez anuncia que regresa al Senado de la Rep\u00fablica\"\/><\/a><\/figure>\n\n\n\n<p><a target=\"_blank\" href=\"https:\/\/la-lista.com\/seccion\/poder\" rel=\"noreferrer noopener\">PODER<\/a><strong><a target=\"_blank\" href=\"https:\/\/la-lista.com\/poder\/politica\/2024\/06\/05\/xochitl-galvez-anuncia-que-regresa-al-senado-de-la-republica\" rel=\"noreferrer noopener\">X\u00f3chitl G\u00e1lvez anuncia que regresa al Senado de la Rep\u00fablica<\/a><\/strong><a target=\"_blank\" href=\"https:\/\/la-lista.com\/poder\/politica\/2024\/06\/05\/xochitl-galvez-anuncia-que-regresa-al-senado-de-la-republica\" rel=\"noreferrer noopener\">LEER MAS<\/a><\/p>\n\n\n\n<p>Mientras que Amado Avenda\u00f1o descart\u00f3 que este movimiento se convierta en un partido pol\u00edtico y alert\u00f3 que de dar ese paso la marea rosa cerrar\u00eda las puertas a la pluralidad y la participaci\u00f3n. \u201cEs como la selecci\u00f3n nacional,&nbsp;<strong>no la puedes convertir en un equipo de primera divisi\u00f3n<\/strong>, (pues) es un espacio donde cabemos todos\u201d.<\/p>\n\n\n\n<p>\u201cEs probable que dentro de la marea rosa hayan expresiones que quieran convertirse en partidos pol\u00edticos, pero&nbsp;<strong>deben haber esos dos espacios.<\/strong>&nbsp;Si as\u00ed se consulta con la ciudadan\u00eda, esa marea rosa&nbsp;<strong>podr\u00eda tener un brazo para la participaci\u00f3n pol\u00edtica<\/strong>. Pero marea rosa como partido pol\u00edtico no estar\u00eda bien porque hay gente que no quiere estar nunca en la pol\u00edtica.&nbsp;<strong>Debe crearse un brazo de la marea rosa que pudiera convertirse en una fuerza pol\u00edtica formal<\/strong>, eso ser\u00e1 motivo de consulta, pero la marea rosa como tal no creo que sea prudente.&nbsp;<strong>Que no se lleven el nombre ni los colores\u201d,<\/strong>&nbsp;pidi\u00f3.<\/p>\n\n\n\n<p>Y en ese sentido, @Macciudadano asegur\u00f3 que la oposici\u00f3n podr\u00eda volver a probar la \u201c<strong>receta del fracaso<\/strong>\u201d si pol\u00edticos de otros partidos se&nbsp;<strong>intentan disfrazar de sociedad civil.<\/strong><\/p>\n\n\n\n<p>\u201cYo no estoy a favor de construir un partido desde los mismos errores, es una receta para el fracaso\u201d, se\u00f1al\u00f3.<\/p>\n\n\n\n<p>Avenda\u00f1o apunt\u00f3 que una nueva movilizaci\u00f3n de la \u201cmarea rosa\u201d podr\u00eda darse en septiembre, en el marco de la discusi\u00f3n de la\u00a0<strong>reforma al poder judicial<\/strong>. Y para entonces, ya tendr\u00edan definida una posible ruta a seguir como oposici\u00f3n en los siguientes 6 a\u00f1os, ante un segundo gobierno de Morena.<\/p>\n\n\n\n<p>Fuente: <a href=\"https:\/\/la-lista.com\/poder\/politica\/2024\/06\/13\/la-marea-rosa-podria-reconstituirse-tras-fracaso-electoral-sin-pri-y-sin-claudio-x\">https:\/\/la-lista.com\/poder\/politica\/2024\/06\/13\/la-marea-rosa-podria-reconstituirse-tras-fracaso-electoral-sin-pri-y-sin-claudio-x<\/a><\/p>\n\n\n\n<p><\/p>\n\n\n\n<p><\/p>\n","protected":false},"excerpt":{"rendered":"<p>Tres ciudadanos analizan la derrota electoral de la &#8216;marea rosa&#8217; en las elecciones presidenciales; ven rechazo a la \u00abpol\u00edtica tradicional\u00bb [&hellip;]<\/p>\n","protected":false},"author":1,"featured_media":76845,"comment_status":"open","ping_status":"open","sticky":false,"template":"","format":"standard","meta":{"site-sidebar-layout":"default","site-content-layout":"","ast-site-content-layout":"default","site-content-style":"default","site-sidebar-style":"default","ast-global-header-display":"","ast-banner-title-visibility":"","ast-main-header-display":"","ast-hfb-above-header-display":"","ast-hfb-below-header-display":"","ast-hfb-mobile-header-display":"","site-post-title":"","ast-breadcrumbs-content":"","ast-featured-img":"","footer-sml-layout":"","theme-transparent-header-meta":"","adv-header-id-meta":"","stick-header-meta":"","header-above-stick-meta":"","header-main-stick-meta":"","header-below-stick-meta":"","astra-migrate-meta-layouts":"default","ast-page-background-enabled":"default","ast-page-background-meta":{"desktop":{"background-color":"var(--ast-global-color-4)","background-image":"","background-repeat":"repeat","background-position":"center center","background-size":"auto","background-attachment":"scroll","background-type":"","background-media":"","overlay-type":"","overlay-color":"","overlay-opacity":"","overlay-gradient":""},"tablet":{"background-color":"","background-image":"","background-repeat":"repeat","background-position":"center center","background-size":"auto","background-attachment":"scroll","background-type":"","background-media":"","overlay-type":"","overlay-color":"","overlay-opacity":"","overlay-gradient":""},"mobile":{"background-color":"","background-image":"","background-repeat":"repeat","background-position":"center center","background-size":"auto","background-attachment":"scroll","background-type":"","background-media":"","overlay-type":"","overlay-color":"","overlay-opacity":"","overlay-gradient":""}},"ast-content-background-meta":{"desktop":{"background-color":"var(--ast-global-color-5)","background-image":"","background-repeat":"repeat","background-position":"center center","background-size":"auto","background-attachment":"scroll","background-type":"","background-media":"","overlay-type":"","overlay-color":"","overlay-opacity":"","overlay-gradient":""},"tablet":{"background-color":"var(--ast-global-color-5)","background-image":"","background-repeat":"repeat","background-position":"center center","background-size":"auto","background-attachment":"scroll","background-type":"","background-media":"","overlay-type":"","overlay-color":"","overlay-opacity":"","overlay-gradient":""},"mobile":{"background-color":"var(--ast-global-color-5)","background-image":"","background-repeat":"repeat","background-position":"center center","background-size":"auto","background-attachment":"scroll","background-type":"","background-media":"","overlay-type":"","overlay-color":"","overlay-opacity":"","overlay-gradient":""}},"footnotes":""},"categories":[8],"tags":[13057,1916,25055,1978,26164],"class_list":["post-76844","post","type-post","status-publish","format-standard","has-post-thumbnail","hentry","category-noticias","tag-claudio-x-gonzalez-2","tag-democracia","tag-marea-rosa","tag-pri","tag-rechazo-a-politica-tradicional"],"_links":{"self":[{"href":"https:\/\/losperiodistas.com.mx\/portal\/wp-json\/wp\/v2\/posts\/76844","targetHints":{"allow":["GET"]}}],"collection":[{"href":"https:\/\/losperiodistas.com.mx\/portal\/wp-json\/wp\/v2\/posts"}],"about":[{"href":"https:\/\/losperiodistas.com.mx\/portal\/wp-json\/wp\/v2\/types\/post"}],"author":[{"embeddable":true,"href":"https:\/\/losperiodistas.com.mx\/portal\/wp-json\/wp\/v2\/users\/1"}],"replies":[{"embeddable":true,"href":"https:\/\/losperiodistas.com.mx\/portal\/wp-json\/wp\/v2\/comments?post=76844"}],"version-history":[{"count":1,"href":"https:\/\/losperiodistas.com.mx\/portal\/wp-json\/wp\/v2\/posts\/76844\/revisions"}],"predecessor-version":[{"id":76846,"href":"https:\/\/losperiodistas.com.mx\/portal\/wp-json\/wp\/v2\/posts\/76844\/revisions\/76846"}],"wp:featuredmedia":[{"embeddable":true,"href":"https:\/\/losperiodistas.com.mx\/portal\/wp-json\/wp\/v2\/media\/76845"}],"wp:attachment":[{"href":"https:\/\/losperiodistas.com.mx\/portal\/wp-json\/wp\/v2\/media?parent=76844"}],"wp:term":[{"taxonomy":"category","embeddable":true,"href":"https:\/\/losperiodistas.com.mx\/portal\/wp-json\/wp\/v2\/categories?post=76844"},{"taxonomy":"post_tag","embeddable":true,"href":"https:\/\/losperiodistas.com.mx\/portal\/wp-json\/wp\/v2\/tags?post=76844"}],"curies":[{"name":"wp","href":"https:\/\/api.w.org\/{rel}","templated":true}]}}