{"id":76841,"date":"2024-06-13T06:49:54","date_gmt":"2024-06-13T11:49:54","guid":{"rendered":"https:\/\/losperiodistas.com.mx\/portal\/?p=76841"},"modified":"2024-06-13T06:49:56","modified_gmt":"2024-06-13T11:49:56","slug":"los-elefantes-se-llaman-por-su-nombre-para-identificarse-dentro-de-la-manada-publico","status":"publish","type":"post","link":"https:\/\/losperiodistas.com.mx\/portal\/los-elefantes-se-llaman-por-su-nombre-para-identificarse-dentro-de-la-manada-publico\/","title":{"rendered":"Los elefantes se llaman por su nombre para identificarse dentro de la manada | P\u00fablico"},"content":{"rendered":"\n<h2 class=\"wp-block-heading\" id=\"m69-68-70\">Un estudio publicado por la revista &#8216;Nature Ecology and Evolution&#8217; revela que responden al escuchar su nombre por parte de otro animal del grupo.&nbsp;<\/h2>\n\n\n\n<figure class=\"wp-block-image size-full\"><img fetchpriority=\"high\" decoding=\"async\" width=\"990\" height=\"660\" src=\"https:\/\/losperiodistas.com.mx\/portal\/wp-content\/uploads\/2024\/06\/6667266e9cf87.jpg\" alt=\"\" class=\"wp-image-76842\" srcset=\"https:\/\/losperiodistas.com.mx\/portal\/wp-content\/uploads\/2024\/06\/6667266e9cf87.jpg 990w, https:\/\/losperiodistas.com.mx\/portal\/wp-content\/uploads\/2024\/06\/6667266e9cf87-300x200.jpg 300w, https:\/\/losperiodistas.com.mx\/portal\/wp-content\/uploads\/2024\/06\/6667266e9cf87-768x512.jpg 768w\" sizes=\"(max-width: 990px) 100vw, 990px\" \/><figcaption>Dos elefantes pertenecientes al estudio que revela que estos animales se identifican entre s\u00ed con un nombre propio.\u00a0<em>\u2014<\/em>\u00a0<em>George Wittemyer<\/em>\u00a0<em>\/<\/em>\u00a0<em>EFE<\/em><\/figcaption><\/figure>\n\n\n\n<p class=\"has-vivid-red-color has-text-color has-medium-font-size\"><strong>REDACCI\u00d3N P\u00daBLICO<\/strong><\/p>\n\n\n\n<p id=\"m234-233-235\">La revista&nbsp;<a href=\"https:\/\/www.nature.com\/natecolevol\/\" target=\"_blank\" rel=\"noreferrer noopener\"><em>Nature Ecology and Evolution<\/em><\/a>&nbsp;ha publicado una investigaci\u00f3n que revela que&nbsp;<strong>los elefantes se identifican entre s\u00ed por nombre propios<\/strong>&nbsp;que se adjudican. El estudio ha durado&nbsp;<strong>cuatro a\u00f1os<\/strong>&nbsp;y ha analizado a animales de dos reservas naturales de Kenia, la de Samburu y la del Parque Nacional de Amboseli.&nbsp;<\/p>\n\n\n\n<p id=\"m239-1-240\">Los investigadores recogieron distintos&nbsp;<a href=\"https:\/\/www.publico.es\/tag\/elefantes#analytics-noticia:contenido-enlace\"><strong>sonidos proyectados por los elefantes<\/strong>.<\/a>&nbsp;Cuando los reprodujeron ante el mismo grupo de ejemplares, estos&nbsp;<strong>reaccionaban al escuchar su nombre<\/strong>: se acercaban al interlocutor o devolv\u00edan la llamada.&nbsp;<\/p>\n\n\n\n<p id=\"m244-2-245\">Cada elefante respondi\u00f3 al escuchar su propio nombre por parte de otro ejemplar de la manada, pero no al o\u00edr el de los dem\u00e1s, lo que demostr\u00f3 el&nbsp;<strong>reconocimiento de los sonidos vocales asociados a su nombre.<\/strong><\/p>\n\n\n\n<ul class=\"wp-block-list\"><li><\/li><\/ul>\n\n\n\n<p id=\"m249-3-250\">Los cient\u00edficos realizaron un trabajo de campo de&nbsp;<strong>14 meses<\/strong>&nbsp;y grabaron hasta&nbsp;<strong>470 sonidos distintos<\/strong>&nbsp;de 101 ejemplares que se dirig\u00edan a 117 receptores \u00fanicos. En ese tiempo, observaron que se llamaban con m\u00e1s frecuencia cuando&nbsp;estaban a cierta distancia o cuando los adultos hablaban con las cr\u00edas.&nbsp;<\/p>\n\n\n\n<h2 class=\"wp-block-heading\" id=\"m254-4-255\">Similar a los humanos<\/h2>\n\n\n\n<p id=\"m259-5-260\">El autor principal del estudio,&nbsp;<strong>Michael Pardo<\/strong>, ha explicado que los delfines y los loros se llaman entre s\u00ed imitando \u00abla firma del destinatario\u00bb. Sin embargo, estos elefantes&nbsp;<strong>no se basan en la repetici\u00f3n de las llamadas<\/strong>&nbsp;del receptor para dirigirse a otros,&nbsp;lo que es m\u00e1s similar a la forma en que funcionan los nombres humanos\u00bb, ha comentado.&nbsp;<\/p>\n\n\n\n<p id=\"m264-6-265\">Esta habilidad para la comunicaci\u00f3n arbitraria, en la que un sonido representa una idea pero no la imita, est\u00e1 considerada una capacidad cognitiva de alto nivel y abre la posibilidad de que los elefantes tengan&nbsp;<strong>pensamiento abstracto<\/strong>.&nbsp;<\/p>\n\n\n\n<ul class=\"wp-block-list\"><li><\/li><\/ul>\n\n\n\n<h2 class=\"wp-block-heading\" id=\"m269-7-270\">\u00bfQu\u00e9 se comunican?<\/h2>\n\n\n\n<p id=\"m274-8-275\">Adem\u00e1s de llamarse por sus nombres, los elefantes son muy comunicativos. Estos transmiten con sus llamadas todo tipo de informaci\u00f3n, como la&nbsp;<strong>identidad, la edad, el sexo, el estado emocional<\/strong>&nbsp;y el contexto conductual del interlocutor.<\/p>\n\n\n\n<p id=\"m279-9-280\">Son capaces de coordinar&nbsp;<strong>movimientos enteros de una manada<\/strong>&nbsp;a lo largo de grandes distancias y sus&nbsp;vocalizaciones, se\u00f1ala el estudio, abarcan un amplio espectro de frecuencias, incluidos sonidos infras\u00f3nicos por debajo del rango audible del o\u00eddo humano.&nbsp;<\/p>\n\n\n\n<p id=\"m284-10-285\">El pr\u00f3ximo cap\u00edtulo de la investigaci\u00f3n ser\u00e1 averiguar si estos animales designan sonidos para otros elementos con los que conviven, como el\u00a0<strong>agua, la comida o los lugares<\/strong>.\u00a0<\/p>\n\n\n\n<p>Fuente: <a href=\"https:\/\/www.publico.es\/ciencias\/elefantes-llaman-nombre-identificarse-manada.html#analytics-seccion:listado\">https:\/\/www.publico.es\/ciencias\/elefantes-llaman-nombre-identificarse-manada.html#analytics-seccion:listado<\/a><\/p>\n","protected":false},"excerpt":{"rendered":"<p>Un estudio publicado por la revista &#8216;Nature Ecology and Evolution&#8217; revela que responden al escuchar su nombre por parte de [&hellip;]<\/p>\n","protected":false},"author":1,"featured_media":76842,"comment_status":"open","ping_status":"open","sticky":false,"template":"","format":"standard","meta":{"site-sidebar-layout":"default","site-content-layout":"","ast-site-content-layout":"default","site-content-style":"default","site-sidebar-style":"default","ast-global-header-display":"","ast-banner-title-visibility":"","ast-main-header-display":"","ast-hfb-above-header-display":"","ast-hfb-below-header-display":"","ast-hfb-mobile-header-display":"","site-post-title":"","ast-breadcrumbs-content":"","ast-featured-img":"","footer-sml-layout":"","theme-transparent-header-meta":"","adv-header-id-meta":"","stick-header-meta":"","header-above-stick-meta":"","header-main-stick-meta":"","header-below-stick-meta":"","astra-migrate-meta-layouts":"default","ast-page-background-enabled":"default","ast-page-background-meta":{"desktop":{"background-color":"var(--ast-global-color-4)","background-image":"","background-repeat":"repeat","background-position":"center center","background-size":"auto","background-attachment":"scroll","background-type":"","background-media":"","overlay-type":"","overlay-color":"","overlay-opacity":"","overlay-gradient":""},"tablet":{"background-color":"","background-image":"","background-repeat":"repeat","background-position":"center center","background-size":"auto","background-attachment":"scroll","background-type":"","background-media":"","overlay-type":"","overlay-color":"","overlay-opacity":"","overlay-gradient":""},"mobile":{"background-color":"","background-image":"","background-repeat":"repeat","background-position":"center center","background-size":"auto","background-attachment":"scroll","background-type":"","background-media":"","overlay-type":"","overlay-color":"","overlay-opacity":"","overlay-gradient":""}},"ast-content-background-meta":{"desktop":{"background-color":"var(--ast-global-color-5)","background-image":"","background-repeat":"repeat","background-position":"center center","background-size":"auto","background-attachment":"scroll","background-type":"","background-media":"","overlay-type":"","overlay-color":"","overlay-opacity":"","overlay-gradient":""},"tablet":{"background-color":"var(--ast-global-color-5)","background-image":"","background-repeat":"repeat","background-position":"center center","background-size":"auto","background-attachment":"scroll","background-type":"","background-media":"","overlay-type":"","overlay-color":"","overlay-opacity":"","overlay-gradient":""},"mobile":{"background-color":"var(--ast-global-color-5)","background-image":"","background-repeat":"repeat","background-position":"center center","background-size":"auto","background-attachment":"scroll","background-type":"","background-media":"","overlay-type":"","overlay-color":"","overlay-opacity":"","overlay-gradient":""}},"footnotes":""},"categories":[8],"tags":[26162,26161,26163],"class_list":["post-76841","post","type-post","status-publish","format-standard","has-post-thumbnail","hentry","category-noticias","tag-comunicacion-entre-animales","tag-elefantes","tag-nature-ecology-and-evolution"],"_links":{"self":[{"href":"https:\/\/losperiodistas.com.mx\/portal\/wp-json\/wp\/v2\/posts\/76841","targetHints":{"allow":["GET"]}}],"collection":[{"href":"https:\/\/losperiodistas.com.mx\/portal\/wp-json\/wp\/v2\/posts"}],"about":[{"href":"https:\/\/losperiodistas.com.mx\/portal\/wp-json\/wp\/v2\/types\/post"}],"author":[{"embeddable":true,"href":"https:\/\/losperiodistas.com.mx\/portal\/wp-json\/wp\/v2\/users\/1"}],"replies":[{"embeddable":true,"href":"https:\/\/losperiodistas.com.mx\/portal\/wp-json\/wp\/v2\/comments?post=76841"}],"version-history":[{"count":1,"href":"https:\/\/losperiodistas.com.mx\/portal\/wp-json\/wp\/v2\/posts\/76841\/revisions"}],"predecessor-version":[{"id":76843,"href":"https:\/\/losperiodistas.com.mx\/portal\/wp-json\/wp\/v2\/posts\/76841\/revisions\/76843"}],"wp:featuredmedia":[{"embeddable":true,"href":"https:\/\/losperiodistas.com.mx\/portal\/wp-json\/wp\/v2\/media\/76842"}],"wp:attachment":[{"href":"https:\/\/losperiodistas.com.mx\/portal\/wp-json\/wp\/v2\/media?parent=76841"}],"wp:term":[{"taxonomy":"category","embeddable":true,"href":"https:\/\/losperiodistas.com.mx\/portal\/wp-json\/wp\/v2\/categories?post=76841"},{"taxonomy":"post_tag","embeddable":true,"href":"https:\/\/losperiodistas.com.mx\/portal\/wp-json\/wp\/v2\/tags?post=76841"}],"curies":[{"name":"wp","href":"https:\/\/api.w.org\/{rel}","templated":true}]}}