{"id":76834,"date":"2024-06-13T06:41:04","date_gmt":"2024-06-13T11:41:04","guid":{"rendered":"https:\/\/losperiodistas.com.mx\/portal\/?p=76834"},"modified":"2024-06-13T06:41:06","modified_gmt":"2024-06-13T11:41:06","slug":"fallaron-partidos-sobro-ciudadania-dice-galvez-frupo-reforma","status":"publish","type":"post","link":"https:\/\/losperiodistas.com.mx\/portal\/fallaron-partidos-sobro-ciudadania-dice-galvez-frupo-reforma\/","title":{"rendered":"&#8216;Fallaron partidos, sobr\u00f3 ciudadan\u00eda&#8217;, dice G\u00e1lvez | Frupo Reforma"},"content":{"rendered":"\n<figure class=\"wp-block-embed is-type-video is-provider-youtube wp-block-embed-youtube wp-embed-aspect-16-9 wp-has-aspect-ratio\"><div class=\"wp-block-embed__wrapper\">\n<iframe title=\"Relata X\u00f3chitl choque con Marko en noche electoral\" width=\"500\" height=\"281\" src=\"https:\/\/www.youtube.com\/embed\/bj9lR-sBsD4?feature=oembed\" frameborder=\"0\" allow=\"accelerometer; autoplay; clipboard-write; encrypted-media; gyroscope; picture-in-picture; web-share\" referrerpolicy=\"strict-origin-when-cross-origin\" allowfullscreen><\/iframe>\n<\/div><\/figure>\n\n\n\n<p><\/p>\n\n\n\n<p class=\"has-vivid-red-color has-text-color has-medium-font-size\"><strong>ROBERTO ZAMARRIPA \/ GRUPO REFORMA<\/strong><\/p>\n\n\n\n<p>Diez d\u00edas despu\u00e9s, la panista X\u00f3chitl G\u00e1lvez resume las causas de su derrota con la morenista Claudia Sheinbaum: las estructuras de los partidos eran inexistentes.<\/p>\n\n\n\n<p>CONTENIDO RELACIONADO<\/p>\n\n\n\n<ul class=\"wp-block-list\"><li><a href=\"https:\/\/www.reforma.com\/marko-me-levanto-la-voz-por-felicitar-a-claudia-xochitl\/ar2824074?v=3\">Marko me levant\u00f3 la voz por felicitar a Claudia.- X\u00f3chitl<\/a><\/li><\/ul>\n\n\n\n<ul class=\"wp-block-list\"><li><a href=\"https:\/\/www.reforma.com\/marko-y-sus-gandallas-solo-querian-pluris-acusa-orozco\/ar2824049\">Marko y sus gandallas solo quer\u00edan &#8216;pluris&#8217;, acusa Orozco<\/a><\/li><\/ul>\n\n\n\n<ul class=\"wp-block-list\"><li><a href=\"https:\/\/www.reforma.com\/que-le-baje-a-su-soberbia-pide-zepeda-a-marko-cortes\/ar2823967?v=2\">Que le baje a su soberbia, pide Zepeda a Marko Cort\u00e9s<\/a><\/li><\/ul>\n\n\n\n<ul class=\"wp-block-list\"><li><a href=\"https:\/\/www.reforma.com\/en-congruencia-que-renuncie-cortes-dice-max-cortazar\/ar2823530?v=6\">&#8216;En congruencia, que renuncie Cort\u00e9s&#8217;, dice Max Cort\u00e1zar<\/a><\/li><\/ul>\n\n\n\n<ul class=\"wp-block-list\"><li><a href=\"https:\/\/www.reforma.com\/piso-42-de-la-ilusion-a-la-bronca\/ar2821825?v=4\">Piso 42: de la ilusi\u00f3n a la bronca<\/a><\/li><\/ul>\n\n\n\n<p><\/p>\n\n\n\n<p>Esto, explica, contrast\u00f3 con la movilizaci\u00f3n espont\u00e1nea de los ciudadanos, que era real y muy importante.<\/p>\n\n\n\n<p>\u00abMe di cuenta que en los estados no se ha hecho un trabajo partidista de la dimensi\u00f3n que Morena estaba haciendo. Se ha abandonado mucho el trabajo territorial.<\/p>\n\n\n\n<p>Por ejemplo, yo cuando visit\u00e9 Oaxaca, Chiapas, Tabasco, Campeche, pues me di cuenta de la poca estructura que hab\u00eda de los tres partidos (PAN, PRI y PRD)\u00bb.\u00bbLa ciudadan\u00eda jug\u00f3 un papel muy importante. Por eso estoy s\u00faper agradecida con los ciudadanos. Porque hubo ciudadanos que hicieron sus camisetas, hicieron sus estampas, hicieron su publicidad\u00bb, explica en entrevista con Grupo REFORMA.<\/p>\n\n\n\n<p>La ex candidata describe una batalla con las manos atadas.<\/p>\n\n\n\n<p>No pudo decidir candidaturas de legisladores ni Gobernadores; no decidi\u00f3 la disposici\u00f3n del dinero para la campa\u00f1a; no llevaba mano en el mensaje central de la campa\u00f1a. Tampoco conoci\u00f3 datos reales de encuestas.<\/p>\n\n\n\n<p>\u00abEl dinero que hab\u00eda era de los partidos pol\u00edticos. Poco dinero para la magnitud de cubrir un Pa\u00eds. El partido (PAN) nos dijo: &#8216;ya contrat\u00e9 tantos espectaculares&#8217;. Cuando cuestionamos nos dijeron: &#8216;es que lo hice desde hace seis meses'\u00bb, revela.<\/p>\n\n\n\n<p>\u00abLa publicidad fue muy dif\u00edcil que llegara. Todo lo hace el partido. La campa\u00f1a de nosotros no ten\u00eda recursos para decir: &#8216;manden a hacer dos millones de playeras&#8217;, o queremos esto o los spots de televisi\u00f3n\u00bb.<\/p>\n\n\n\n<p>X\u00f3chitl no aparenta resentimiento. Aunque s\u00ed trata de ser puntual. Se\u00f1ala que el jefe partidista del PAN, Marko Cort\u00e9s, no s\u00f3lo limit\u00f3 los recursos sino que fue insolente, agresivo, cuando ella decidi\u00f3 admitir los resultados desfavorables y llamarle a Sheinbaum para felicitarla.<\/p>\n\n\n\n<p>Relata el incidente en el piso 42 de un hotel de Polanco donde ten\u00eda su cuarto de guerra el equipo de campa\u00f1a.<\/p>\n\n\n\n<p>\u00abA las 7 de la noche me dicen que efectivamente ganamos la Ciudad, que ganamos Veracruz, Puebla, Yucat\u00e1n, Guanajuato, Morelos\u00bb.<\/p>\n\n\n\n<p>-\u00bfTe enga\u00f1aron X\u00f3chitl?<\/p>\n\n\n\n<p>-No, tampoco soy una inocente. Dec\u00edan que hab\u00eda evidencia o hab\u00eda proyecciones, porque la palabra proyecciones fue algo que surgi\u00f3 el domingo. Que las proyecciones nos eran positivas y que est\u00e1bamos ganando estas ciudades.<\/p>\n\n\n\n<p>A\u00f1ade: \u00aben el momento que sale el conteo r\u00e1pido, que es brutal, que es contundente yo tomo la decisi\u00f3n de marcarle; le pido a Max (Cort\u00e1zar) que me comunique con Claudia Sheinbaum, porque a m\u00ed me parece que en una democracia es tu deber reconocer tu derrota. O sea, es lo \u00e9tico, es lo que debe de hacer un dem\u00f3crata\u00bb, narra.<\/p>\n\n\n\n<p>Sheinbaum revela en su aparici\u00f3n tras los datos revelados por el INE, que hab\u00eda recibido la llamada de G\u00e1lvez.<\/p>\n\n\n\n<p>Eso enerva al dirigente panista Marko Cort\u00e9s, quien acude al piso 42 a encarar a la candidata.<\/p>\n\n\n\n<p>G\u00e1lvez estaba redactando su discurso de aceptaci\u00f3n de la derrota donde plasmar\u00eda su felicitaci\u00f3n a Sheinbaum y revela que el l\u00edder panista le grit\u00f3 reiteradamente.<\/p>\n\n\n\n<p>\u00abMarko pide que se quite la parte de felicitar, y se arma ah\u00ed un debate fuerte. Muchos hombres, al igual que el Presidente (AMLO), tienen que aprender a manejar su masculinidad. Muchos hombres creen que gritando, que ofendiendo a las mujeres, resuelven los problemas. Los hombres tienen que entender que las mujeres ejercemos la pol\u00edtica de una manera distinta, y en m\u00ed lo correcto era felicitar a Claudia. O sea, no lo dud\u00e9.<\/p>\n\n\n\n<p>Eso no quiere decir que no se\u00f1al\u00e9 toda la inequidad de la elecci\u00f3n, pero de que estaban los votos. Esa noche estaban los votos\u00bb.<\/p>\n\n\n\n<p>-\u00bfTraiciones, traidores en tu campa\u00f1a?<\/p>\n\n\n\n<p>\u00abPues mira, los que te hablan para darte datos imprecisos. O sea, hay cosas que no son ciertas. Yo no manej\u00e9 dinero de la campa\u00f1a. Yo no manej\u00e9 un peso de la campa\u00f1a. Muchos siempre vieron que no hab\u00eda mucha chance de ganar. Todo el mundo dec\u00eda: &#8216;est\u00e1 dur\u00edsimo&#8217;. Pero mira, al final de cuentas, se movi\u00f3, se emocion\u00f3. La esperanza s\u00ed cambi\u00f3 de manos por un rato. No nos alcanz\u00f3\u00bb.<\/p>\n\n\n\n<p>G\u00e1lvez externa un mensaje de reconciliaci\u00f3n frente a un Pa\u00eds que, afirma, est\u00e1 en duelo.<\/p>\n\n\n\n<p>\u00abS\u00e9 que la gente est\u00e1 desconcertada, est\u00e1 deprimida&#8230; S\u00ed hay un duelo en el Pa\u00eds porque creen que nos va a ir muy mal. Y s\u00ed, nos puede ir muy mal, si no se toman buenas decisiones. Hago votos porque la Presidenta electa tome buenas decisiones por el Pa\u00eds. Y yo dir\u00eda a las familias: p\u00e1renle al odio, p\u00e1renle a la polarizaci\u00f3n, p\u00e1renle a los pleitos familiares. Porque al final, la clase pol\u00edtica se pone de acuerdo\u00bb, expone.<\/p>\n\n\n\n<p>Fuente: <a href=\"https:\/\/www.reforma.com\/fallaron-partidos-sobro-ciudadania-dice-galvez\/ar2823976?v=5\">https:\/\/www.reforma.com\/fallaron-partidos-sobro-ciudadania-dice-galvez\/ar2823976?v=5<\/a><\/p>\n","protected":false},"excerpt":{"rendered":"<p>ROBERTO ZAMARRIPA \/ GRUPO REFORMA Diez d\u00edas despu\u00e9s, la panista X\u00f3chitl G\u00e1lvez resume las causas de su derrota con la [&hellip;]<\/p>\n","protected":false},"author":1,"featured_media":76835,"comment_status":"open","ping_status":"open","sticky":false,"template":"","format":"standard","meta":{"site-sidebar-layout":"default","site-content-layout":"","ast-site-content-layout":"default","site-content-style":"default","site-sidebar-style":"default","ast-global-header-display":"","ast-banner-title-visibility":"","ast-main-header-display":"","ast-hfb-above-header-display":"","ast-hfb-below-header-display":"","ast-hfb-mobile-header-display":"","site-post-title":"","ast-breadcrumbs-content":"","ast-featured-img":"","footer-sml-layout":"","theme-transparent-header-meta":"","adv-header-id-meta":"","stick-header-meta":"","header-above-stick-meta":"","header-main-stick-meta":"","header-below-stick-meta":"","astra-migrate-meta-layouts":"default","ast-page-background-enabled":"default","ast-page-background-meta":{"desktop":{"background-color":"var(--ast-global-color-4)","background-image":"","background-repeat":"repeat","background-position":"center center","background-size":"auto","background-attachment":"scroll","background-type":"","background-media":"","overlay-type":"","overlay-color":"","overlay-opacity":"","overlay-gradient":""},"tablet":{"background-color":"","background-image":"","background-repeat":"repeat","background-position":"center center","background-size":"auto","background-attachment":"scroll","background-type":"","background-media":"","overlay-type":"","overlay-color":"","overlay-opacity":"","overlay-gradient":""},"mobile":{"background-color":"","background-image":"","background-repeat":"repeat","background-position":"center center","background-size":"auto","background-attachment":"scroll","background-type":"","background-media":"","overlay-type":"","overlay-color":"","overlay-opacity":"","overlay-gradient":""}},"ast-content-background-meta":{"desktop":{"background-color":"var(--ast-global-color-5)","background-image":"","background-repeat":"repeat","background-position":"center center","background-size":"auto","background-attachment":"scroll","background-type":"","background-media":"","overlay-type":"","overlay-color":"","overlay-opacity":"","overlay-gradient":""},"tablet":{"background-color":"var(--ast-global-color-5)","background-image":"","background-repeat":"repeat","background-position":"center center","background-size":"auto","background-attachment":"scroll","background-type":"","background-media":"","overlay-type":"","overlay-color":"","overlay-opacity":"","overlay-gradient":""},"mobile":{"background-color":"var(--ast-global-color-5)","background-image":"","background-repeat":"repeat","background-position":"center center","background-size":"auto","background-attachment":"scroll","background-type":"","background-media":"","overlay-type":"","overlay-color":"","overlay-opacity":"","overlay-gradient":""}},"footnotes":""},"categories":[8],"tags":[26160,2089,26159,5507,14772],"class_list":["post-76834","post","type-post","status-publish","format-standard","has-post-thumbnail","hentry","category-noticias","tag-ciudadania-jugo-papel-importante","tag-marko-cortes","tag-partidos-fallaron","tag-vicente-fox","tag-xochitl-galvez"],"_links":{"self":[{"href":"https:\/\/losperiodistas.com.mx\/portal\/wp-json\/wp\/v2\/posts\/76834","targetHints":{"allow":["GET"]}}],"collection":[{"href":"https:\/\/losperiodistas.com.mx\/portal\/wp-json\/wp\/v2\/posts"}],"about":[{"href":"https:\/\/losperiodistas.com.mx\/portal\/wp-json\/wp\/v2\/types\/post"}],"author":[{"embeddable":true,"href":"https:\/\/losperiodistas.com.mx\/portal\/wp-json\/wp\/v2\/users\/1"}],"replies":[{"embeddable":true,"href":"https:\/\/losperiodistas.com.mx\/portal\/wp-json\/wp\/v2\/comments?post=76834"}],"version-history":[{"count":1,"href":"https:\/\/losperiodistas.com.mx\/portal\/wp-json\/wp\/v2\/posts\/76834\/revisions"}],"predecessor-version":[{"id":76836,"href":"https:\/\/losperiodistas.com.mx\/portal\/wp-json\/wp\/v2\/posts\/76834\/revisions\/76836"}],"wp:featuredmedia":[{"embeddable":true,"href":"https:\/\/losperiodistas.com.mx\/portal\/wp-json\/wp\/v2\/media\/76835"}],"wp:attachment":[{"href":"https:\/\/losperiodistas.com.mx\/portal\/wp-json\/wp\/v2\/media?parent=76834"}],"wp:term":[{"taxonomy":"category","embeddable":true,"href":"https:\/\/losperiodistas.com.mx\/portal\/wp-json\/wp\/v2\/categories?post=76834"},{"taxonomy":"post_tag","embeddable":true,"href":"https:\/\/losperiodistas.com.mx\/portal\/wp-json\/wp\/v2\/tags?post=76834"}],"curies":[{"name":"wp","href":"https:\/\/api.w.org\/{rel}","templated":true}]}}