{"id":76807,"date":"2024-06-12T11:28:30","date_gmt":"2024-06-12T16:28:30","guid":{"rendered":"https:\/\/losperiodistas.com.mx\/portal\/?p=76807"},"modified":"2024-06-12T11:28:32","modified_gmt":"2024-06-12T16:28:32","slug":"opinion-mexico-y-su-primera-presidenta-de-la-republica","status":"publish","type":"post","link":"https:\/\/losperiodistas.com.mx\/portal\/opinion-mexico-y-su-primera-presidenta-de-la-republica\/","title":{"rendered":"Opini\u00f3n | M\u00e9xico y su primera presidenta de la Rep\u00fablica"},"content":{"rendered":"\n<p><\/p>\n\n\n\n<p class=\"has-vivid-red-color has-text-color\" style=\"font-size:26px\"><strong><em>Por Fernando Manzanilla Prieto<\/em><\/strong><\/p>\n\n\n\n<p><\/p>\n\n\n\n<p>En las pasadas elecciones presidenciales del 2 de junio, M\u00e9xico ha hecho historia por muchas razones, pero una de las principales es por elegir, por primera vez, a una mujer como presidenta de la Rep\u00fablica: Claudia Sheinbaum.<\/p>\n\n\n\n<p>Este hecho no solo marca un hito en la pol\u00edtica mexicana, sino que tambi\u00e9n tiene profundas implicaciones para la igualdad sustantiva en el contexto latinoamericano e incluso a nivel global.<\/p>\n\n\n\n<p>Y es que la victoria de Claudia Sheinbaum representa un cambio trascendental en la historia pol\u00edtica de la naci\u00f3n, ya que, a lo largo de m\u00e1s de 200 a\u00f1os de historia independiente, la presidencia hab\u00eda sido un espacio exclusivamente masculino.<\/p>\n\n\n\n<p>Por lo que la llegada de una mujer a la posici\u00f3n m\u00e1s alta del poder ejecutivo simboliza un avance significativo en la lucha por la igualdad de g\u00e9nero en un pa\u00eds donde las mujeres, a pesar de ser m\u00e1s del 50% de la poblaci\u00f3n, han enfrentado barreras hist\u00f3ricas para acceder a puestos de liderazgo.<\/p>\n\n\n\n<p>Basta examinar la historia de nuestro pa\u00eds para constatar el enorme significado que tiene este hecho, en primer lugar, para las mujeres, as\u00ed como para todos los mexicanos. Precisamente este a\u00f1o, el 17 de octubre, se cumplir\u00e1n apenas 71 a\u00f1os de que se reconoci\u00f3 en nuestro pa\u00eds el derecho de las mujeres a votar y ser votadas.<\/p>\n\n\n\n<p>Pero, la exigencia de que las mujeres participaran en la vida pol\u00edtica comenz\u00f3 hacia finales del siglo XIX. Este asunto gan\u00f3 atenci\u00f3n p\u00fablica cuando las mexicanas Laureana Wright y Mateana Murgu\u00eda, inspiradas por los movimientos sufragistas del Reino Unido, comenzaron a publicar art\u00edculos en un semanario feminista llamado \u201cVioletas del An\u00e1huac\u201d. Paralelamente otras mujeres promov\u00edan la importancia del voto femenino a trav\u00e9s de art\u00edculos en el semanario \u201cMujer Moderna\u201d.<\/p>\n\n\n\n<p>En este andar, destaca el nombre de Hermila Galindo, una mujer que a principios del siglo XX y desde el \u00e1mbito pol\u00edtico, cuestion\u00f3 los patrones y roles de g\u00e9nero para las mujeres de aquel entonces ligado al tradicional cuidado del hogar.<\/p>\n\n\n\n<p>Precisamente, fue en 1918 que Hermila se postul\u00f3 como candidata (la primera en la historia de M\u00e9xico) a diputada federal por el V Distrito Electoral del Distrito Federal y si bien no lleg\u00f3 a ocupar el cargo de representaci\u00f3n, su \u00e9xito consisti\u00f3 en mostrar a la opini\u00f3n p\u00fablica que las mujeres demandaban el voto, as\u00ed como en dejar un precedente para las generaciones venideras.<\/p>\n\n\n\n<p>La brecha en el camino se fue abriendo y para 1922, Rosa Torre Gonz\u00e1lez se convirti\u00f3 en la primera regidora del pa\u00eds, en M\u00e9rida Yucat\u00e1n. Un a\u00f1o despu\u00e9s, Elvia Carrillo Puerto, Beatriz Peniche y Raquel Dzib Cicero fueron las primeras mexicanas electas diputadas al Congreso del Estado de Yucat\u00e1n.<\/p>\n\n\n\n<p>Todav\u00eda tuvieron que pasar muchos a\u00f1os, ya que fue hasta el 17 de octubre de 1953, para que finalmente se publicara en el Diario Oficial de la Federaci\u00f3n el decreto de ley que permit\u00eda a las mujeres votar y ser votadas en todo el pa\u00eds.<\/p>\n\n\n\n<p>Fue en 1954,&nbsp;cuando a nivel federal se eligi\u00f3 por primera vez a una mujer como diputada, Aurora Jim\u00e9nez, momento en el cual ya hab\u00edan pasado&nbsp;miles de hombresen el mismo cargo.<\/p>\n\n\n\n<p>Despu\u00e9s de Jim\u00e9nez, tuvo que pasar una d\u00e9cada m\u00e1s para que el pa\u00eds tuviera a sus primeras senadoras (1964), Alicia Arellano y Mar\u00eda Lavalle. Otros 25 a\u00f1os m\u00e1s para ver a una gobernadora estatal (1979), Griselda \u00c1lvarez.<\/p>\n\n\n\n<p>Y fue hace un poco m\u00e1s de 40 a\u00f1os que, en 1982, Rosario Ibarra Piedra, una gran activista, pol\u00edtica, defensora de los derechos humanos y voz de familiares de detenidos desaparecidos, fue la primera mujer que se registr\u00f3 como candidata a la presidencia de la Rep\u00fablica.<\/p>\n\n\n\n<p>Durante estos a\u00f1os, aunque el activismo pol\u00edtico de las mujeres fue significativo, la posibilidad de que ellas ocuparan un puesto a\u00fan parec\u00eda distante. Esto cambi\u00f3 en las \u00faltimas dos d\u00e9cadas, especialmente a partir de 2019, con la implementaci\u00f3n de una ley que exige \u00abparidad en todo\u00bb. Esta legislaci\u00f3n requiere que las mujeres ocupen el 50% de las candidaturas y posiciones en los poderes Ejecutivo, Legislativo y Judicial, tanto a nivel federal, como estatal y municipal.<\/p>\n\n\n\n<p>Es as\u00ed que en este 2024, la elecci\u00f3n de Sheinbaum resuena en toda Latinoam\u00e9rica, una regi\u00f3n que ha visto a varias mujeres ocupar la presidencia en pa\u00edses como Argentina, Brasil, Chile y Costa Rica, pero que adem\u00e1s refuerza el concepto de igualdad sustantiva, que va m\u00e1s all\u00e1 de la igualdad formal ante la ley, para asegurar que las mujeres tengan las mismas oportunidades reales y efectivas para participar en todos los aspectos de la vida p\u00fablica y privada.<\/p>\n\n\n\n<p>Por ello es que ahora, no nos queda m\u00e1s que esperar que la llegada de una mujer a la presidencia de M\u00e9xico puede impulsar pol\u00edticas m\u00e1s inclusivas y equitativas, abordando problemas persistentes como la violencia de g\u00e9nero, la desigualdad salarial y la discriminaci\u00f3n.<\/p>\n","protected":false},"excerpt":{"rendered":"<p>Por Fernando Manzanilla Prieto En las pasadas elecciones presidenciales del 2 de junio, M\u00e9xico ha hecho historia por muchas razones, [&hellip;]<\/p>\n","protected":false},"author":1,"featured_media":72116,"comment_status":"open","ping_status":"open","sticky":false,"template":"","format":"standard","meta":{"site-sidebar-layout":"default","site-content-layout":"","ast-site-content-layout":"default","site-content-style":"default","site-sidebar-style":"default","ast-global-header-display":"","ast-banner-title-visibility":"","ast-main-header-display":"","ast-hfb-above-header-display":"","ast-hfb-below-header-display":"","ast-hfb-mobile-header-display":"","site-post-title":"","ast-breadcrumbs-content":"","ast-featured-img":"","footer-sml-layout":"","theme-transparent-header-meta":"","adv-header-id-meta":"","stick-header-meta":"","header-above-stick-meta":"","header-main-stick-meta":"","header-below-stick-meta":"","astra-migrate-meta-layouts":"default","ast-page-background-enabled":"default","ast-page-background-meta":{"desktop":{"background-color":"var(--ast-global-color-4)","background-image":"","background-repeat":"repeat","background-position":"center center","background-size":"auto","background-attachment":"scroll","background-type":"","background-media":"","overlay-type":"","overlay-color":"","overlay-opacity":"","overlay-gradient":""},"tablet":{"background-color":"","background-image":"","background-repeat":"repeat","background-position":"center center","background-size":"auto","background-attachment":"scroll","background-type":"","background-media":"","overlay-type":"","overlay-color":"","overlay-opacity":"","overlay-gradient":""},"mobile":{"background-color":"","background-image":"","background-repeat":"repeat","background-position":"center center","background-size":"auto","background-attachment":"scroll","background-type":"","background-media":"","overlay-type":"","overlay-color":"","overlay-opacity":"","overlay-gradient":""}},"ast-content-background-meta":{"desktop":{"background-color":"var(--ast-global-color-5)","background-image":"","background-repeat":"repeat","background-position":"center center","background-size":"auto","background-attachment":"scroll","background-type":"","background-media":"","overlay-type":"","overlay-color":"","overlay-opacity":"","overlay-gradient":""},"tablet":{"background-color":"var(--ast-global-color-5)","background-image":"","background-repeat":"repeat","background-position":"center center","background-size":"auto","background-attachment":"scroll","background-type":"","background-media":"","overlay-type":"","overlay-color":"","overlay-opacity":"","overlay-gradient":""},"mobile":{"background-color":"var(--ast-global-color-5)","background-image":"","background-repeat":"repeat","background-position":"center center","background-size":"auto","background-attachment":"scroll","background-type":"","background-media":"","overlay-type":"","overlay-color":"","overlay-opacity":"","overlay-gradient":""}},"footnotes":""},"categories":[24,8],"tags":[26153,26154,26152,4146],"class_list":["post-76807","post","type-post","status-publish","format-standard","has-post-thumbnail","hentry","category-fernando-manzanilla","category-noticias","tag-desigualdad-de-genero","tag-discriminacion-mexico","tag-primera-presidenta-de-mexico","tag-violencia-de-genero"],"_links":{"self":[{"href":"https:\/\/losperiodistas.com.mx\/portal\/wp-json\/wp\/v2\/posts\/76807","targetHints":{"allow":["GET"]}}],"collection":[{"href":"https:\/\/losperiodistas.com.mx\/portal\/wp-json\/wp\/v2\/posts"}],"about":[{"href":"https:\/\/losperiodistas.com.mx\/portal\/wp-json\/wp\/v2\/types\/post"}],"author":[{"embeddable":true,"href":"https:\/\/losperiodistas.com.mx\/portal\/wp-json\/wp\/v2\/users\/1"}],"replies":[{"embeddable":true,"href":"https:\/\/losperiodistas.com.mx\/portal\/wp-json\/wp\/v2\/comments?post=76807"}],"version-history":[{"count":1,"href":"https:\/\/losperiodistas.com.mx\/portal\/wp-json\/wp\/v2\/posts\/76807\/revisions"}],"predecessor-version":[{"id":76808,"href":"https:\/\/losperiodistas.com.mx\/portal\/wp-json\/wp\/v2\/posts\/76807\/revisions\/76808"}],"wp:featuredmedia":[{"embeddable":true,"href":"https:\/\/losperiodistas.com.mx\/portal\/wp-json\/wp\/v2\/media\/72116"}],"wp:attachment":[{"href":"https:\/\/losperiodistas.com.mx\/portal\/wp-json\/wp\/v2\/media?parent=76807"}],"wp:term":[{"taxonomy":"category","embeddable":true,"href":"https:\/\/losperiodistas.com.mx\/portal\/wp-json\/wp\/v2\/categories?post=76807"},{"taxonomy":"post_tag","embeddable":true,"href":"https:\/\/losperiodistas.com.mx\/portal\/wp-json\/wp\/v2\/tags?post=76807"}],"curies":[{"name":"wp","href":"https:\/\/api.w.org\/{rel}","templated":true}]}}