{"id":76734,"date":"2024-06-11T20:03:07","date_gmt":"2024-06-12T01:03:07","guid":{"rendered":"http:\/\/losperiodistas.com.mx\/portal\/?p=76734"},"modified":"2024-06-11T23:12:19","modified_gmt":"2024-06-12T04:12:19","slug":"abanderamiento-de-la-delegacion-mexicana-para-los-juegos-olimpicos-paris-2024","status":"publish","type":"post","link":"https:\/\/losperiodistas.com.mx\/portal\/abanderamiento-de-la-delegacion-mexicana-para-los-juegos-olimpicos-paris-2024\/","title":{"rendered":"As\u00ed se llev\u00f3 a cabo el abanderamiento de la delegaci\u00f3n mexicana para los Juegos Ol\u00edmpicos Par\u00eds 2024"},"content":{"rendered":"\n<p>La ceremonia fue encabezada por el presidente L\u00f3pez Obrador en Palacio Nacional; Ana Guevara, Marti Batres, Cresencio Sandoval y Rafael Ojeda estuvieron presentes.<\/p>\n\n\n\n<figure class=\"wp-block-image size-large\"><img fetchpriority=\"high\" decoding=\"async\" width=\"1024\" height=\"575\" src=\"https:\/\/losperiodistas.com.mx\/portal\/wp-content\/uploads\/2024\/06\/Captura-de-pantalla-2024-06-11-184647-1024x575.png\" alt=\"Abanderamiento de la delegaci\u00f3n mexicana\" class=\"wp-image-76737\" srcset=\"https:\/\/losperiodistas.com.mx\/portal\/wp-content\/uploads\/2024\/06\/Captura-de-pantalla-2024-06-11-184647-1024x575.png 1024w, https:\/\/losperiodistas.com.mx\/portal\/wp-content\/uploads\/2024\/06\/Captura-de-pantalla-2024-06-11-184647-300x168.png 300w, https:\/\/losperiodistas.com.mx\/portal\/wp-content\/uploads\/2024\/06\/Captura-de-pantalla-2024-06-11-184647-768x431.png 768w, https:\/\/losperiodistas.com.mx\/portal\/wp-content\/uploads\/2024\/06\/Captura-de-pantalla-2024-06-11-184647.png 1194w\" sizes=\"(max-width: 1024px) 100vw, 1024px\" \/><figcaption>Ceremonia abanderamiento delegaci\u00f3n mexicana Juegos Ol\u00edmpicos Par\u00eds 2024 (Captura YouTube\/ Gobierno de M\u00e9xico)<\/figcaption><\/figure>\n\n\n\n<p class=\"has-vivid-red-color has-text-color\">Redacci\u00f3n<\/p>\n\n\n\n<p>A 45 d\u00edas para que inicien los <strong>Juegos Ol\u00edmpicos de Par\u00eds 2024<\/strong>, desde Palacio Nacional, el presidente <strong>Andr\u00e9s Manuel L\u00f3pez Obrador <\/strong>encabez\u00f3 la ceremonia de abanderamiento de la delegaci\u00f3n mexicana que viajar\u00e1 a los <strong>Juegos Ol\u00edmpicos Par\u00eds 2024<\/strong>, el evento se realiz\u00f3 la tarde de este martes 11 de junio.<\/p>\n\n\n\n<p><strong>Alejandra Orozco<\/strong>, clavadista, y <strong>Emiliano Hern\u00e1ndez<\/strong>, pentatl\u00f3n, son los deportistas designados para llevar la bandera de M\u00e9xico durante la inauguraci\u00f3n de la competencia en Francia, por lo que fueron ellos quienes recibieron el l\u00e1baro patrio que viajar\u00e1 con ellos a los Juegos Ol\u00edmpicos.<\/p>\n\n\n\n<p>Acompa\u00f1ados de <strong>Ana Gabriela Guevara<\/strong>, directora general de la <strong>Comisi\u00f3n Nacional de Cultura F\u00edsica y Deporte<\/strong> (<strong>CONADE<\/strong>); Mart\u00ed Batres Guadarrama, Jefe de Gobierno de la CDMX; <strong>Mar\u00eda Jos\u00e9 Alcal\u00e1<\/strong>, presidenta del <strong>Comit\u00e9 Ol\u00edmpico Mexicano <\/strong>(<strong>COM<\/strong>) y m\u00e1s autoridades del gobierno federal, as\u00ed como atletas, entrenadores y figuras del deporte, se realiz\u00f3 la ceremonia.<\/p>\n\n\n\n<p>Osmar Olvera Ibarra, clavadista, fue el encargado de dirigir unas palabras de agradecimiento en representaci\u00f3n de todos los deportistas que viajar\u00e1n a Par\u00eds 2024. Posteriormente toc\u00f3 el turno de Ana Gabriela Guevara.<\/p>\n\n\n\n<blockquote class=\"twitter-tweet\"><p lang=\"es\" dir=\"ltr\">Abanderamiento de la delegaci\u00f3n mexicana. Juegos Ol\u00edmpicos Par\u00eds 2024. <a href=\"https:\/\/t.co\/YrtgTlDitB\">https:\/\/t.co\/YrtgTlDitB<\/a><\/p>\u2014 Gobierno de M\u00e9xico (@GobiernoMX) <a href=\"https:\/\/twitter.com\/GobiernoMX\/status\/1800667131929068004?ref_src=twsrc%5Etfw\">June 11, 2024<\/a><\/blockquote> <script async=\"\" src=\"https:\/\/platform.twitter.com\/widgets.js\" charset=\"utf-8\"><\/script>\n\n\n\n<p>Enalteci\u00f3 el sacrificio, trabajo y dedicaci\u00f3n de cada uno de los atletas que estar\u00e1n compitiendo, por lo que asegur\u00f3 que esta ser\u00e1 una actuaci\u00f3n hist\u00f3rica para M\u00e9xico. Desde la perspectiva de Ana Guevara, el panorama para Par\u00eds 2024 es distinto al de Tokio 2020, ya que desde los Juegos Panamericanos y Centroamericanos, los atletas han tenido un desempe\u00f1o sobresaliente.<\/p>\n\n\n\n<p>\u201cLos<strong> Juegos Ol\u00edmpicos de Tokio<\/strong> fue la culminaci\u00f3n de un proceso, pero en este hemos hecho historia desde Panamericanos\u201d, expres\u00f3 la directora de CONADE.<\/p>\n\n\n\n<p>A su vez, quien fue atleta de alto rendimiento a\u00f1os atr\u00e1s reiter\u00f3 todo el apoyo de CONADE y las instituciones del pa\u00eds para respaldarlos en todo momento durante su actuaci\u00f3n en la capital de Francia. Dej\u00f3 en claro que ning\u00fan deportista estar\u00e1 solo en todo este proceso.<\/p>\n\n\n\n<blockquote class=\"wp-block-quote is-layout-flow wp-block-quote-is-layout-flow\"><p>\u201cMe honro de este momento estoy seguro que cada una de ustedes ha hecho lo mejor [\u2026] Recuerden que no est\u00e1n solo y estaremos de la mano con ustedes\u201d<\/p><\/blockquote>\n\n\n\n<h2 class=\"wp-block-heading\">AMLO promete recompensa econ\u00f3mica a delegaci\u00f3n mexicana despu\u00e9s de Par\u00eds 2024<\/h2>\n\n\n\n<figure class=\"wp-block-image size-large\"><img decoding=\"async\" width=\"1024\" height=\"677\" src=\"https:\/\/losperiodistas.com.mx\/portal\/wp-content\/uploads\/2024\/06\/Captura-de-pantalla-2024-06-11-190008-1024x677.png\" alt=\"\" class=\"wp-image-76738\" srcset=\"https:\/\/losperiodistas.com.mx\/portal\/wp-content\/uploads\/2024\/06\/Captura-de-pantalla-2024-06-11-190008-1024x677.png 1024w, https:\/\/losperiodistas.com.mx\/portal\/wp-content\/uploads\/2024\/06\/Captura-de-pantalla-2024-06-11-190008-300x198.png 300w, https:\/\/losperiodistas.com.mx\/portal\/wp-content\/uploads\/2024\/06\/Captura-de-pantalla-2024-06-11-190008-768x508.png 768w, https:\/\/losperiodistas.com.mx\/portal\/wp-content\/uploads\/2024\/06\/Captura-de-pantalla-2024-06-11-190008.png 1201w\" sizes=\"(max-width: 1024px) 100vw, 1024px\" \/><figcaption>AMLO prometi\u00f3 recompensas a todos los mexicanos que participar\u00e1n en Par\u00eds 2024 sin importar si ganan alguna medalla (X\/ @CONADE)<\/figcaption><\/figure>\n\n\n\n<p>En su discurso, el representante del poder ejecutivo destac\u00f3 la importancia del deporte en la sociedad mexicana. Conf\u00eda en que los y las deportistas que viajen a <strong>Par\u00eds 2024<\/strong> ser\u00e1n dignos representantes de la amistad entre ambas naciones, de paz y sana competencia deportiva.<\/p>\n\n\n\n<p>Pero, como muestra de su esfuerzo que han realizado por a\u00f1os, L\u00f3pez Obrador prometi\u00f3 <strong>premios econ\u00f3micos<\/strong> a toda la delegaci\u00f3n. Sin importar si obtienen alguna medalla o no, el presidente se comprometi\u00f3 a reconocerlos, brome\u00f3 con la idea de que \u201cel hombre no solo come de pan\u201d, por lo que habr\u00e1 premios econ\u00f3micos.<\/p>\n\n\n\n<blockquote class=\"wp-block-quote is-layout-flow wp-block-quote-is-layout-flow\"><p><em>\u201cCuando regresen les vamos a tener una recompensa a toda la delegaci\u00f3n [\u2026] vamos a llevar a cabo otra ceremonia de reconocimiento a toda la delegaci\u00f3n, un abrazo de todo coraz\u00f3n\u201d<\/em><\/p><\/blockquote>\n\n\n\n<p>AMLO tambi\u00e9n comparti\u00f3 que <strong>estar\u00e1 pendiente de la actividad de los mexicanos en los Juegos Ol\u00edmpicos<\/strong>, por lo que abrir\u00e1 su espacio de la ma\u00f1anera para dar informaci\u00f3n sobre el desempe\u00f1o de los mexicanos en Par\u00eds 2024.<\/p>\n\n\n\n<p>\u201cEstamos seguros de que vamos a obtener buenos resultados en estas olimpiadas, confiamos mucho en ustedes. Vamos a estar muy pendientes, yo tambi\u00e9n les digo que vamos a andar pendientes en las ma\u00f1aneras para que sus familiares sepan c\u00f3mo vamos, cuenten con todo nuestro apoyo, respaldo, no est\u00e1n solas, no est\u00e1n solos, les apoyamos todos los mexicanos\u201d, sentenci\u00f3.<\/p>\n\n\n\n<p>Con Informaci\u00f3n de: Infobae \/ Conade \/ Gobierno de M\u00e9xico<\/p>\n","protected":false},"excerpt":{"rendered":"<p>Batres, Cresencio Sandoval y Rafael Ojeda estuvieron presentes.<\/p>\n","protected":false},"author":1,"featured_media":76737,"comment_status":"open","ping_status":"open","sticky":false,"template":"","format":"standard","meta":{"site-sidebar-layout":"default","site-content-layout":"","ast-site-content-layout":"default","site-content-style":"default","site-sidebar-style":"default","ast-global-header-display":"","ast-banner-title-visibility":"","ast-main-header-display":"","ast-hfb-above-header-display":"","ast-hfb-below-header-display":"","ast-hfb-mobile-header-display":"","site-post-title":"","ast-breadcrumbs-content":"","ast-featured-img":"","footer-sml-layout":"","theme-transparent-header-meta":"","adv-header-id-meta":"","stick-header-meta":"","header-above-stick-meta":"","header-main-stick-meta":"","header-below-stick-meta":"","astra-migrate-meta-layouts":"default","ast-page-background-enabled":"default","ast-page-background-meta":{"desktop":{"background-color":"var(--ast-global-color-4)","background-image":"","background-repeat":"repeat","background-position":"center center","background-size":"auto","background-attachment":"scroll","background-type":"","background-media":"","overlay-type":"","overlay-color":"","overlay-opacity":"","overlay-gradient":""},"tablet":{"background-color":"","background-image":"","background-repeat":"repeat","background-position":"center center","background-size":"auto","background-attachment":"scroll","background-type":"","background-media":"","overlay-type":"","overlay-color":"","overlay-opacity":"","overlay-gradient":""},"mobile":{"background-color":"","background-image":"","background-repeat":"repeat","background-position":"center center","background-size":"auto","background-attachment":"scroll","background-type":"","background-media":"","overlay-type":"","overlay-color":"","overlay-opacity":"","overlay-gradient":""}},"ast-content-background-meta":{"desktop":{"background-color":"var(--ast-global-color-5)","background-image":"","background-repeat":"repeat","background-position":"center center","background-size":"auto","background-attachment":"scroll","background-type":"","background-media":"","overlay-type":"","overlay-color":"","overlay-opacity":"","overlay-gradient":""},"tablet":{"background-color":"var(--ast-global-color-5)","background-image":"","background-repeat":"repeat","background-position":"center center","background-size":"auto","background-attachment":"scroll","background-type":"","background-media":"","overlay-type":"","overlay-color":"","overlay-opacity":"","overlay-gradient":""},"mobile":{"background-color":"var(--ast-global-color-5)","background-image":"","background-repeat":"repeat","background-position":"center center","background-size":"auto","background-attachment":"scroll","background-type":"","background-media":"","overlay-type":"","overlay-color":"","overlay-opacity":"","overlay-gradient":""}},"footnotes":""},"categories":[8],"tags":[26121,26122,26120,26119,25283,8122],"class_list":["post-76734","post","type-post","status-publish","format-standard","has-post-thumbnail","hentry","category-noticias","tag-abanderamiento","tag-ana-gabriela-guevara","tag-jo2024","tag-juegos-olimpicos","tag-lopez-obrador","tag-palacio-nacional"],"_links":{"self":[{"href":"https:\/\/losperiodistas.com.mx\/portal\/wp-json\/wp\/v2\/posts\/76734","targetHints":{"allow":["GET"]}}],"collection":[{"href":"https:\/\/losperiodistas.com.mx\/portal\/wp-json\/wp\/v2\/posts"}],"about":[{"href":"https:\/\/losperiodistas.com.mx\/portal\/wp-json\/wp\/v2\/types\/post"}],"author":[{"embeddable":true,"href":"https:\/\/losperiodistas.com.mx\/portal\/wp-json\/wp\/v2\/users\/1"}],"replies":[{"embeddable":true,"href":"https:\/\/losperiodistas.com.mx\/portal\/wp-json\/wp\/v2\/comments?post=76734"}],"version-history":[{"count":2,"href":"https:\/\/losperiodistas.com.mx\/portal\/wp-json\/wp\/v2\/posts\/76734\/revisions"}],"predecessor-version":[{"id":76742,"href":"https:\/\/losperiodistas.com.mx\/portal\/wp-json\/wp\/v2\/posts\/76734\/revisions\/76742"}],"wp:featuredmedia":[{"embeddable":true,"href":"https:\/\/losperiodistas.com.mx\/portal\/wp-json\/wp\/v2\/media\/76737"}],"wp:attachment":[{"href":"https:\/\/losperiodistas.com.mx\/portal\/wp-json\/wp\/v2\/media?parent=76734"}],"wp:term":[{"taxonomy":"category","embeddable":true,"href":"https:\/\/losperiodistas.com.mx\/portal\/wp-json\/wp\/v2\/categories?post=76734"},{"taxonomy":"post_tag","embeddable":true,"href":"https:\/\/losperiodistas.com.mx\/portal\/wp-json\/wp\/v2\/tags?post=76734"}],"curies":[{"name":"wp","href":"https:\/\/api.w.org\/{rel}","templated":true}]}}