{"id":76731,"date":"2024-06-11T19:29:14","date_gmt":"2024-06-12T00:29:14","guid":{"rendered":"http:\/\/losperiodistas.com.mx\/portal\/?p=76731"},"modified":"2024-06-11T19:29:16","modified_gmt":"2024-06-12T00:29:16","slug":"garcia-harfuch-participo-en-la-reunion-con-la-comitiva-de-biden","status":"publish","type":"post","link":"https:\/\/losperiodistas.com.mx\/portal\/garcia-harfuch-participo-en-la-reunion-con-la-comitiva-de-biden\/","title":{"rendered":"Sheinbaum aclara por qu\u00e9 Garc\u00eda Harfuch particip\u00f3 en la reuni\u00f3n con la comitiva de Biden; responde si ser\u00e1 parte de su gabinete | Infobae"},"content":{"rendered":"\n<p>Hasta el momento se conoce que en la reuni\u00f3n particip\u00f3 Claudia Sheinbaum, Juan de la Fuente, Elizabeth Sherwood-Randall y Ken Salazar<\/p>\n\n\n\n<figure class=\"wp-block-image size-large\"><img fetchpriority=\"high\" decoding=\"async\" width=\"1024\" height=\"575\" src=\"https:\/\/losperiodistas.com.mx\/portal\/wp-content\/uploads\/2024\/06\/Captura-de-pantalla-2024-06-11-181512-1024x575.png\" alt=\"Garc\u00eda Harfuch, exsecretario de Seguridad de la CDMX\" class=\"wp-image-76732\" srcset=\"https:\/\/losperiodistas.com.mx\/portal\/wp-content\/uploads\/2024\/06\/Captura-de-pantalla-2024-06-11-181512-1024x575.png 1024w, https:\/\/losperiodistas.com.mx\/portal\/wp-content\/uploads\/2024\/06\/Captura-de-pantalla-2024-06-11-181512-300x168.png 300w, https:\/\/losperiodistas.com.mx\/portal\/wp-content\/uploads\/2024\/06\/Captura-de-pantalla-2024-06-11-181512-768x431.png 768w, https:\/\/losperiodistas.com.mx\/portal\/wp-content\/uploads\/2024\/06\/Captura-de-pantalla-2024-06-11-181512.png 1199w\" sizes=\"(max-width: 1024px) 100vw, 1024px\" \/><figcaption>Claudia Sheinbaum confirm\u00f3 que en la reuni\u00f3n estuvo presente el exsecretario de Seguridad de la Ciudad de M\u00e9xico (REUTERS\/Raquel Cunha)<\/figcaption><\/figure>\n\n\n\n<p class=\"has-vivid-red-color has-text-color\">Octavio Vargas \/ Infobae<\/p>\n\n\n\n<p>Este martes, <strong>Claudia Sheinbaum Pardo<\/strong>, virtual presidenta electa, se reuni\u00f3n con una <strong>comitiva del presidente de Estados Unidos Joe Biden<\/strong>, en su casa de transici\u00f3n ubicada en Iztapalapa. Al finalizar la reuni\u00f3n se vio salir al exsecretario de Seguridad de la Ciudad de M\u00e9xico, <strong>Omar Garc\u00eda Harfuch<\/strong>, por ello fue que se le pidi\u00f3 a Sheinbaum aclarar su participaci\u00f3n en este primer encuentro \u201cinformal\u201d.<\/p>\n\n\n\n<p>Sheinbaum Pardo coment\u00f3 que el motivo de la participaci\u00f3n de<strong> Garc\u00eda Harfuch fue para que presentara la pol\u00edtica de seguridad que se utiliz\u00f3 en la CDMX <\/strong>durante el tiempo en que estuvo al frente de la dependencia.<\/p>\n\n\n\n<p>\u201cA mi me interesara que conocieran, ya lo conoc\u00eda el embajador Ken Salazar, porque como Jefa de Gobierno lo platicamos cu\u00e1l fue la pol\u00edtica de seguridad que llevamos en la Ciudad de M\u00e9xico y <strong>quer\u00eda que el estuviera presente (Omar Garc\u00eda) para platicar<\/strong>\u201d, explic\u00f3 la virtual presidenta de M\u00e9xico.<\/p>\n\n\n\n<p>El virtual senador no se detuvo a hacer comentarios, \u00fanicamente se le ve saludar y subir a una camioneta con un folder en la mano.<\/p>\n\n\n\n<p>En tanto, sobre la posibilidad de que forme parte de su gabinete presidencial, Claudia Sheinbaum coment\u00f3 decidi\u00f3 no revelar esta informaci\u00f3n, pidi\u00f3 \u201cno comer ansias\u201d, pues ya hab\u00eda planteado que la pr\u00f3xima semana cuando haga el anuncio oficial de quienes la acompa\u00f1aran durante su sexenio.<\/p>\n\n\n\n<p>Durante cuatro a\u00f1os, <strong>Omar Garc\u00eda Harfuch<\/strong> fue el responsable de la Secretar\u00eda de Seguridad Ciudadana de la Ciudad de M\u00e9xico; a lo largo de su campa\u00f1a presidencial Claudia Sheinbaum <strong>destac\u00f3 los logros en cuesti\u00f3n de seguridad y c\u00f3mo se mantuvieron bajos \u00edndices en delitos<\/strong> de alto impacto.<\/p>\n\n\n\n<p>En la reuni\u00f3n estuvieron presentes Elizabeth Sherwood-Randall, asesora de Seguridad de la Casa Blanca, y el embajador de Estados Unidos en M\u00e9xico, Ken Salazar.<\/p>\n\n\n\n<h2 class=\"wp-block-heading\">Gabinete de Claudia Sheinbaum<\/h2>\n\n\n\n<p>La semana pasada, tras el triunfo de Claudia Sheinbaum surgieron m\u00faltiples versiones sobre qui\u00e9nes podr\u00edan ser miembros del gabinete de la pr\u00f3xima presidenta, sin embargo, Juan de la Fuente, coordinador del equipo de transici\u00f3n, neg\u00f3 que los documentos que circulan en redes sociales sean verdad.<\/p>\n\n\n\n<p>El \u00fanico servidor p\u00fablico que ha confirmado formar parte del equipo de la virtual presidenta electa fue Rogelio Ram\u00edrez de la O, actual secretario de Haciendo y Cr\u00e9dito P\u00fablico, fue a trav\u00e9s de un comunicado de prensa que dio a conocer que se mantendr\u00eda en su cargo por tiempo indefinido.<\/p>\n\n\n\n<p>Sin embargo, la declaraci\u00f3n de Juan de la Fuente no ha sido suficiente para combatir las especulaciones.<\/p>\n\n\n\n<p>Fuente: <a href=\"https:\/\/www.infobae.com\/mexico\/2024\/06\/11\/claudia-sheinbaum-aclara-por-que-omar-garcia-harfuch-participo-en-la-reunion-con-la-comitiva-de-biden\/\" target=\"_blank\" rel=\"noreferrer noopener\">Infobae<\/a><\/p>\n","protected":false},"excerpt":{"rendered":"<p>Hasta el momento se conoce que en la reuni\u00f3n particip\u00f3 Claudia Sheinbaum, Juan de la Fuente, Elizabeth Sherwood-Randall y Ken Salazar<\/p>\n","protected":false},"author":1,"featured_media":76732,"comment_status":"open","ping_status":"open","sticky":false,"template":"","format":"standard","meta":{"site-sidebar-layout":"default","site-content-layout":"","ast-site-content-layout":"default","site-content-style":"default","site-sidebar-style":"default","ast-global-header-display":"","ast-banner-title-visibility":"","ast-main-header-display":"","ast-hfb-above-header-display":"","ast-hfb-below-header-display":"","ast-hfb-mobile-header-display":"","site-post-title":"","ast-breadcrumbs-content":"","ast-featured-img":"","footer-sml-layout":"","theme-transparent-header-meta":"","adv-header-id-meta":"","stick-header-meta":"","header-above-stick-meta":"","header-main-stick-meta":"","header-below-stick-meta":"","astra-migrate-meta-layouts":"default","ast-page-background-enabled":"default","ast-page-background-meta":{"desktop":{"background-color":"var(--ast-global-color-4)","background-image":"","background-repeat":"repeat","background-position":"center center","background-size":"auto","background-attachment":"scroll","background-type":"","background-media":"","overlay-type":"","overlay-color":"","overlay-opacity":"","overlay-gradient":""},"tablet":{"background-color":"","background-image":"","background-repeat":"repeat","background-position":"center center","background-size":"auto","background-attachment":"scroll","background-type":"","background-media":"","overlay-type":"","overlay-color":"","overlay-opacity":"","overlay-gradient":""},"mobile":{"background-color":"","background-image":"","background-repeat":"repeat","background-position":"center center","background-size":"auto","background-attachment":"scroll","background-type":"","background-media":"","overlay-type":"","overlay-color":"","overlay-opacity":"","overlay-gradient":""}},"ast-content-background-meta":{"desktop":{"background-color":"var(--ast-global-color-5)","background-image":"","background-repeat":"repeat","background-position":"center center","background-size":"auto","background-attachment":"scroll","background-type":"","background-media":"","overlay-type":"","overlay-color":"","overlay-opacity":"","overlay-gradient":""},"tablet":{"background-color":"var(--ast-global-color-5)","background-image":"","background-repeat":"repeat","background-position":"center center","background-size":"auto","background-attachment":"scroll","background-type":"","background-media":"","overlay-type":"","overlay-color":"","overlay-opacity":"","overlay-gradient":""},"mobile":{"background-color":"var(--ast-global-color-5)","background-image":"","background-repeat":"repeat","background-position":"center center","background-size":"auto","background-attachment":"scroll","background-type":"","background-media":"","overlay-type":"","overlay-color":"","overlay-opacity":"","overlay-gradient":""}},"footnotes":""},"categories":[8],"tags":[1505,26116,16266,26115,2901],"class_list":["post-76731","post","type-post","status-publish","format-standard","has-post-thumbnail","hentry","category-noticias","tag-claudia-sheinbaum","tag-comitiva-biden","tag-elizabeth-sherwood-randall","tag-garcia-harfuch","tag-ken-salazar"],"_links":{"self":[{"href":"https:\/\/losperiodistas.com.mx\/portal\/wp-json\/wp\/v2\/posts\/76731","targetHints":{"allow":["GET"]}}],"collection":[{"href":"https:\/\/losperiodistas.com.mx\/portal\/wp-json\/wp\/v2\/posts"}],"about":[{"href":"https:\/\/losperiodistas.com.mx\/portal\/wp-json\/wp\/v2\/types\/post"}],"author":[{"embeddable":true,"href":"https:\/\/losperiodistas.com.mx\/portal\/wp-json\/wp\/v2\/users\/1"}],"replies":[{"embeddable":true,"href":"https:\/\/losperiodistas.com.mx\/portal\/wp-json\/wp\/v2\/comments?post=76731"}],"version-history":[{"count":1,"href":"https:\/\/losperiodistas.com.mx\/portal\/wp-json\/wp\/v2\/posts\/76731\/revisions"}],"predecessor-version":[{"id":76733,"href":"https:\/\/losperiodistas.com.mx\/portal\/wp-json\/wp\/v2\/posts\/76731\/revisions\/76733"}],"wp:featuredmedia":[{"embeddable":true,"href":"https:\/\/losperiodistas.com.mx\/portal\/wp-json\/wp\/v2\/media\/76732"}],"wp:attachment":[{"href":"https:\/\/losperiodistas.com.mx\/portal\/wp-json\/wp\/v2\/media?parent=76731"}],"wp:term":[{"taxonomy":"category","embeddable":true,"href":"https:\/\/losperiodistas.com.mx\/portal\/wp-json\/wp\/v2\/categories?post=76731"},{"taxonomy":"post_tag","embeddable":true,"href":"https:\/\/losperiodistas.com.mx\/portal\/wp-json\/wp\/v2\/tags?post=76731"}],"curies":[{"name":"wp","href":"https:\/\/api.w.org\/{rel}","templated":true}]}}