{"id":76728,"date":"2024-06-11T18:40:17","date_gmt":"2024-06-11T23:40:17","guid":{"rendered":"http:\/\/losperiodistas.com.mx\/portal\/?p=76728"},"modified":"2024-06-11T18:40:19","modified_gmt":"2024-06-11T23:40:19","slug":"hunter-biden-y-sus-problemas-con-la-ley","status":"publish","type":"post","link":"https:\/\/losperiodistas.com.mx\/portal\/hunter-biden-y-sus-problemas-con-la-ley\/","title":{"rendered":"Hunter Biden y sus problemas con la ley: \u00bfCu\u00e1ntos a\u00f1os puede pasar en prisi\u00f3n? | EF"},"content":{"rendered":"\n<p>Hunter Biden fue declarado culpable este martes por un juez de Delaware por tres cargos graves relacionados con la compra de un arma en 2018.<\/p>\n\n\n\n<figure class=\"wp-block-image size-full\"><img fetchpriority=\"high\" decoding=\"async\" width=\"997\" height=\"665\" src=\"https:\/\/losperiodistas.com.mx\/portal\/wp-content\/uploads\/2024\/06\/Captura-de-pantalla-2024-06-11-172327.png\" alt=\"Hunter Biden, hijo del presidente Joe Biden\" class=\"wp-image-76729\" srcset=\"https:\/\/losperiodistas.com.mx\/portal\/wp-content\/uploads\/2024\/06\/Captura-de-pantalla-2024-06-11-172327.png 997w, https:\/\/losperiodistas.com.mx\/portal\/wp-content\/uploads\/2024\/06\/Captura-de-pantalla-2024-06-11-172327-300x200.png 300w, https:\/\/losperiodistas.com.mx\/portal\/wp-content\/uploads\/2024\/06\/Captura-de-pantalla-2024-06-11-172327-768x512.png 768w\" sizes=\"(max-width: 997px) 100vw, 997px\" \/><figcaption>Hunter Biden, hijo del presidente Joe Biden, est\u00e1 acusado por posesi\u00f3n de armas y otros delitos. (AP)<\/figcaption><\/figure>\n\n\n\n<p class=\"has-vivid-red-color has-text-color\">Redacci\u00f3n \/ El Financiero<\/p>\n\n\n\n<p>Un jurado en Delaware declar\u00f3 culpable este martes al hijo de Joe Biden, Hunter, por mentir sobre su consumo de drogas al comprar un arma, pero \u00bfcu\u00e1ntos a\u00f1os puede pasar en prisi\u00f3n?<\/p>\n\n\n\n<p>Tras una semana de testimonios de testigos y presentaci\u00f3n de pruebas en el juicio penal en Wilmington (Delaware), en donde testificaron su exesposa <strong>Kathleen Buhle<\/strong>, su cu\u00f1ada <strong>Hallie Biden<\/strong> (con la que Hunter mantuvo una relaci\u00f3n) y su hija <strong>Naomi Biden<\/strong>, el jurado lo encontr\u00f3 culpabledelos tres cometidos.<\/p>\n\n\n\n<p>Durante el jucio el hijo del presidente mantuvo la vista clavada al frente y mostr\u00f3 pocas emociones cuando se ley\u00f3 el veredicto. Posteriormente, abraz\u00f3 a sus dos abogados y sonri\u00f3. Bes\u00f3 a su esposa, Melissa, y ambos abandonaron la sala. Su madre, la primera dama<strong> Jill Biden<\/strong>, lleg\u00f3 al tribunal minutos despu\u00e9s de que el jurado emiti\u00f3 su veredicto y no se encontraba en la sala cuando \u00e9ste se ley\u00f3.<\/p>\n\n\n\n<p>Hunter Biden abandon\u00f3 el tribunal tomado de la mano de la primera dama y de su esposa. <strong>No hablaron con los reporteros, se subieron a unas camionetas SUV que los esperaban y se marcharon<\/strong>.<\/p>\n\n\n\n<p>Por su parte, el presidente, Joe Biden, afirm\u00f3 que est\u00e1 orgulloso de su hijo Hunter y afirm\u00f3 que aceptar\u00e1 la sentencia que reciba tras haber sido declarado culpable de los tres cargos que afrontaba por compra y posesi\u00f3n ilegal de un arma.<\/p>\n\n\n\n<p><em>\u201cSoy presidente, pero tambi\u00e9n padre. Jill y yo queremos a nuestro hijo y estamos muy orgullosos del hombre que es hoy. (\u2026) Nada cambiar\u00e1 eso\u201d<\/em>, dijo en una declaraci\u00f3n escrita difundida por la Casa Blanca.<\/p>\n\n\n\n<h2 class=\"wp-block-heading\">\u00bfDe que se le acusa a Hunter Biden y cu\u00e1les pueden ser las condenas?<\/h2>\n\n\n\n<p>De acuerdo con la BBC, los tres cargos que se le imputan son por hacer una declaraci\u00f3n falsa para la adquisici\u00f3n de un arma de fuego, el segundo por hacer una declaraci\u00f3n falsa para obtener el arma en los registros y el tercero es por posesi\u00f3n ilegal de un arma de fuego.<\/p>\n\n\n\n<p>Dos de los cargos podr\u00edan acarrearle un m\u00e1ximo de <strong>10 a\u00f1os tras las rejas y el tercero cinco a\u00f1os<\/strong>. A su vez, deber\u00e1 pagar una multa de hasta<strong> 750 mil d\u00f3lares<\/strong> por cada uno de ellos.<\/p>\n\n\n\n<p>No osbtante, expertos se\u00f1alan que la pena que podr\u00eda enfrentar Hunter podr\u00eda ser mucho m\u00e1s reducida.<\/p>\n\n\n\n<p>Adem\u00e1s de que al ser la primera vez que lo delclaran culpable y al no tener antecedentes, lo m\u00e1s probable es que <strong>Hunter Biden no reciba ninguna pena de prisi\u00f3n<\/strong>.<\/p>\n\n\n\n<h2 class=\"wp-block-heading\">\u00bfCu\u00e1les son los posibles escenarios para Hunter Biden?<\/h2>\n\n\n\n<p>Para Dru Stevenson, profesor de la Facultad de Derecho del Sur de Texas en Houston, lo m\u00e1s probable es que Hunter no reciba la sentencia m\u00e1xima de 25 a\u00f1os y sea condenado a unos 20 meses; sin embargo, eval\u00faa que existe una<strong> \u201cprobabilidad de 50\/50\u2033 <\/strong>de que Hunter Biden vaya a prisi\u00f3n.<\/p>\n\n\n\n<p>Mientras que el otro escenario posible, es que el hijo del presidente sea condenado a libertad condicional.<\/p>\n\n\n\n<p><em>\u201cSer\u00eda extra\u00f1o y sin precedentes que lo sentenciaran a m\u00e1s de 5 a\u00f1os de prisi\u00f3n, ya que solo se condena a penas de esa duraci\u00f3n por los mismos delitos a personas que eran realmente peligrosas que ya integraban los registros del FBI\u201d<\/em>, dijo a la BBC.<\/p>\n\n\n\n<p>Hunter Biden es el primer familiar directo de un presidente en ejercicio en afrontar un juicio penal; si embargo, cabe mencionar que <strong>los delitos fueron cometidos tiempo antes de que su padre fuera presidente<\/strong>.<\/p>\n\n\n\n<p><em>* Con informaci\u00f3n de Agencias.<\/em><\/p>\n\n\n\n<p>Fuente: <a href=\"https:\/\/www.elfinanciero.com.mx\/mundo\/2024\/06\/11\/hunter-biden-y-sus-problemas-con-la-ley-cuantos-anos-puede-pasar-en-prision\/\" target=\"_blank\" rel=\"noreferrer noopener\">El Financiero<\/a><\/p>\n","protected":false},"excerpt":{"rendered":"<p>Hunter Biden fue declarado culpable este martes por un juez de Delaware por tres cargos graves relacionados con la compra de un arma en 2018. <\/p>\n","protected":false},"author":1,"featured_media":76729,"comment_status":"open","ping_status":"open","sticky":false,"template":"","format":"standard","meta":{"site-sidebar-layout":"default","site-content-layout":"","ast-site-content-layout":"default","site-content-style":"default","site-sidebar-style":"default","ast-global-header-display":"","ast-banner-title-visibility":"","ast-main-header-display":"","ast-hfb-above-header-display":"","ast-hfb-below-header-display":"","ast-hfb-mobile-header-display":"","site-post-title":"","ast-breadcrumbs-content":"","ast-featured-img":"","footer-sml-layout":"","theme-transparent-header-meta":"","adv-header-id-meta":"","stick-header-meta":"","header-above-stick-meta":"","header-main-stick-meta":"","header-below-stick-meta":"","astra-migrate-meta-layouts":"default","ast-page-background-enabled":"default","ast-page-background-meta":{"desktop":{"background-color":"var(--ast-global-color-4)","background-image":"","background-repeat":"repeat","background-position":"center center","background-size":"auto","background-attachment":"scroll","background-type":"","background-media":"","overlay-type":"","overlay-color":"","overlay-opacity":"","overlay-gradient":""},"tablet":{"background-color":"","background-image":"","background-repeat":"repeat","background-position":"center center","background-size":"auto","background-attachment":"scroll","background-type":"","background-media":"","overlay-type":"","overlay-color":"","overlay-opacity":"","overlay-gradient":""},"mobile":{"background-color":"","background-image":"","background-repeat":"repeat","background-position":"center center","background-size":"auto","background-attachment":"scroll","background-type":"","background-media":"","overlay-type":"","overlay-color":"","overlay-opacity":"","overlay-gradient":""}},"ast-content-background-meta":{"desktop":{"background-color":"var(--ast-global-color-5)","background-image":"","background-repeat":"repeat","background-position":"center center","background-size":"auto","background-attachment":"scroll","background-type":"","background-media":"","overlay-type":"","overlay-color":"","overlay-opacity":"","overlay-gradient":""},"tablet":{"background-color":"var(--ast-global-color-5)","background-image":"","background-repeat":"repeat","background-position":"center center","background-size":"auto","background-attachment":"scroll","background-type":"","background-media":"","overlay-type":"","overlay-color":"","overlay-opacity":"","overlay-gradient":""},"mobile":{"background-color":"var(--ast-global-color-5)","background-image":"","background-repeat":"repeat","background-position":"center center","background-size":"auto","background-attachment":"scroll","background-type":"","background-media":"","overlay-type":"","overlay-color":"","overlay-opacity":"","overlay-gradient":""}},"footnotes":""},"categories":[8],"tags":[26114,26112,696,26113],"class_list":["post-76728","post","type-post","status-publish","format-standard","has-post-thumbnail","hentry","category-noticias","tag-delaware","tag-hunter-biden","tag-joe-biden","tag-problemas-con-la-ley"],"_links":{"self":[{"href":"https:\/\/losperiodistas.com.mx\/portal\/wp-json\/wp\/v2\/posts\/76728","targetHints":{"allow":["GET"]}}],"collection":[{"href":"https:\/\/losperiodistas.com.mx\/portal\/wp-json\/wp\/v2\/posts"}],"about":[{"href":"https:\/\/losperiodistas.com.mx\/portal\/wp-json\/wp\/v2\/types\/post"}],"author":[{"embeddable":true,"href":"https:\/\/losperiodistas.com.mx\/portal\/wp-json\/wp\/v2\/users\/1"}],"replies":[{"embeddable":true,"href":"https:\/\/losperiodistas.com.mx\/portal\/wp-json\/wp\/v2\/comments?post=76728"}],"version-history":[{"count":1,"href":"https:\/\/losperiodistas.com.mx\/portal\/wp-json\/wp\/v2\/posts\/76728\/revisions"}],"predecessor-version":[{"id":76730,"href":"https:\/\/losperiodistas.com.mx\/portal\/wp-json\/wp\/v2\/posts\/76728\/revisions\/76730"}],"wp:featuredmedia":[{"embeddable":true,"href":"https:\/\/losperiodistas.com.mx\/portal\/wp-json\/wp\/v2\/media\/76729"}],"wp:attachment":[{"href":"https:\/\/losperiodistas.com.mx\/portal\/wp-json\/wp\/v2\/media?parent=76728"}],"wp:term":[{"taxonomy":"category","embeddable":true,"href":"https:\/\/losperiodistas.com.mx\/portal\/wp-json\/wp\/v2\/categories?post=76728"},{"taxonomy":"post_tag","embeddable":true,"href":"https:\/\/losperiodistas.com.mx\/portal\/wp-json\/wp\/v2\/tags?post=76728"}],"curies":[{"name":"wp","href":"https:\/\/api.w.org\/{rel}","templated":true}]}}