{"id":76724,"date":"2024-06-11T17:11:29","date_gmt":"2024-06-11T22:11:29","guid":{"rendered":"http:\/\/losperiodistas.com.mx\/portal\/?p=76724"},"modified":"2024-06-11T17:11:31","modified_gmt":"2024-06-11T22:11:31","slug":"gobierno-de-puebla-y-audi-anuncian-inversion-en-electromovilidad","status":"publish","type":"post","link":"https:\/\/losperiodistas.com.mx\/portal\/gobierno-de-puebla-y-audi-anuncian-inversion-en-electromovilidad\/","title":{"rendered":"Anuncian Gobierno de Puebla y Audi inversi\u00f3n por m\u00e1s de mil millones de euros en electromovilidad"},"content":{"rendered":"\n<p><em>El gobernador Sergio Salom\u00f3n recalc\u00f3 que es muestra de que en la entidad hay certeza para detonar proyectos sostenibles a trav\u00e9s de la electromovilidad y la creaci\u00f3n de tecnolog\u00edas limpias<\/em><\/p>\n\n\n\n<figure class=\"wp-block-image size-large\"><img fetchpriority=\"high\" decoding=\"async\" width=\"1024\" height=\"681\" src=\"https:\/\/losperiodistas.com.mx\/portal\/wp-content\/uploads\/2024\/06\/photo_2024-06-11_16-02-32-1024x681.jpg\" alt=\"Gobierno de Puebla y Audi invertir\u00e1n en electromovilidad\" class=\"wp-image-76725\" srcset=\"https:\/\/losperiodistas.com.mx\/portal\/wp-content\/uploads\/2024\/06\/photo_2024-06-11_16-02-32-1024x681.jpg 1024w, https:\/\/losperiodistas.com.mx\/portal\/wp-content\/uploads\/2024\/06\/photo_2024-06-11_16-02-32-300x199.jpg 300w, https:\/\/losperiodistas.com.mx\/portal\/wp-content\/uploads\/2024\/06\/photo_2024-06-11_16-02-32-768x511.jpg 768w, https:\/\/losperiodistas.com.mx\/portal\/wp-content\/uploads\/2024\/06\/photo_2024-06-11_16-02-32.jpg 1280w\" sizes=\"(max-width: 1024px) 100vw, 1024px\" \/><figcaption>Gobierno de Puebla y Audi invertir\u00e1n en electromovilidad<\/figcaption><\/figure>\n\n\n\n<p class=\"has-vivid-red-color has-text-color\">Redacci\u00f3n<\/p>\n\n\n\n<p>Puebla se mantiene por la ruta del progreso, cuenta con las condiciones para la concreci\u00f3n de proyectos empresariales, recalc\u00f3 el gobernador Sergio Salom\u00f3n al presidir el anuncio de inversi\u00f3n de m\u00e1s de mil millones de euros por parte de Audi M\u00e9xico en electromovilidad.<\/p>\n\n\n\n<p>En compa\u00f1\u00eda del presidente ejecutivo de Audi M\u00e9xico, Tarek Mashhour, el titular del Ejecutivo indic\u00f3 que su administraci\u00f3n apuesta porque Puebla ofrezca la mejor oferta educativa en nivel superior y sea el estado n\u00famero uno en \u00abmentefactura\u00bb, innovaci\u00f3n y emprendimiento.<\/p>\n\n\n\n<p>Celebr\u00f3 el anuncio de la empresa, ya que colocar\u00e1 a la entidad como una de las m\u00e1s importantes para el desarrollo econ\u00f3mico del pa\u00eds, sobre todo porque con ello se generar\u00e1n 500 nuevos empleos, mismos que se sumar\u00e1n a las 5 mil plazas existentes en dicha compa\u00f1\u00eda.<\/p>\n\n\n\n<p>Puntualiz\u00f3 que la visi\u00f3n de su administraci\u00f3n para que estos beneficios se queden en Puebla es la de invertir en educaci\u00f3n, por eso, promueve la especializaci\u00f3n t\u00e9cnica a trav\u00e9s del Centro de Especializaci\u00f3n de Recursos Humanos de Alto Nivel de la Industria Automotriz (CERHAN).<\/p>\n\n\n\n<p>Sergio Salom\u00f3n a\u00f1adi\u00f3 que, lo anterior, tiene como prop\u00f3sito fortalecer la capacitaci\u00f3n y formaci\u00f3n de t\u00e9cnicos especializados para consolidar a Puebla como un cl\u00faster no solo industrial, sino tambi\u00e9n generador de profesionales poblanos calificados.<\/p>\n\n\n\n<p>Recalc\u00f3 que el anuncio de Audi M\u00e9xico es muestra de que en la entidad hay certeza para detonar proyectos sostenibles a trav\u00e9s de la electromovilidad y la creaci\u00f3n de tecnolog\u00edas limpias.<\/p>\n\n\n\n<blockquote class=\"twitter-tweet\"><p lang=\"es\" dir=\"ltr\">Grandes noticias para <a href=\"https:\/\/twitter.com\/hashtag\/Puebla?src=hash&amp;ref_src=twsrc%5Etfw\">#Puebla<\/a> y <a href=\"https:\/\/twitter.com\/hashtag\/M%C3%A9xico?src=hash&amp;ref_src=twsrc%5Etfw\">#M\u00e9xico<\/a> &#x1f4c8;&#x1f1f2;&#x1f1fd;<br><br>Hoy, junto a <a href=\"https:\/\/twitter.com\/AudideMexico?ref_src=twsrc%5Etfw\">@AudideMexico<\/a>, anunciamos una inversi\u00f3n hist\u00f3rica por m\u00e1s de MIL MILLONES DE EUROS &#x1f4b6; para sus proyectos de electromovilidad en nuestro estado. <br><br>La confianza de los inversionistas en M\u00e9xico se fortalece, pues hay certeza\u2026 <a href=\"https:\/\/t.co\/ZL3EyuIF3C\">pic.twitter.com\/ZL3EyuIF3C<\/a><\/p>&mdash; Sergio Salom\u00f3n (@SergioSalomonC) <a href=\"https:\/\/twitter.com\/SergioSalomonC\/status\/1800611656369631380?ref_src=twsrc%5Etfw\">June 11, 2024<\/a><\/blockquote> <script async src=\"https:\/\/platform.twitter.com\/widgets.js\" charset=\"utf-8\"><\/script> \n\n\n\n<p>El presidente ejecutivo de Audi M\u00e9xico, Tarek Mashhour indic\u00f3 que la empresa de origen alem\u00e1n est\u00e1 contenta de tener su planta en Puebla y, m\u00e1s ahora, que la administraci\u00f3n que encabeza Sergio Salom\u00f3n coadyuva con la compa\u00f1\u00eda para que el estado sea un polo de desarrollo nacional e internacional, as\u00ed como un referente en el rubro de la electromovilidad.<\/p>\n\n\n\n<p>En este sentido, Tarek Mashhour agreg\u00f3 que Audi M\u00e9xico ya comenz\u00f3 con la instalaci\u00f3n de infraestructura y equipamiento para la manufactura de un auto con equipo e-tron.<\/p>\n\n\n\n<figure class=\"wp-block-image size-large\"><img decoding=\"async\" width=\"1024\" height=\"681\" src=\"https:\/\/losperiodistas.com.mx\/portal\/wp-content\/uploads\/2024\/06\/photo_2024-06-11_16-05-25-1024x681.jpg\" alt=\"\" class=\"wp-image-76726\" srcset=\"https:\/\/losperiodistas.com.mx\/portal\/wp-content\/uploads\/2024\/06\/photo_2024-06-11_16-05-25-1024x681.jpg 1024w, https:\/\/losperiodistas.com.mx\/portal\/wp-content\/uploads\/2024\/06\/photo_2024-06-11_16-05-25-300x199.jpg 300w, https:\/\/losperiodistas.com.mx\/portal\/wp-content\/uploads\/2024\/06\/photo_2024-06-11_16-05-25-768x511.jpg 768w, https:\/\/losperiodistas.com.mx\/portal\/wp-content\/uploads\/2024\/06\/photo_2024-06-11_16-05-25.jpg 1280w\" sizes=\"(max-width: 1024px) 100vw, 1024px\" \/><\/figure>\n\n\n\n<p>El secretario de Econom\u00eda, Ermilo Barrera Novelo coment\u00f3 que, gracias a la visi\u00f3n del gobernador Sergio Salom\u00f3n, Puebla busca transitar a la electromovilidad en un corto plazo. Por ello, dijo, hoy se ha concretado el anuncio de Audi M\u00e9xico que refrenda que la entidad tiene todas las condiciones para ser \u00abpunta de lanza\u00bb de la industria 4.0 y para que sea un \u00abhub de electromovilidad\u00bb.<\/p>\n","protected":false},"excerpt":{"rendered":"<p>El gobernador Sergio Salom\u00f3n recalc\u00f3 que es muestra de que en la entidad hay certeza para detonar proyectos sostenibles a trav\u00e9s de la electromovilidad y la creaci\u00f3n de tecnolog\u00edas limpias<\/p>\n","protected":false},"author":1,"featured_media":76725,"comment_status":"open","ping_status":"open","sticky":false,"template":"","format":"standard","meta":{"site-sidebar-layout":"default","site-content-layout":"","ast-site-content-layout":"default","site-content-style":"default","site-sidebar-style":"default","ast-global-header-display":"","ast-banner-title-visibility":"","ast-main-header-display":"","ast-hfb-above-header-display":"","ast-hfb-below-header-display":"","ast-hfb-mobile-header-display":"","site-post-title":"","ast-breadcrumbs-content":"","ast-featured-img":"","footer-sml-layout":"","theme-transparent-header-meta":"","adv-header-id-meta":"","stick-header-meta":"","header-above-stick-meta":"","header-main-stick-meta":"","header-below-stick-meta":"","astra-migrate-meta-layouts":"default","ast-page-background-enabled":"default","ast-page-background-meta":{"desktop":{"background-color":"var(--ast-global-color-4)","background-image":"","background-repeat":"repeat","background-position":"center center","background-size":"auto","background-attachment":"scroll","background-type":"","background-media":"","overlay-type":"","overlay-color":"","overlay-opacity":"","overlay-gradient":""},"tablet":{"background-color":"","background-image":"","background-repeat":"repeat","background-position":"center center","background-size":"auto","background-attachment":"scroll","background-type":"","background-media":"","overlay-type":"","overlay-color":"","overlay-opacity":"","overlay-gradient":""},"mobile":{"background-color":"","background-image":"","background-repeat":"repeat","background-position":"center center","background-size":"auto","background-attachment":"scroll","background-type":"","background-media":"","overlay-type":"","overlay-color":"","overlay-opacity":"","overlay-gradient":""}},"ast-content-background-meta":{"desktop":{"background-color":"var(--ast-global-color-5)","background-image":"","background-repeat":"repeat","background-position":"center center","background-size":"auto","background-attachment":"scroll","background-type":"","background-media":"","overlay-type":"","overlay-color":"","overlay-opacity":"","overlay-gradient":""},"tablet":{"background-color":"var(--ast-global-color-5)","background-image":"","background-repeat":"repeat","background-position":"center center","background-size":"auto","background-attachment":"scroll","background-type":"","background-media":"","overlay-type":"","overlay-color":"","overlay-opacity":"","overlay-gradient":""},"mobile":{"background-color":"var(--ast-global-color-5)","background-image":"","background-repeat":"repeat","background-position":"center center","background-size":"auto","background-attachment":"scroll","background-type":"","background-media":"","overlay-type":"","overlay-color":"","overlay-opacity":"","overlay-gradient":""}},"footnotes":""},"categories":[8],"tags":[12908,12512,6092,26109,26111,19302,26110],"class_list":["post-76724","post","type-post","status-publish","format-standard","has-post-thumbnail","hentry","category-noticias","tag-audi-puebla","tag-electromovilidad","tag-gobierno-de-puebla","tag-inversion","tag-mentefactura","tag-sergio-salomon","tag-tarek-mashhour"],"_links":{"self":[{"href":"https:\/\/losperiodistas.com.mx\/portal\/wp-json\/wp\/v2\/posts\/76724","targetHints":{"allow":["GET"]}}],"collection":[{"href":"https:\/\/losperiodistas.com.mx\/portal\/wp-json\/wp\/v2\/posts"}],"about":[{"href":"https:\/\/losperiodistas.com.mx\/portal\/wp-json\/wp\/v2\/types\/post"}],"author":[{"embeddable":true,"href":"https:\/\/losperiodistas.com.mx\/portal\/wp-json\/wp\/v2\/users\/1"}],"replies":[{"embeddable":true,"href":"https:\/\/losperiodistas.com.mx\/portal\/wp-json\/wp\/v2\/comments?post=76724"}],"version-history":[{"count":1,"href":"https:\/\/losperiodistas.com.mx\/portal\/wp-json\/wp\/v2\/posts\/76724\/revisions"}],"predecessor-version":[{"id":76727,"href":"https:\/\/losperiodistas.com.mx\/portal\/wp-json\/wp\/v2\/posts\/76724\/revisions\/76727"}],"wp:featuredmedia":[{"embeddable":true,"href":"https:\/\/losperiodistas.com.mx\/portal\/wp-json\/wp\/v2\/media\/76725"}],"wp:attachment":[{"href":"https:\/\/losperiodistas.com.mx\/portal\/wp-json\/wp\/v2\/media?parent=76724"}],"wp:term":[{"taxonomy":"category","embeddable":true,"href":"https:\/\/losperiodistas.com.mx\/portal\/wp-json\/wp\/v2\/categories?post=76724"},{"taxonomy":"post_tag","embeddable":true,"href":"https:\/\/losperiodistas.com.mx\/portal\/wp-json\/wp\/v2\/tags?post=76724"}],"curies":[{"name":"wp","href":"https:\/\/api.w.org\/{rel}","templated":true}]}}