{"id":76676,"date":"2024-06-11T05:52:14","date_gmt":"2024-06-11T10:52:14","guid":{"rendered":"https:\/\/losperiodistas.com.mx\/portal\/?p=76676"},"modified":"2024-06-11T05:52:16","modified_gmt":"2024-06-11T10:52:16","slug":"organismo-internacional-apaga-focos-rojos-sobre-aviacion-mexicana-forbes","status":"publish","type":"post","link":"https:\/\/losperiodistas.com.mx\/portal\/organismo-internacional-apaga-focos-rojos-sobre-aviacion-mexicana-forbes\/","title":{"rendered":"Organismo internacional \u2018apaga\u2019 focos rojos sobre aviaci\u00f3n mexicana | Forbes"},"content":{"rendered":"\n<p class=\"has-medium-font-size\"><em>La Organizaci\u00f3n de Aviaci\u00f3n Civil Internacional elimina la \u2018Preocupaci\u00f3n significativa de seguridad operacional\u2019 a la aviaci\u00f3n en M\u00e9xico.<\/em><\/p>\n\n\n\n<figure class=\"wp-block-image size-large\"><img fetchpriority=\"high\" decoding=\"async\" width=\"1024\" height=\"573\" src=\"https:\/\/losperiodistas.com.mx\/portal\/wp-content\/uploads\/2024\/06\/Captura-de-Pantalla-2024-06-11-a-las-4.48.32-1024x573.jpg\" alt=\"\" class=\"wp-image-76677\" srcset=\"https:\/\/losperiodistas.com.mx\/portal\/wp-content\/uploads\/2024\/06\/Captura-de-Pantalla-2024-06-11-a-las-4.48.32-1024x573.jpg 1024w, https:\/\/losperiodistas.com.mx\/portal\/wp-content\/uploads\/2024\/06\/Captura-de-Pantalla-2024-06-11-a-las-4.48.32-300x168.jpg 300w, https:\/\/losperiodistas.com.mx\/portal\/wp-content\/uploads\/2024\/06\/Captura-de-Pantalla-2024-06-11-a-las-4.48.32-768x430.jpg 768w, https:\/\/losperiodistas.com.mx\/portal\/wp-content\/uploads\/2024\/06\/Captura-de-Pantalla-2024-06-11-a-las-4.48.32-1536x860.jpg 1536w, https:\/\/losperiodistas.com.mx\/portal\/wp-content\/uploads\/2024\/06\/Captura-de-Pantalla-2024-06-11-a-las-4.48.32.jpg 1718w\" sizes=\"(max-width: 1024px) 100vw, 1024px\" \/><figcaption><em>Foto: Pexels.<\/em><\/figcaption><\/figure>\n\n\n\n<p><\/p>\n\n\n\n<p class=\"has-vivid-red-color has-text-color has-medium-font-size\"><strong>FORBES STAFF<\/strong><\/p>\n\n\n\n<p>La Organizaci\u00f3n de Aviaci\u00f3n Civil Internacional (OACI, en ingl\u00e9s) determin\u00f3 este lunes eliminar la denominada \u2018Preocupaci\u00f3n significativa de seguridad operacional\u2019 a la aviaci\u00f3n en M\u00e9xico.<\/p>\n\n\n\n<p>La decisi\u00f3n se tom\u00f3 luego del cumplimiento total de las autoridades mexicanas a una auditor\u00eda practicada a la Agencia Federal de Aviaci\u00f3n Civil (Afac), inform\u00f3 en un comunicado la Secretar\u00eda de Infraestructura, Comunicaciones y Transportes (SICT).<\/p>\n\n\n\n<p>La Afac destac\u00f3 que este hito se resolvi\u00f3 un mes antes de la fecha de t\u00e9rmino impuesta por la OACI, que fij\u00f3 como l\u00edmite el pr\u00f3ximo 8 de julio.<\/p>\n\n\n\n<p>En mayo, la OACI advirti\u00f3 que la aviaci\u00f3n mexicana \u201cno hab\u00eda subsanado observaciones de seguridad\u201d, mientras inici\u00f3 una auditor\u00eda integral, pues persist\u00edan diferencias con el Convenio de Chicago, como en temas relacionados a los servicios de navegaci\u00f3n, verificaci\u00f3n e inspecci\u00f3n, entre otras.<\/p>\n\n\n\n<p>Eso prendi\u00f3 focos rojos en el sector, pues supon\u00eda que M\u00e9xico podr\u00eda perder de nueva cuenta la categor\u00eda 1 en materia de seguridad a\u00e9rea, la cual apenas recuper\u00f3 en septiembre de 2023.<\/p>\n\n\n\n<p>En mayo de 2021, la Administraci\u00f3n Federal de Aviaci\u00f3n de los Estados Unidos degrad\u00f3 a la aviaci\u00f3n mexicana a la categor\u00eda 2, lo que le impidi\u00f3 por poco m\u00e1s de dos a\u00f1os abrir nuevas rutas hacia Estados Unidos, su principal socio comercial.<\/p>\n\n\n\n<p><em><strong>Lee:&nbsp;<a href=\"https:\/\/www.forbes.com.mx\/mexicana-de-aviacion-encarga-20-aviones-al-fabricante-brasileno-embraer\/\">Mexicana de Aviaci\u00f3n encarga 20 aviones al fabricante brasile\u00f1o Embraer<\/a><\/strong><\/em><\/p>\n\n\n\n<p>La Afac precis\u00f3 en la nota que el mes pasado concluy\u00f3 el programa de verificaci\u00f3n que comprende una revisi\u00f3n y calibraci\u00f3n de 95 radioayudas en 74 estaciones, respecto a la tarea de vigilancia de los servicios de navegaci\u00f3n a\u00e9rea en el espacio a\u00e9reo mexicano.<\/p>\n\n\n\n<p>En dicho proceso, indic\u00f3 \u201cServicios a la Navegaci\u00f3n en el Espacio A\u00e9reo Mexicano (Seneam) realiz\u00f3 mediciones y estad\u00edsticas peri\u00f3dicas que permiten confirmar que los sistemas de radioayudas a la navegaci\u00f3n se encuentran dentro de las tolerancias en los diferentes aeropuertos\u201d.<\/p>\n\n\n\n<p>La Afac enfatiz\u00f3 que esta acci\u00f3n \u201cbrinda certeza operacional en el espacio a\u00e9reo mexicano\u201d y expuso \u201cque no se han generado quejas por los usuarios finales, sobre desviaciones de rumbo o errores de marcaci\u00f3n en los sistemas\u201d.&nbsp;<\/p>\n\n\n\n<p><em>Con informaci\u00f3n de EFE<\/em><\/p>\n\n\n\n<p>Fuente:<a href=\"https:\/\/www.forbes.com.mx\/organismo-internacional-apaga-focos-rojos-sobre-aviacion-mexicana\/\">https:\/\/www.forbes.com.mx\/organismo-internacional-apaga-focos-rojos-sobre-aviacion-mexicana\/<\/a><\/p>\n","protected":false},"excerpt":{"rendered":"<p>La Organizaci\u00f3n de Aviaci\u00f3n Civil Internacional elimina la \u2018Preocupaci\u00f3n significativa de seguridad operacional\u2019 a la aviaci\u00f3n en M\u00e9xico. FORBES STAFF [&hellip;]<\/p>\n","protected":false},"author":1,"featured_media":76677,"comment_status":"open","ping_status":"open","sticky":false,"template":"","format":"standard","meta":{"site-sidebar-layout":"default","site-content-layout":"","ast-site-content-layout":"default","site-content-style":"default","site-sidebar-style":"default","ast-global-header-display":"","ast-banner-title-visibility":"","ast-main-header-display":"","ast-hfb-above-header-display":"","ast-hfb-below-header-display":"","ast-hfb-mobile-header-display":"","site-post-title":"","ast-breadcrumbs-content":"","ast-featured-img":"","footer-sml-layout":"","theme-transparent-header-meta":"","adv-header-id-meta":"","stick-header-meta":"","header-above-stick-meta":"","header-main-stick-meta":"","header-below-stick-meta":"","astra-migrate-meta-layouts":"default","ast-page-background-enabled":"default","ast-page-background-meta":{"desktop":{"background-color":"var(--ast-global-color-4)","background-image":"","background-repeat":"repeat","background-position":"center center","background-size":"auto","background-attachment":"scroll","background-type":"","background-media":"","overlay-type":"","overlay-color":"","overlay-opacity":"","overlay-gradient":""},"tablet":{"background-color":"","background-image":"","background-repeat":"repeat","background-position":"center center","background-size":"auto","background-attachment":"scroll","background-type":"","background-media":"","overlay-type":"","overlay-color":"","overlay-opacity":"","overlay-gradient":""},"mobile":{"background-color":"","background-image":"","background-repeat":"repeat","background-position":"center center","background-size":"auto","background-attachment":"scroll","background-type":"","background-media":"","overlay-type":"","overlay-color":"","overlay-opacity":"","overlay-gradient":""}},"ast-content-background-meta":{"desktop":{"background-color":"var(--ast-global-color-5)","background-image":"","background-repeat":"repeat","background-position":"center center","background-size":"auto","background-attachment":"scroll","background-type":"","background-media":"","overlay-type":"","overlay-color":"","overlay-opacity":"","overlay-gradient":""},"tablet":{"background-color":"var(--ast-global-color-5)","background-image":"","background-repeat":"repeat","background-position":"center center","background-size":"auto","background-attachment":"scroll","background-type":"","background-media":"","overlay-type":"","overlay-color":"","overlay-opacity":"","overlay-gradient":""},"mobile":{"background-color":"var(--ast-global-color-5)","background-image":"","background-repeat":"repeat","background-position":"center center","background-size":"auto","background-attachment":"scroll","background-type":"","background-media":"","overlay-type":"","overlay-color":"","overlay-opacity":"","overlay-gradient":""}},"footnotes":""},"categories":[8],"tags":[26081,1693,26082],"class_list":["post-76676","post","type-post","status-publish","format-standard","has-post-thumbnail","hentry","category-noticias","tag-focos-rojos-aviacion-mexici","tag-oaci","tag-seguridad-aviacion-mexico"],"_links":{"self":[{"href":"https:\/\/losperiodistas.com.mx\/portal\/wp-json\/wp\/v2\/posts\/76676","targetHints":{"allow":["GET"]}}],"collection":[{"href":"https:\/\/losperiodistas.com.mx\/portal\/wp-json\/wp\/v2\/posts"}],"about":[{"href":"https:\/\/losperiodistas.com.mx\/portal\/wp-json\/wp\/v2\/types\/post"}],"author":[{"embeddable":true,"href":"https:\/\/losperiodistas.com.mx\/portal\/wp-json\/wp\/v2\/users\/1"}],"replies":[{"embeddable":true,"href":"https:\/\/losperiodistas.com.mx\/portal\/wp-json\/wp\/v2\/comments?post=76676"}],"version-history":[{"count":1,"href":"https:\/\/losperiodistas.com.mx\/portal\/wp-json\/wp\/v2\/posts\/76676\/revisions"}],"predecessor-version":[{"id":76678,"href":"https:\/\/losperiodistas.com.mx\/portal\/wp-json\/wp\/v2\/posts\/76676\/revisions\/76678"}],"wp:featuredmedia":[{"embeddable":true,"href":"https:\/\/losperiodistas.com.mx\/portal\/wp-json\/wp\/v2\/media\/76677"}],"wp:attachment":[{"href":"https:\/\/losperiodistas.com.mx\/portal\/wp-json\/wp\/v2\/media?parent=76676"}],"wp:term":[{"taxonomy":"category","embeddable":true,"href":"https:\/\/losperiodistas.com.mx\/portal\/wp-json\/wp\/v2\/categories?post=76676"},{"taxonomy":"post_tag","embeddable":true,"href":"https:\/\/losperiodistas.com.mx\/portal\/wp-json\/wp\/v2\/tags?post=76676"}],"curies":[{"name":"wp","href":"https:\/\/api.w.org\/{rel}","templated":true}]}}