{"id":76672,"date":"2024-06-11T05:47:23","date_gmt":"2024-06-11T10:47:23","guid":{"rendered":"https:\/\/losperiodistas.com.mx\/portal\/?p=76672"},"modified":"2024-06-11T05:47:26","modified_gmt":"2024-06-11T10:47:26","slug":"opinion-bloquean-industria-que-emplea-2800-personas","status":"publish","type":"post","link":"https:\/\/losperiodistas.com.mx\/portal\/opinion-bloquean-industria-que-emplea-2800-personas\/","title":{"rendered":"Opini\u00f3n | Bloquean industria que emplea 2,800 personas"},"content":{"rendered":"\n<p class=\"has-medium-font-size\">*Se utilizan falsos argumentos; Antorcha defender\u00e1 al pueblo; Puebla y los servicios de salud<\/p>\n\n\n\n<figure class=\"wp-block-image size-large\"><img fetchpriority=\"high\" decoding=\"async\" width=\"1024\" height=\"461\" src=\"https:\/\/losperiodistas.com.mx\/portal\/wp-content\/uploads\/2024\/06\/BLOQUEOS-A-EMPRESA-1024x461.jpeg\" alt=\"\" class=\"wp-image-76673\" srcset=\"https:\/\/losperiodistas.com.mx\/portal\/wp-content\/uploads\/2024\/06\/BLOQUEOS-A-EMPRESA-1024x461.jpeg 1024w, https:\/\/losperiodistas.com.mx\/portal\/wp-content\/uploads\/2024\/06\/BLOQUEOS-A-EMPRESA-300x135.jpeg 300w, https:\/\/losperiodistas.com.mx\/portal\/wp-content\/uploads\/2024\/06\/BLOQUEOS-A-EMPRESA-768x346.jpeg 768w, https:\/\/losperiodistas.com.mx\/portal\/wp-content\/uploads\/2024\/06\/BLOQUEOS-A-EMPRESA.jpeg 1197w\" sizes=\"(max-width: 1024px) 100vw, 1024px\" \/><\/figure>\n\n\n\n<p class=\"has-vivid-red-color has-text-color\" style=\"font-size:26px\"><strong><em>Por Ra\u00fal Torres Salmer\u00f3n<\/em><\/strong><\/p>\n\n\n\n<p>La empresa Granjas Carroll de M\u00e9xico (GCM), productora de carne, establecida en los estados de Puebla y Veracruz, que proporciona empleo directo a 2 mil 800 personas e indirectamente a 8 mil 400, ha sido v\u00edctima de bloqueos en sus instalaciones al interior de ambos estados, por grupos mal informados.<\/p>\n\n\n\n<p>Hace unos d\u00edas fueron rehenes de un grupo que mantuvo cerrados los accesos de algunas de sus instalaciones, bloquearon carreteras y provocaron p\u00e9rdidas econ\u00f3micas y afectaciones a trabajadores y a la poblaci\u00f3n en general. Afortunadamente los gobiernos estatales y el Federal, han demostrado su respaldo a la inversi\u00f3n privada, a la producci\u00f3n sustentable de alimentos y a la generaci\u00f3n de empleos formales.<\/p>\n\n\n\n<p>Como Empresa Socialmente Responsable (ESR), han apoyado durante 30 a\u00f1os a las comunidades vecinas a trav\u00e9s de programas sociales y de capacitaci\u00f3n; los argumentos de los manifestantes son err\u00f3neos y mal intencionados, como que GCM consume mucha agua, contamina y lanza bombas antigranizo para diluir las lluvias est\u00e1 alejado de la realidad.<\/p>\n\n\n\n<p>Sin embargo, el consumo del l\u00edquido se hace a trav\u00e9s de reutilizaci\u00f3n del agua mediante plantas de tratamiento y generan su propia energ\u00eda el\u00e9ctrica, adem\u00e1s, tienen certificaciones ambientales nacionales e internacionales, se cumplen las medidas sanitarias, de inocuidad, de manejo del agua, plantas de tratamiento, reciclaje y disposici\u00f3n de residuos.<\/p>\n\n\n\n<p>Por lo anterior, la empresa evaluar\u00e1 seguir los conductos legales de toda esta situaci\u00f3n que trastoc\u00f3 la normalidad de operaciones y compromisos con clientes y consumidores.<\/p>\n\n\n\n<p><strong>ANTORCHA Y CLAUDIA SHEINBAUM<\/strong><\/p>\n\n\n\n<p>Ante 3 mil antorchistas provenientes de todo el pa\u00eds que, como cada a\u00f1o conmemoraron a los M\u00e1rtires Antorchistas, hombres y mujeres que perdieron la vida en medio de la lucha por cambiar a M\u00e9xico, Aquiles C\u00f3rdova Mor\u00e1n, Secretario General del Movimiento Antorchista (MA), sostuvo en Tecomatl\u00e1n que durante el sexenio de la Presidenta Claudia Sheinbaum que est\u00e1 por comenzar, retomar\u00e1n con mayor fuerza la lucha por los intereses de los m\u00e1s necesitados del pa\u00eds.<\/p>\n\n\n\n<figure class=\"wp-block-image size-large\"><img decoding=\"async\" width=\"1024\" height=\"657\" src=\"https:\/\/losperiodistas.com.mx\/portal\/wp-content\/uploads\/2024\/06\/TECOMATLA\u0301N-PUEBLA-1024x657.jpeg\" alt=\"\" class=\"wp-image-76674\" srcset=\"https:\/\/losperiodistas.com.mx\/portal\/wp-content\/uploads\/2024\/06\/TECOMATLA\u0301N-PUEBLA-1024x657.jpeg 1024w, https:\/\/losperiodistas.com.mx\/portal\/wp-content\/uploads\/2024\/06\/TECOMATLA\u0301N-PUEBLA-300x192.jpeg 300w, https:\/\/losperiodistas.com.mx\/portal\/wp-content\/uploads\/2024\/06\/TECOMATLA\u0301N-PUEBLA-768x493.jpeg 768w, https:\/\/losperiodistas.com.mx\/portal\/wp-content\/uploads\/2024\/06\/TECOMATLA\u0301N-PUEBLA.jpeg 1331w\" sizes=\"(max-width: 1024px) 100vw, 1024px\" \/><\/figure>\n\n\n\n<p>El MA saldr\u00e1 con m\u00e1s fuerza a las calles a exigir al Gobierno de Sheinbaum que cumpla sus promesas de campa\u00f1a. El l\u00edder de los antorchistas explic\u00f3 que el triunfo reciente de Claudia Sheinbaum en las elecciones por la Presidencia de M\u00e9xico se debe a cuatro factores importantes:<\/p>\n\n\n\n<p>1) Entrega masiva de apoyos monetarios -m\u00e1s de 28 millones, seg\u00fan cifras oficiales-, en conjunto con la amenaza de quitarlos a adultos mayores y discapacitados. 2) Campa\u00f1a anticipada e ilegal que se implement\u00f3 en sus recorridos por el pa\u00eds y a la propaganda masiva difundida por la burocracia y los servidores de la naci\u00f3n. 3) Falta de oposici\u00f3n, la cual representaba a la extrema derecha y no present\u00f3 un plan de gobierno que refutara con cifras al gobierno morenista. 4) Las promesas falsas de construir un segundo piso de la 4T, sin ning\u00fan sustento en la realidad y que s\u00f3lo han dejado a M\u00e9xico en una situaci\u00f3n de mayor pobreza.<\/p>\n\n\n\n<p>Expres\u00f3 C\u00f3rdova Mor\u00e1n que la verdadera soluci\u00f3n a este problema la tiene el MA a trav\u00e9s de una pol\u00edtica fiscal progresiva que recaude m\u00e1s dinero cobr\u00e1ndole m\u00e1s impuestos a los m\u00e1s ricos, pol\u00edtica que ni AMLO ni Sheinbaum implementar\u00e1n ya que son los defensores de los millonarios, quienes son los \u00fanicos que han aumentado sus riquezas en este sexenio.<\/p>\n\n\n\n<p>El evento rememora la vida y lucha de 226 antorchistas ca\u00eddos durante los 50 a\u00f1os de existencia del Movimiento Antorchista. En el evento conmemorativo hubo un coro monumental del Estado de M\u00e9xico.<\/p>\n\n\n\n<p>SERVICIOS DE SALUD<\/p>\n\n\n\n<p>Con el programa federal La Cl\u00ednica es Nuestra, al cual Puebla est\u00e1 sumado, los gobiernos de la Cuarta Transformaci\u00f3n (4T), reafirmaron su compromiso de garantizar el acceso a la salud, as\u00ed como brindar a la poblaci\u00f3n infraestructura m\u00e9dica para recibir atenci\u00f3n de calidad, expuso el Gobernador Sergio Salom\u00f3n C\u00e9spedes al participar, v\u00eda virtual, en la conferencia matutina del Presidente de M\u00e9xico, Andr\u00e9s Manuel L\u00f3pez Obrador, quien inici\u00f3 en las entidades la entrega de recursos para mejorar la infraestructura y equipamiento m\u00e9dico de los centros de salud, mediante la instalaci\u00f3n de comit\u00e9s.<\/p>\n\n\n\n<p>El mandatario poblano inform\u00f3 que en la entidad fueron instalados 895 comit\u00e9s, mismos que recibir\u00e1n en total 429 millones 200 mil pesos para infraestructura, equipo m\u00e9dico y mobiliario de los centros de salud en la entidad.<\/p>\n\n\n\n<p>Con La Cl\u00ednica es Nuestra, la Federaci\u00f3n y el Gobierno Estatal hoy d\u00eda tienen en la entidad 2 mil 669 nuevas plazas de m\u00e9dicos y enfermeras, 257 m\u00e9dicos especialistas y 343 m\u00e9dicos generales de nuevo ingreso, as\u00ed como la Unidad de Oftalmolog\u00eda en el Hospital General de Cholula, las oficinas jurisdiccionales de Puebla, el Centro de Salud de Huehuetl\u00e1n El Chico y la Unidad de Bio Ensayo en Cacalox\u00fachitl en Huaquechula.<\/p>\n\n\n\n<p>Adem\u00e1s, declar\u00f3, se remodel\u00f3 el Hospital General de la Mujer; se ampli\u00f3 el Hospital Psiqui\u00e1trico y la Unidad de Oncopediatr\u00eda y Hematopediatr\u00eda en el Hospital para el Ni\u00f1o Poblano, as\u00ed como la Unidad de Hemodinamia del Hospital General de Puebla.<\/p>\n\n\n\n<p>En fin, como escribi\u00f3 Miguel de Unamuno (Espa\u00f1a, 1864-1936), en su poema La Manifestaci\u00f3n Antiliberal:<\/p>\n\n\n\n<p>V\u00e1lganos el Se\u00f1or y nos socorra<\/p>\n\n\n\n<p>ante esta energum\u00e9nica avalancha,<\/p>\n\n\n\n<p>\u00bfy qui\u00e9n los ilumina y los engancha?<\/p>\n\n\n\n<p>que ya no es la paloma, es una zorra.<\/p>\n\n\n\n<p>ra\u00faltorress@hotmail.com<\/p>\n","protected":false},"excerpt":{"rendered":"<p>*Se utilizan falsos argumentos; Antorcha defender\u00e1 al pueblo; Puebla y los servicios de salud Por Ra\u00fal Torres Salmer\u00f3n La empresa [&hellip;]<\/p>\n","protected":false},"author":1,"featured_media":76673,"comment_status":"open","ping_status":"open","sticky":false,"template":"","format":"standard","meta":{"site-sidebar-layout":"default","site-content-layout":"","ast-site-content-layout":"default","site-content-style":"default","site-sidebar-style":"default","ast-global-header-display":"","ast-banner-title-visibility":"","ast-main-header-display":"","ast-hfb-above-header-display":"","ast-hfb-below-header-display":"","ast-hfb-mobile-header-display":"","site-post-title":"","ast-breadcrumbs-content":"","ast-featured-img":"","footer-sml-layout":"","theme-transparent-header-meta":"","adv-header-id-meta":"","stick-header-meta":"","header-above-stick-meta":"","header-main-stick-meta":"","header-below-stick-meta":"","astra-migrate-meta-layouts":"default","ast-page-background-enabled":"default","ast-page-background-meta":{"desktop":{"background-color":"var(--ast-global-color-4)","background-image":"","background-repeat":"repeat","background-position":"center center","background-size":"auto","background-attachment":"scroll","background-type":"","background-media":"","overlay-type":"","overlay-color":"","overlay-opacity":"","overlay-gradient":""},"tablet":{"background-color":"","background-image":"","background-repeat":"repeat","background-position":"center center","background-size":"auto","background-attachment":"scroll","background-type":"","background-media":"","overlay-type":"","overlay-color":"","overlay-opacity":"","overlay-gradient":""},"mobile":{"background-color":"","background-image":"","background-repeat":"repeat","background-position":"center center","background-size":"auto","background-attachment":"scroll","background-type":"","background-media":"","overlay-type":"","overlay-color":"","overlay-opacity":"","overlay-gradient":""}},"ast-content-background-meta":{"desktop":{"background-color":"var(--ast-global-color-5)","background-image":"","background-repeat":"repeat","background-position":"center center","background-size":"auto","background-attachment":"scroll","background-type":"","background-media":"","overlay-type":"","overlay-color":"","overlay-opacity":"","overlay-gradient":""},"tablet":{"background-color":"var(--ast-global-color-5)","background-image":"","background-repeat":"repeat","background-position":"center center","background-size":"auto","background-attachment":"scroll","background-type":"","background-media":"","overlay-type":"","overlay-color":"","overlay-opacity":"","overlay-gradient":""},"mobile":{"background-color":"var(--ast-global-color-5)","background-image":"","background-repeat":"repeat","background-position":"center center","background-size":"auto","background-attachment":"scroll","background-type":"","background-media":"","overlay-type":"","overlay-color":"","overlay-opacity":"","overlay-gradient":""}},"footnotes":""},"categories":[8,19],"tags":[8485,26080,25969],"class_list":["post-76672","post","type-post","status-publish","format-standard","has-post-thumbnail","hentry","category-noticias","category-sin-limites-2","tag-antorcha-campesina","tag-bloqueo-industria-productora-carne","tag-granjas-carroll"],"_links":{"self":[{"href":"https:\/\/losperiodistas.com.mx\/portal\/wp-json\/wp\/v2\/posts\/76672","targetHints":{"allow":["GET"]}}],"collection":[{"href":"https:\/\/losperiodistas.com.mx\/portal\/wp-json\/wp\/v2\/posts"}],"about":[{"href":"https:\/\/losperiodistas.com.mx\/portal\/wp-json\/wp\/v2\/types\/post"}],"author":[{"embeddable":true,"href":"https:\/\/losperiodistas.com.mx\/portal\/wp-json\/wp\/v2\/users\/1"}],"replies":[{"embeddable":true,"href":"https:\/\/losperiodistas.com.mx\/portal\/wp-json\/wp\/v2\/comments?post=76672"}],"version-history":[{"count":1,"href":"https:\/\/losperiodistas.com.mx\/portal\/wp-json\/wp\/v2\/posts\/76672\/revisions"}],"predecessor-version":[{"id":76675,"href":"https:\/\/losperiodistas.com.mx\/portal\/wp-json\/wp\/v2\/posts\/76672\/revisions\/76675"}],"wp:featuredmedia":[{"embeddable":true,"href":"https:\/\/losperiodistas.com.mx\/portal\/wp-json\/wp\/v2\/media\/76673"}],"wp:attachment":[{"href":"https:\/\/losperiodistas.com.mx\/portal\/wp-json\/wp\/v2\/media?parent=76672"}],"wp:term":[{"taxonomy":"category","embeddable":true,"href":"https:\/\/losperiodistas.com.mx\/portal\/wp-json\/wp\/v2\/categories?post=76672"},{"taxonomy":"post_tag","embeddable":true,"href":"https:\/\/losperiodistas.com.mx\/portal\/wp-json\/wp\/v2\/tags?post=76672"}],"curies":[{"name":"wp","href":"https:\/\/api.w.org\/{rel}","templated":true}]}}