{"id":76641,"date":"2024-06-10T21:30:35","date_gmt":"2024-06-11T02:30:35","guid":{"rendered":"http:\/\/losperiodistas.com.mx\/portal\/?p=76641"},"modified":"2024-06-10T21:30:37","modified_gmt":"2024-06-11T02:30:37","slug":"realizara-gobierno-estatal-350-obras-en-lo-que-resta-del-ano-infraestructura","status":"publish","type":"post","link":"https:\/\/losperiodistas.com.mx\/portal\/realizara-gobierno-estatal-350-obras-en-lo-que-resta-del-ano-infraestructura\/","title":{"rendered":"Realizar\u00e1 gobierno estatal 350 obras en lo que resta del a\u00f1o: Infraestructura"},"content":{"rendered":"\n<p><em>Antes de que finalice la actual administraci\u00f3n ser\u00e1n inaugurados los distribuidores viales en proceso, as\u00ed como la nueva sede del Congreso local<\/em>\u00a0<\/p>\n\n\n\n<figure class=\"wp-block-image size-large\"><img fetchpriority=\"high\" decoding=\"async\" width=\"1024\" height=\"683\" src=\"https:\/\/losperiodistas.com.mx\/portal\/wp-content\/uploads\/2024\/06\/13_Nueva_Sede_del_Congreso_de_Puebla-1024x683.jpg\" alt=\"Nueva Sede del Congreso de Puebla\" class=\"wp-image-76642\" srcset=\"https:\/\/losperiodistas.com.mx\/portal\/wp-content\/uploads\/2024\/06\/13_Nueva_Sede_del_Congreso_de_Puebla-1024x683.jpg 1024w, https:\/\/losperiodistas.com.mx\/portal\/wp-content\/uploads\/2024\/06\/13_Nueva_Sede_del_Congreso_de_Puebla-300x200.jpg 300w, https:\/\/losperiodistas.com.mx\/portal\/wp-content\/uploads\/2024\/06\/13_Nueva_Sede_del_Congreso_de_Puebla-768x512.jpg 768w, https:\/\/losperiodistas.com.mx\/portal\/wp-content\/uploads\/2024\/06\/13_Nueva_Sede_del_Congreso_de_Puebla-1536x1024.jpg 1536w, https:\/\/losperiodistas.com.mx\/portal\/wp-content\/uploads\/2024\/06\/13_Nueva_Sede_del_Congreso_de_Puebla.jpg 1600w\" sizes=\"(max-width: 1024px) 100vw, 1024px\" \/><figcaption>Realizar\u00e1 gobierno estatal 350 obras en lo que resta del a\u00f1o: Infraestructura<\/figcaption><\/figure>\n\n\n\n<p class=\"has-vivid-red-color has-text-color\">Redacci\u00f3n<\/p>\n\n\n\n<p>El gobierno presente de Sergio Salom\u00f3n realizar\u00e1 en este a\u00f1o m\u00e1s de 350 acciones en materia de obra p\u00fablica que atender\u00e1n diversos rubros, inform\u00f3 Jes\u00fas Aquino Lim\u00f3n, subsecretario de Infraestructura, durante la conferencia de prensa del mandatario.<\/p>\n\n\n\n<p>El funcionario inform\u00f3 que el distribuidor vial \u201cEj\u00e9rcito de Oriente\u201d ser\u00e1 entregado a finales de octubre; mientras que el de \u201cCentral de Abasto\u201d en agosto. Respecto al del \u201cPerif\u00e9rico Ecol\u00f3gico-V\u00eda Atlixc\u00e1yotl\u201d ser\u00e1n puestas en marcha dos gasas de circulaci\u00f3n para finales de junio.<\/p>\n\n\n\n<p>Sobre las obras que ser\u00e1n entregadas en junio y julio, destac\u00f3 la Central de Autobuses del Sur, las rehabilitaciones de las ciclopistas \u201cHermanos Serd\u00e1n\u201d y \u201cPerif\u00e9rico Ecol\u00f3gico-V\u00eda Atlixc\u00e1yotl\u201d y, el mejoramiento del Sistema de Alumbrado (Superpostes) en V\u00eda Atlixc\u00e1yotl.<\/p>\n\n\n\n<p>Tambi\u00e9n, las reconstrucciones del Libramiento en Chignahuapan, de la carretera federal Puebla-Huajuapan de Le\u00f3n del Kil\u00f3metro 63+400 al 66+380, as\u00ed como de la carretera Amayuca-Iz\u00facar de Matamoros \u201cEje Poniente\u201d.<\/p>\n\n\n\n<p>En materia educativa, el subsecretario de Infraestructura destac\u00f3 la construcci\u00f3n del Centro de Estudios Cient\u00edficos y Tecnol\u00f3gicos (CECYT20) y de la Unidad Profesional Interdisciplinaria de Ingenier\u00eda (UPII) en la capital poblana, as\u00ed como del Centro de Innovaci\u00f3n e Integraci\u00f3n de Tecnolog\u00edas Avanzadas (CIITA) Unidad Puebla, ubicado en San Jos\u00e9 Chiapa.<\/p>\n\n\n\n<p>Aquino Lim\u00f3n tambi\u00e9n dio a conocer que, para la \u00faltima semana de agosto, ser\u00e1 entregada la nueva sede del Congreso del Estado y que actualmente son intervenidos 10 mercados municipales.<\/p>\n","protected":false},"excerpt":{"rendered":"<p>Antes de que finalice la actual administraci\u00f3n ser\u00e1n inaugurados los distribuidores viales en proceso, as\u00ed como la nueva sede del Congreso local <\/p>\n","protected":false},"author":1,"featured_media":76642,"comment_status":"open","ping_status":"open","sticky":false,"template":"","format":"standard","meta":{"site-sidebar-layout":"default","site-content-layout":"","ast-site-content-layout":"default","site-content-style":"default","site-sidebar-style":"default","ast-global-header-display":"","ast-banner-title-visibility":"","ast-main-header-display":"","ast-hfb-above-header-display":"","ast-hfb-below-header-display":"","ast-hfb-mobile-header-display":"","site-post-title":"","ast-breadcrumbs-content":"","ast-featured-img":"","footer-sml-layout":"","theme-transparent-header-meta":"","adv-header-id-meta":"","stick-header-meta":"","header-above-stick-meta":"","header-main-stick-meta":"","header-below-stick-meta":"","astra-migrate-meta-layouts":"default","ast-page-background-enabled":"default","ast-page-background-meta":{"desktop":{"background-color":"var(--ast-global-color-4)","background-image":"","background-repeat":"repeat","background-position":"center center","background-size":"auto","background-attachment":"scroll","background-type":"","background-media":"","overlay-type":"","overlay-color":"","overlay-opacity":"","overlay-gradient":""},"tablet":{"background-color":"","background-image":"","background-repeat":"repeat","background-position":"center center","background-size":"auto","background-attachment":"scroll","background-type":"","background-media":"","overlay-type":"","overlay-color":"","overlay-opacity":"","overlay-gradient":""},"mobile":{"background-color":"","background-image":"","background-repeat":"repeat","background-position":"center center","background-size":"auto","background-attachment":"scroll","background-type":"","background-media":"","overlay-type":"","overlay-color":"","overlay-opacity":"","overlay-gradient":""}},"ast-content-background-meta":{"desktop":{"background-color":"var(--ast-global-color-5)","background-image":"","background-repeat":"repeat","background-position":"center center","background-size":"auto","background-attachment":"scroll","background-type":"","background-media":"","overlay-type":"","overlay-color":"","overlay-opacity":"","overlay-gradient":""},"tablet":{"background-color":"var(--ast-global-color-5)","background-image":"","background-repeat":"repeat","background-position":"center center","background-size":"auto","background-attachment":"scroll","background-type":"","background-media":"","overlay-type":"","overlay-color":"","overlay-opacity":"","overlay-gradient":""},"mobile":{"background-color":"var(--ast-global-color-5)","background-image":"","background-repeat":"repeat","background-position":"center center","background-size":"auto","background-attachment":"scroll","background-type":"","background-media":"","overlay-type":"","overlay-color":"","overlay-opacity":"","overlay-gradient":""}},"footnotes":""},"categories":[8],"tags":[26071,4944,25642,8252],"class_list":["post-76641","post","type-post","status-publish","format-standard","has-post-thumbnail","hentry","category-noticias","tag-350-obras","tag-congreso-de-puebla","tag-infraestructura","tag-obra-publica"],"_links":{"self":[{"href":"https:\/\/losperiodistas.com.mx\/portal\/wp-json\/wp\/v2\/posts\/76641","targetHints":{"allow":["GET"]}}],"collection":[{"href":"https:\/\/losperiodistas.com.mx\/portal\/wp-json\/wp\/v2\/posts"}],"about":[{"href":"https:\/\/losperiodistas.com.mx\/portal\/wp-json\/wp\/v2\/types\/post"}],"author":[{"embeddable":true,"href":"https:\/\/losperiodistas.com.mx\/portal\/wp-json\/wp\/v2\/users\/1"}],"replies":[{"embeddable":true,"href":"https:\/\/losperiodistas.com.mx\/portal\/wp-json\/wp\/v2\/comments?post=76641"}],"version-history":[{"count":1,"href":"https:\/\/losperiodistas.com.mx\/portal\/wp-json\/wp\/v2\/posts\/76641\/revisions"}],"predecessor-version":[{"id":76643,"href":"https:\/\/losperiodistas.com.mx\/portal\/wp-json\/wp\/v2\/posts\/76641\/revisions\/76643"}],"wp:featuredmedia":[{"embeddable":true,"href":"https:\/\/losperiodistas.com.mx\/portal\/wp-json\/wp\/v2\/media\/76642"}],"wp:attachment":[{"href":"https:\/\/losperiodistas.com.mx\/portal\/wp-json\/wp\/v2\/media?parent=76641"}],"wp:term":[{"taxonomy":"category","embeddable":true,"href":"https:\/\/losperiodistas.com.mx\/portal\/wp-json\/wp\/v2\/categories?post=76641"},{"taxonomy":"post_tag","embeddable":true,"href":"https:\/\/losperiodistas.com.mx\/portal\/wp-json\/wp\/v2\/tags?post=76641"}],"curies":[{"name":"wp","href":"https:\/\/api.w.org\/{rel}","templated":true}]}}