{"id":76638,"date":"2024-06-10T21:20:47","date_gmt":"2024-06-11T02:20:47","guid":{"rendered":"http:\/\/losperiodistas.com.mx\/portal\/?p=76638"},"modified":"2024-06-10T21:20:49","modified_gmt":"2024-06-11T02:20:49","slug":"como-va-checo-perez-asi-quedo-el-campeonato-de-pilotos-tras-el-gp-de-canada-mediotiempo","status":"publish","type":"post","link":"https:\/\/losperiodistas.com.mx\/portal\/como-va-checo-perez-asi-quedo-el-campeonato-de-pilotos-tras-el-gp-de-canada-mediotiempo\/","title":{"rendered":"\u00bfC\u00f3mo va Checo P\u00e9rez? As\u00ed qued\u00f3 el Campeonato de Pilotos tras el GP de Canad\u00e1 | Mediotiempo"},"content":{"rendered":"\n<p>Max Verstappen se llev\u00f3 la carrera en el Circuito Gilles Villeneuve y aument\u00f3 su ventaja en la cima de la tabla. <\/p>\n\n\n\n<figure class=\"wp-block-image size-large\"><img fetchpriority=\"high\" decoding=\"async\" width=\"1024\" height=\"638\" src=\"https:\/\/losperiodistas.com.mx\/portal\/wp-content\/uploads\/2024\/06\/Captura-de-pantalla-2024-06-10-201123-1024x638.png\" alt=\"As\u00ed va el campeonato de pilotos\" class=\"wp-image-76639\" srcset=\"https:\/\/losperiodistas.com.mx\/portal\/wp-content\/uploads\/2024\/06\/Captura-de-pantalla-2024-06-10-201123-1024x638.png 1024w, https:\/\/losperiodistas.com.mx\/portal\/wp-content\/uploads\/2024\/06\/Captura-de-pantalla-2024-06-10-201123-300x187.png 300w, https:\/\/losperiodistas.com.mx\/portal\/wp-content\/uploads\/2024\/06\/Captura-de-pantalla-2024-06-10-201123-768x479.png 768w, https:\/\/losperiodistas.com.mx\/portal\/wp-content\/uploads\/2024\/06\/Captura-de-pantalla-2024-06-10-201123.png 1195w\" sizes=\"(max-width: 1024px) 100vw, 1024px\" \/><figcaption>\u00bfC\u00f3mo qued\u00f3 el campeonato de pilotos tras el GP de Canad\u00e1 2024? <\/figcaption><\/figure>\n\n\n\n<p class=\"has-vivid-red-color has-text-color\">Araceli Esteban \/ Mediotiempo<\/p>\n\n\n\n<p>El Gran Premio de Canad\u00e1 2024 de la F\u00f3rmula 1 estuvo lleno de emociones tras el triunfo que consigui\u00f3 Max Verstappen (Red Bull), aunque tambi\u00e9n se vio marcado por la lluvia y el abandono de varios pilotos, entre ellos Sergio P\u00e9rez.<\/p>\n\n\n\n<p>Por segunda carrera consecutiva, el piloto mexicano de Red Bull no pudo sumar puntos por lo que cada vez est\u00e1 m\u00e1s lejos de su compa\u00f1ero de equipo en el Campeonato Mundial de Pilotos, el cual lidera el neerland\u00e9s con 194 unidades.<\/p>\n\n\n\n<blockquote class=\"twitter-tweet\"><p lang=\"en\" dir=\"ltr\">A hat-trick of wins in Montreal for Max! &#x1f4aa; A Sunday to forget for Checo after retiring due to damage sustained in a crash on Lap 53.<br><br>Result &#x1f3c1; Max P1! &#x1f3c6;, NOR, RUS, HAM, PIA, ALO, STR, RIC, GAS, OCO. Checo DNF &#x1f623; <a href=\"https:\/\/t.co\/sT4YWoQX1y\">pic.twitter.com\/sT4YWoQX1y<\/a><\/p>&mdash; Oracle Red Bull Racing (@redbullracing) <a href=\"https:\/\/twitter.com\/redbullracing\/status\/1799892432328310874?ref_src=twsrc%5Etfw\">June 9, 2024<\/a><\/blockquote> <script async src=\"https:\/\/platform.twitter.com\/widgets.js\" charset=\"utf-8\"><\/script> \n\n\n\n<p>La buena noticia para el tapat\u00edo es que los elementos de Ferrari (Charles Leclerc y Carlos Sainz) tampoco sumaron unidades, pues fueron parte del grupo de cinco pilotos que no pudieron dar las 70 vueltas del Circuito Gilles Villeneuve de Montreal.<\/p>\n\n\n\n<p>As\u00ed va el mundial de pilotos de F1 Con 138 puntos, Leclerc se coloca en el segundo lugar del Mundial de Pilotos; en tercer lugar aparece Lando Norris (McLaren) con 131 unidades; en cuarto sitio est\u00e1 Sainz con 108 puntos y en quinto lugar Checo P\u00e9rez con 107 unidades.<\/p>\n\n\n\n<p>El top 10 lo terminan de completar Oscar Piastri (McLaren) con 81 puntos; George Russell (Mercedes) 69 puntos; Lewis Hamilton (Mercedes) 55 puntos; Fernando Alonso (Aston Martin) 41 puntos y Yuki Tsunoda (RB) 19 unidades. <\/p>\n\n\n\n<blockquote class=\"twitter-tweet\"><p lang=\"pt\" dir=\"ltr\">&#x1f4ca; Classifica\u00e7\u00e3o do Mundial de Pilotos da F\u00f3rmula 1 ap\u00f3s o GP do Canad\u00e1 <a href=\"https:\/\/t.co\/dXfj3mJKhc\">pic.twitter.com\/dXfj3mJKhc<\/a><\/p>&mdash; Estagi\u00e1rio da F1 (@EstagiariodaF1) <a href=\"https:\/\/twitter.com\/EstagiariodaF1\/status\/1799907154247237634?ref_src=twsrc%5Etfw\">June 9, 2024<\/a><\/blockquote> <script async src=\"https:\/\/platform.twitter.com\/widgets.js\" charset=\"utf-8\"><\/script> \n\n\n\n<h2 class=\"wp-block-heading\">\u00bfC\u00f3mo va el Campeonato de Constructores de la F1?<\/h2>\n\n\n\n<p>Con respecto al Mundial de Constructores, Red Bull se mantienen en la cima de la tabla con 301 puntos tras el Gran Premio de Canad\u00e1; le sigue Ferrari con 252 unidades; mientras que en tercer lugar se encuentra McLaren con 212 puntos. <\/p>\n\n\n\n<p>Fuente: <a href=\"https:\/\/www.mediotiempo.com\/automovilismo\/f1\/gp-canada-2024-como-quedo-mundial-de-pilotos-tras-carrera-de-f1\" target=\"_blank\" rel=\"noreferrer noopener\">Mediotiempo<\/a><\/p>\n","protected":false},"excerpt":{"rendered":"<p>Max Verstappen se llev\u00f3 la carrera en el Circuito Gilles Villeneuve y aument\u00f3 su ventaja en la cima de la tabla. <\/p>\n","protected":false},"author":1,"featured_media":76639,"comment_status":"open","ping_status":"open","sticky":false,"template":"","format":"standard","meta":{"site-sidebar-layout":"default","site-content-layout":"","ast-site-content-layout":"default","site-content-style":"default","site-sidebar-style":"default","ast-global-header-display":"","ast-banner-title-visibility":"","ast-main-header-display":"","ast-hfb-above-header-display":"","ast-hfb-below-header-display":"","ast-hfb-mobile-header-display":"","site-post-title":"","ast-breadcrumbs-content":"","ast-featured-img":"","footer-sml-layout":"","theme-transparent-header-meta":"","adv-header-id-meta":"","stick-header-meta":"","header-above-stick-meta":"","header-main-stick-meta":"","header-below-stick-meta":"","astra-migrate-meta-layouts":"default","ast-page-background-enabled":"default","ast-page-background-meta":{"desktop":{"background-color":"var(--ast-global-color-4)","background-image":"","background-repeat":"repeat","background-position":"center center","background-size":"auto","background-attachment":"scroll","background-type":"","background-media":"","overlay-type":"","overlay-color":"","overlay-opacity":"","overlay-gradient":""},"tablet":{"background-color":"","background-image":"","background-repeat":"repeat","background-position":"center center","background-size":"auto","background-attachment":"scroll","background-type":"","background-media":"","overlay-type":"","overlay-color":"","overlay-opacity":"","overlay-gradient":""},"mobile":{"background-color":"","background-image":"","background-repeat":"repeat","background-position":"center center","background-size":"auto","background-attachment":"scroll","background-type":"","background-media":"","overlay-type":"","overlay-color":"","overlay-opacity":"","overlay-gradient":""}},"ast-content-background-meta":{"desktop":{"background-color":"var(--ast-global-color-5)","background-image":"","background-repeat":"repeat","background-position":"center center","background-size":"auto","background-attachment":"scroll","background-type":"","background-media":"","overlay-type":"","overlay-color":"","overlay-opacity":"","overlay-gradient":""},"tablet":{"background-color":"var(--ast-global-color-5)","background-image":"","background-repeat":"repeat","background-position":"center center","background-size":"auto","background-attachment":"scroll","background-type":"","background-media":"","overlay-type":"","overlay-color":"","overlay-opacity":"","overlay-gradient":""},"mobile":{"background-color":"var(--ast-global-color-5)","background-image":"","background-repeat":"repeat","background-position":"center center","background-size":"auto","background-attachment":"scroll","background-type":"","background-media":"","overlay-type":"","overlay-color":"","overlay-opacity":"","overlay-gradient":""}},"footnotes":""},"categories":[8],"tags":[4686,276,465,1634],"class_list":["post-76638","post","type-post","status-publish","format-standard","has-post-thumbnail","hentry","category-noticias","tag-canada","tag-checo-perez","tag-f1","tag-max-verstappen"],"_links":{"self":[{"href":"https:\/\/losperiodistas.com.mx\/portal\/wp-json\/wp\/v2\/posts\/76638","targetHints":{"allow":["GET"]}}],"collection":[{"href":"https:\/\/losperiodistas.com.mx\/portal\/wp-json\/wp\/v2\/posts"}],"about":[{"href":"https:\/\/losperiodistas.com.mx\/portal\/wp-json\/wp\/v2\/types\/post"}],"author":[{"embeddable":true,"href":"https:\/\/losperiodistas.com.mx\/portal\/wp-json\/wp\/v2\/users\/1"}],"replies":[{"embeddable":true,"href":"https:\/\/losperiodistas.com.mx\/portal\/wp-json\/wp\/v2\/comments?post=76638"}],"version-history":[{"count":1,"href":"https:\/\/losperiodistas.com.mx\/portal\/wp-json\/wp\/v2\/posts\/76638\/revisions"}],"predecessor-version":[{"id":76640,"href":"https:\/\/losperiodistas.com.mx\/portal\/wp-json\/wp\/v2\/posts\/76638\/revisions\/76640"}],"wp:featuredmedia":[{"embeddable":true,"href":"https:\/\/losperiodistas.com.mx\/portal\/wp-json\/wp\/v2\/media\/76639"}],"wp:attachment":[{"href":"https:\/\/losperiodistas.com.mx\/portal\/wp-json\/wp\/v2\/media?parent=76638"}],"wp:term":[{"taxonomy":"category","embeddable":true,"href":"https:\/\/losperiodistas.com.mx\/portal\/wp-json\/wp\/v2\/categories?post=76638"},{"taxonomy":"post_tag","embeddable":true,"href":"https:\/\/losperiodistas.com.mx\/portal\/wp-json\/wp\/v2\/tags?post=76638"}],"curies":[{"name":"wp","href":"https:\/\/api.w.org\/{rel}","templated":true}]}}