{"id":76633,"date":"2024-06-10T21:03:53","date_gmt":"2024-06-11T02:03:53","guid":{"rendered":"http:\/\/losperiodistas.com.mx\/portal\/?p=76633"},"modified":"2024-06-10T21:03:55","modified_gmt":"2024-06-11T02:03:55","slug":"angela-aguilar-y-christian-nodal-estan-juntos-y-muy-enamorados","status":"publish","type":"post","link":"https:\/\/losperiodistas.com.mx\/portal\/angela-aguilar-y-christian-nodal-estan-juntos-y-muy-enamorados\/","title":{"rendered":"Es oficial: \u00c1ngela Aguilar y Christian Nodal est\u00e1n juntos y muy enamorados | Hola!"},"content":{"rendered":"\n<p>En exclusiva, HOLA! Am\u00e9ricas ha confirmado que ambos cantantes est\u00e1n felices y comparten sus primeras fotos como pareja<\/p>\n\n\n\n<figure class=\"wp-block-image size-large\"><img fetchpriority=\"high\" decoding=\"async\" width=\"1024\" height=\"605\" src=\"https:\/\/losperiodistas.com.mx\/portal\/wp-content\/uploads\/2024\/06\/Captura-de-pantalla-2024-06-10-195805-1024x605.png\" alt=\"Christian Nodal y \u00c1ngela Aguilar\" class=\"wp-image-76636\" srcset=\"https:\/\/losperiodistas.com.mx\/portal\/wp-content\/uploads\/2024\/06\/Captura-de-pantalla-2024-06-10-195805-1024x605.png 1024w, https:\/\/losperiodistas.com.mx\/portal\/wp-content\/uploads\/2024\/06\/Captura-de-pantalla-2024-06-10-195805-300x177.png 300w, https:\/\/losperiodistas.com.mx\/portal\/wp-content\/uploads\/2024\/06\/Captura-de-pantalla-2024-06-10-195805-768x454.png 768w, https:\/\/losperiodistas.com.mx\/portal\/wp-content\/uploads\/2024\/06\/Captura-de-pantalla-2024-06-10-195805.png 1179w\" sizes=\"(max-width: 1024px) 100vw, 1024px\" \/><figcaption>Christian Nodal y \u00c1ngela Aguilar confirmaron su relaci\u00f3n este 10 de junio. Cr\u00e9dito: Getty Images<\/figcaption><\/figure>\n\n\n\n<p class=\"has-vivid-red-color has-text-color\">Redacci\u00f3n \/ HOLA! USA -Miami<\/p>\n\n\n\n<p>La sonrisa de \u00c1ngela Aguilar y Christian Nodal lo dice todo: el amor ha [re]surgido entre ellos y te lo explicamos a continuaci\u00f3n. Despu\u00e9s de varios d\u00edas entre peque\u00f1as pistas de cercan\u00eda y cari\u00f1o, los cantantes confirman en exclusiva a <strong>HOLA! Am\u00e9ricas<\/strong> que est\u00e1n escribiendo una verdadera historia de amor. La pareja no ha dejado de llamar la atenci\u00f3n dej\u00e1ndose ver junta por diversas partes del mundo, aunque manteniendo su vida personal lo m\u00e1s discreta posible.<\/p>\n\n\n\n<div class=\"wp-block-image\"><figure class=\"aligncenter size-full\"><img decoding=\"async\" width=\"545\" height=\"820\" src=\"https:\/\/losperiodistas.com.mx\/portal\/wp-content\/uploads\/2024\/06\/Captura-de-pantalla-2024-06-10-195111.png\" alt=\"\" class=\"wp-image-76634\" srcset=\"https:\/\/losperiodistas.com.mx\/portal\/wp-content\/uploads\/2024\/06\/Captura-de-pantalla-2024-06-10-195111.png 545w, https:\/\/losperiodistas.com.mx\/portal\/wp-content\/uploads\/2024\/06\/Captura-de-pantalla-2024-06-10-195111-199x300.png 199w\" sizes=\"(max-width: 545px) 100vw, 545px\" \/><figcaption>\u00c1ngela Aguilar y Christian Nodal son novios<\/figcaption><\/figure><\/div>\n\n\n\n<blockquote class=\"wp-block-quote is-layout-flow wp-block-quote-is-layout-flow\"><p>\u201cNo es una nueva relaci\u00f3n, es la continuaci\u00f3n de una historia que la vida nos hizo pausar para poder crecer y extra\u00f1ar. Porque cuando nos dejamos ir, al regresar fuimos m\u00e1s nuestros\u201d <\/p><cite>\u2013 \u00c1ngela Aguilar \u2013<\/cite><\/blockquote>\n\n\n\n<p>\u00c1ngela y Christian se encuentran muy enamorados y tal como ella misma nos afirma, han retomado llenos de ilusi\u00f3n su amor en esta nueva etapa en la que las sonrisas est\u00e1n colmadas de complicidad, promesas y mucho cari\u00f1o; adem\u00e1s de planes juntos a futuro y viajes que s\u00f3lo el amor es capaz de motivar. Un momento que compartimos en primicia junto a la primeras fotos de la pareja.<\/p>\n\n\n\n<p>En medio de los incesantes rumores de romance, tambi\u00e9n hemos podido confirmar que ambos iniciaron su relaci\u00f3n despu\u00e9s de que el int\u00e9rprete mexicano y Cazzu pusieran fin a su historia.<\/p>\n\n\n\n<p>\u00c1ngela y Christian se reencontraron en un momento en el que ambos estaban solteros, y aquella complicidad que surgi\u00f3 a\u00f1os atr\u00e1s, desde que coincidieron en sus primeras colaboraciones musicales, pronto se convirti\u00f3 en algo m\u00e1s serio.<\/p>\n\n\n\n<h2 class=\"wp-block-heading\">\u00c1ngela Aguilar y Christian Nodal, la pareja del verano<\/h2>\n\n\n\n<p>La buena nueva de esta relaci\u00f3n llega para sorpresa de muchos de los fans de \u00c1ngela y Nodal, quienes han tomado con agrado el inicio de su relaci\u00f3n. El cantante se lleva muy bien con la familia de \u00c1ngela, y en la sonrisa de los dos se aprecia la felicidad por estar juntos.<\/p>\n\n\n\n<figure class=\"wp-block-image size-large\"><img decoding=\"async\" width=\"1024\" height=\"615\" src=\"https:\/\/losperiodistas.com.mx\/portal\/wp-content\/uploads\/2024\/06\/Captura-de-pantalla-2024-06-10-195349-1024x615.png\" alt=\"\" class=\"wp-image-76635\" srcset=\"https:\/\/losperiodistas.com.mx\/portal\/wp-content\/uploads\/2024\/06\/Captura-de-pantalla-2024-06-10-195349-1024x615.png 1024w, https:\/\/losperiodistas.com.mx\/portal\/wp-content\/uploads\/2024\/06\/Captura-de-pantalla-2024-06-10-195349-300x180.png 300w, https:\/\/losperiodistas.com.mx\/portal\/wp-content\/uploads\/2024\/06\/Captura-de-pantalla-2024-06-10-195349-768x462.png 768w, https:\/\/losperiodistas.com.mx\/portal\/wp-content\/uploads\/2024\/06\/Captura-de-pantalla-2024-06-10-195349.png 1198w\" sizes=\"(max-width: 1024px) 100vw, 1024px\" \/><figcaption>\u00c1ngela Aguilar y Christian Nodal<\/figcaption><\/figure>\n\n\n\n<p>Una nueva historia de amor de la que compartimos la dicha y que los lleva a recorrer el mundo creando nuevas memorias que se quedar\u00e1n en el coraz\u00f3n.<\/p>\n\n\n\n<p>Fuente: <a href=\"https:\/\/www.hola.com\/us-es\/celebrities\/20240610361246\/angela-aguilar-christian-nodal-juntos-exclusiva-hola-americas\/\" target=\"_blank\" rel=\"noreferrer noopener\">Hola! USA-Miami<\/a><\/p>\n","protected":false},"excerpt":{"rendered":"<p>En exclusiva, HOLA! Am\u00e9ricas ha confirmado que ambos cantantes est\u00e1n felices y comparten sus primeras fotos como pareja<\/p>\n","protected":false},"author":1,"featured_media":76636,"comment_status":"open","ping_status":"open","sticky":false,"template":"","format":"standard","meta":{"site-sidebar-layout":"default","site-content-layout":"","ast-site-content-layout":"default","site-content-style":"default","site-sidebar-style":"default","ast-global-header-display":"","ast-banner-title-visibility":"","ast-main-header-display":"","ast-hfb-above-header-display":"","ast-hfb-below-header-display":"","ast-hfb-mobile-header-display":"","site-post-title":"","ast-breadcrumbs-content":"","ast-featured-img":"","footer-sml-layout":"","theme-transparent-header-meta":"","adv-header-id-meta":"","stick-header-meta":"","header-above-stick-meta":"","header-main-stick-meta":"","header-below-stick-meta":"","astra-migrate-meta-layouts":"default","ast-page-background-enabled":"default","ast-page-background-meta":{"desktop":{"background-color":"var(--ast-global-color-4)","background-image":"","background-repeat":"repeat","background-position":"center center","background-size":"auto","background-attachment":"scroll","background-type":"","background-media":"","overlay-type":"","overlay-color":"","overlay-opacity":"","overlay-gradient":""},"tablet":{"background-color":"","background-image":"","background-repeat":"repeat","background-position":"center center","background-size":"auto","background-attachment":"scroll","background-type":"","background-media":"","overlay-type":"","overlay-color":"","overlay-opacity":"","overlay-gradient":""},"mobile":{"background-color":"","background-image":"","background-repeat":"repeat","background-position":"center center","background-size":"auto","background-attachment":"scroll","background-type":"","background-media":"","overlay-type":"","overlay-color":"","overlay-opacity":"","overlay-gradient":""}},"ast-content-background-meta":{"desktop":{"background-color":"var(--ast-global-color-5)","background-image":"","background-repeat":"repeat","background-position":"center center","background-size":"auto","background-attachment":"scroll","background-type":"","background-media":"","overlay-type":"","overlay-color":"","overlay-opacity":"","overlay-gradient":""},"tablet":{"background-color":"var(--ast-global-color-5)","background-image":"","background-repeat":"repeat","background-position":"center center","background-size":"auto","background-attachment":"scroll","background-type":"","background-media":"","overlay-type":"","overlay-color":"","overlay-opacity":"","overlay-gradient":""},"mobile":{"background-color":"var(--ast-global-color-5)","background-image":"","background-repeat":"repeat","background-position":"center center","background-size":"auto","background-attachment":"scroll","background-type":"","background-media":"","overlay-type":"","overlay-color":"","overlay-opacity":"","overlay-gradient":""}},"footnotes":""},"categories":[8],"tags":[26066,26067,26068,26069],"class_list":["post-76633","post","type-post","status-publish","format-standard","has-post-thumbnail","hentry","category-noticias","tag-angela-aguilar","tag-christian-nodal","tag-enamorados","tag-pareja-del-verano"],"_links":{"self":[{"href":"https:\/\/losperiodistas.com.mx\/portal\/wp-json\/wp\/v2\/posts\/76633","targetHints":{"allow":["GET"]}}],"collection":[{"href":"https:\/\/losperiodistas.com.mx\/portal\/wp-json\/wp\/v2\/posts"}],"about":[{"href":"https:\/\/losperiodistas.com.mx\/portal\/wp-json\/wp\/v2\/types\/post"}],"author":[{"embeddable":true,"href":"https:\/\/losperiodistas.com.mx\/portal\/wp-json\/wp\/v2\/users\/1"}],"replies":[{"embeddable":true,"href":"https:\/\/losperiodistas.com.mx\/portal\/wp-json\/wp\/v2\/comments?post=76633"}],"version-history":[{"count":1,"href":"https:\/\/losperiodistas.com.mx\/portal\/wp-json\/wp\/v2\/posts\/76633\/revisions"}],"predecessor-version":[{"id":76637,"href":"https:\/\/losperiodistas.com.mx\/portal\/wp-json\/wp\/v2\/posts\/76633\/revisions\/76637"}],"wp:featuredmedia":[{"embeddable":true,"href":"https:\/\/losperiodistas.com.mx\/portal\/wp-json\/wp\/v2\/media\/76636"}],"wp:attachment":[{"href":"https:\/\/losperiodistas.com.mx\/portal\/wp-json\/wp\/v2\/media?parent=76633"}],"wp:term":[{"taxonomy":"category","embeddable":true,"href":"https:\/\/losperiodistas.com.mx\/portal\/wp-json\/wp\/v2\/categories?post=76633"},{"taxonomy":"post_tag","embeddable":true,"href":"https:\/\/losperiodistas.com.mx\/portal\/wp-json\/wp\/v2\/tags?post=76633"}],"curies":[{"name":"wp","href":"https:\/\/api.w.org\/{rel}","templated":true}]}}