{"id":76616,"date":"2024-06-10T15:11:58","date_gmt":"2024-06-10T20:11:58","guid":{"rendered":"https:\/\/losperiodistas.com.mx\/portal\/?p=76616"},"modified":"2024-06-10T15:12:00","modified_gmt":"2024-06-10T20:12:00","slug":"opinion-ineficacia-democratica-y-la-politica-del-selfie","status":"publish","type":"post","link":"https:\/\/losperiodistas.com.mx\/portal\/opinion-ineficacia-democratica-y-la-politica-del-selfie\/","title":{"rendered":"Opini\u00f3n | Ineficacia democr\u00e1tica y la pol\u00edtica del selfie"},"content":{"rendered":"\n<h1 class=\"wp-block-heading\"><\/h1>\n\n\n\n<p class=\"has-vivid-red-color has-text-color\" style=\"font-size:26px\"><strong><em>Por Ricardo Mart\u00ednez Mart\u00ednez \/ <a href=\"https:\/\/losperiodistas.com.mx\/portal\/tag\/ricardommz07\/\">@ricardommz07<\/a><\/em><\/strong><\/p>\n\n\n\n<p>\u00bfQu\u00e9 tienen en com\u00fan actores pol\u00edticos tan distintos como Nayib Bukele, Donald Trump o Javier Milei desde la esfera comunicativa? La respuesta es que todos manejan el espect\u00e1culo pol\u00edtico como su principal ejercicio comunicativo. Una pol\u00edtica basada en la emoci\u00f3n inmediata. Pol\u00edtica selfie, juego de planos, manejo del enfoque y una campa\u00f1a permanente, incluso en el ejercicio de gobierno.<\/p>\n\n\n\n<p>A estas alturas, y despu\u00e9s de un proceso democr\u00e1tico tan relevante para los mexicanos como lo fueron las elecciones del 2 de junio, resulta conveniente mirar el espejo de las democracias donde ha perdido sentido el discurso y la laboriosidad del ejercicio de gobierno, para dar lugar a que prime la comunicaci\u00f3n de las im\u00e1genes. Desde la vieja Europa, nos llegan se\u00f1ales sobre las consecuencias de jugar en exceso con las emociones, como lo muestra el ascenso de partidos de extrema derecha en las recientes elecciones para el Parlamento Europeo de 2024.<\/p>\n\n\n\n<p>Reconozc\u00e1moslo, una capa de la poblaci\u00f3n mundial est\u00e1 cansada del sistema, de los partidos y los pol\u00edticos tradicionales. Para muestra, los resultados del estudio de Latinobar\u00f3metro 2023, en el que se resalta que solo el 48% de los ciudadanos latinoamericanos apoya la democracia.<\/p>\n\n\n\n<p>Sin embargo, tambi\u00e9n es cierto que los perfiles pol\u00edticos que viven en campa\u00f1a permanente y que han llegado a ser jefes de estado, desfondan el acto de gobernar. Este es uno de los grandes retos que encara el actual gobierno electo en nuestro pa\u00eds. La tarea no es menor. M\u00e9xico es el pa\u00eds hispanohablante m\u00e1s grande del mundo, una naci\u00f3n transfronteriza cuya poblaci\u00f3n, sumada a los 20 millones de mexicanos que viven en Estados Unidos, supera a la totalidad de habitantes de los tres pa\u00edses hispanos que le siguen: Colombia, Espa\u00f1a y Argentina.<\/p>\n\n\n\n<p>Desde su perspectiva cultural, Samuel Huntington ten\u00eda raz\u00f3n en su diagn\u00f3stico sobre los mexicanos cuando aseveraba que, \u201cla continuidad de los elevados niveles de inmigraci\u00f3n mexicana, unida a las bajas tasas de asimilaci\u00f3n de tales migrantes a la sociedad y la cultura estadounidenses, acabar\u00edan por transformar a Estados Unidos en un pa\u00eds de dos lenguas, dos culturas y dos pueblos incompatibles en muchos y muy importantes aspectos\u201d.<\/p>\n\n\n\n<p>De ah\u00ed el gran reto y liderazgo que deber\u00e1 ejercer la primera mujer en ser jefa de gobierno y de estado en nuestro pa\u00eds, y tambi\u00e9n la primera en el eje de las democracias de Am\u00e9rica del Norte. Una mujer que, junto a otras 13 mujeres gobernadoras, marca tambi\u00e9n un escenario novedoso en el ejercicio del poder a nivel nacional y subnacional en M\u00e9xico.<\/p>\n\n\n\n<p>M\u00e1s all\u00e1 del desconcierto de unos y el triunfalismo de otros, vale la pena recordar que los problemas del pa\u00eds no desaparecieron el d\u00eda de la elecci\u00f3n. Una cosa es la campa\u00f1a y la elecci\u00f3n, y otra gobernar para solucionar los graves problemas por los que atraviesa el pa\u00eds.<\/p>\n\n\n\n<p>M\u00e9xico se enfrenta a una crisis multifac\u00e9tica que incluye una serie de alarmantes estad\u00edsticas: 189 mil homicidios dolosos hasta la fecha. La pobreza afecta a 47 millones de mexicanos y 51 millones carecen de acceso a servicios de salud. En el \u00e1mbito educativo, 25 millones de personas padecen carencias significativas. Adem\u00e1s, el crimen y la delincuencia organizada controlan un tercio del pa\u00eds. El crecimiento econ\u00f3mico es pr\u00e1cticamente nulo, con una tasa anual inferior al 1%. M\u00e9xico ocupa los \u00faltimos lugares en los \u00edndices internacionales de corrupci\u00f3n, Estado de derecho y crimen organizado. Grandes desaf\u00edos que ameritan grandes acciones.<\/p>\n\n\n\n<p>En el mediano plazo, sin embargo, no podemos dejar de mencionar algunos temas que desde ahora conviene plantear, ya que nos alcanzar\u00e1n m\u00e1s tarde que temprano.<\/p>\n\n\n\n<p>De acuerdo al informe \u00abM\u00e9xico en 2050\u00bb de la Universidad Nacional Aut\u00f3noma de M\u00e9xico, editado por Manuel Aguilera G\u00f3mez, se se\u00f1ala que M\u00e9xico enfrentar\u00e1 en breve tres grandes crisis: la crisis financiera recurrente del Estado, la crisis de las pensiones y la crisis del federalismo. Estas crisis demandar\u00e1n reformas estructurales profundas para garantizar la estabilidad y el desarrollo sostenible del pa\u00eds.<\/p>\n\n\n\n<p>Por tanto, ha llegado el momento en el que la arenga democr\u00e1tica y la pol\u00edtica selfie dejen un espacio a la realidad, a la gente, a sus necesidades y s\u00ed, tambi\u00e9n a sus sentimientos, pero sin filtros, sin tanto edulcorante y de manera m\u00e1s humana.<\/p>\n\n\n\n<p>Se avecinan tiempos democr\u00e1ticos relevantes.<\/p>\n","protected":false},"excerpt":{"rendered":"<p>Por Ricardo Mart\u00ednez Mart\u00ednez \/ @ricardommz07 \u00bfQu\u00e9 tienen en com\u00fan actores pol\u00edticos tan distintos como Nayib Bukele, Donald Trump o [&hellip;]<\/p>\n","protected":false},"author":1,"featured_media":73390,"comment_status":"open","ping_status":"open","sticky":false,"template":"","format":"standard","meta":{"site-sidebar-layout":"default","site-content-layout":"","ast-site-content-layout":"default","site-content-style":"default","site-sidebar-style":"default","ast-global-header-display":"","ast-banner-title-visibility":"","ast-main-header-display":"","ast-hfb-above-header-display":"","ast-hfb-below-header-display":"","ast-hfb-mobile-header-display":"","site-post-title":"","ast-breadcrumbs-content":"","ast-featured-img":"","footer-sml-layout":"","theme-transparent-header-meta":"","adv-header-id-meta":"","stick-header-meta":"","header-above-stick-meta":"","header-main-stick-meta":"","header-below-stick-meta":"","astra-migrate-meta-layouts":"default","ast-page-background-enabled":"default","ast-page-background-meta":{"desktop":{"background-color":"var(--ast-global-color-4)","background-image":"","background-repeat":"repeat","background-position":"center center","background-size":"auto","background-attachment":"scroll","background-type":"","background-media":"","overlay-type":"","overlay-color":"","overlay-opacity":"","overlay-gradient":""},"tablet":{"background-color":"","background-image":"","background-repeat":"repeat","background-position":"center center","background-size":"auto","background-attachment":"scroll","background-type":"","background-media":"","overlay-type":"","overlay-color":"","overlay-opacity":"","overlay-gradient":""},"mobile":{"background-color":"","background-image":"","background-repeat":"repeat","background-position":"center center","background-size":"auto","background-attachment":"scroll","background-type":"","background-media":"","overlay-type":"","overlay-color":"","overlay-opacity":"","overlay-gradient":""}},"ast-content-background-meta":{"desktop":{"background-color":"var(--ast-global-color-5)","background-image":"","background-repeat":"repeat","background-position":"center center","background-size":"auto","background-attachment":"scroll","background-type":"","background-media":"","overlay-type":"","overlay-color":"","overlay-opacity":"","overlay-gradient":""},"tablet":{"background-color":"var(--ast-global-color-5)","background-image":"","background-repeat":"repeat","background-position":"center center","background-size":"auto","background-attachment":"scroll","background-type":"","background-media":"","overlay-type":"","overlay-color":"","overlay-opacity":"","overlay-gradient":""},"mobile":{"background-color":"var(--ast-global-color-5)","background-image":"","background-repeat":"repeat","background-position":"center center","background-size":"auto","background-attachment":"scroll","background-type":"","background-media":"","overlay-type":"","overlay-color":"","overlay-opacity":"","overlay-gradient":""}},"footnotes":""},"categories":[8,22],"tags":[26058,26060,26059],"class_list":["post-76616","post","type-post","status-publish","format-standard","has-post-thumbnail","hentry","category-noticias","category-opinion-invitada","tag-espectaculo-politico","tag-juego-de-planos","tag-politica-sefie"],"_links":{"self":[{"href":"https:\/\/losperiodistas.com.mx\/portal\/wp-json\/wp\/v2\/posts\/76616","targetHints":{"allow":["GET"]}}],"collection":[{"href":"https:\/\/losperiodistas.com.mx\/portal\/wp-json\/wp\/v2\/posts"}],"about":[{"href":"https:\/\/losperiodistas.com.mx\/portal\/wp-json\/wp\/v2\/types\/post"}],"author":[{"embeddable":true,"href":"https:\/\/losperiodistas.com.mx\/portal\/wp-json\/wp\/v2\/users\/1"}],"replies":[{"embeddable":true,"href":"https:\/\/losperiodistas.com.mx\/portal\/wp-json\/wp\/v2\/comments?post=76616"}],"version-history":[{"count":1,"href":"https:\/\/losperiodistas.com.mx\/portal\/wp-json\/wp\/v2\/posts\/76616\/revisions"}],"predecessor-version":[{"id":76617,"href":"https:\/\/losperiodistas.com.mx\/portal\/wp-json\/wp\/v2\/posts\/76616\/revisions\/76617"}],"wp:featuredmedia":[{"embeddable":true,"href":"https:\/\/losperiodistas.com.mx\/portal\/wp-json\/wp\/v2\/media\/73390"}],"wp:attachment":[{"href":"https:\/\/losperiodistas.com.mx\/portal\/wp-json\/wp\/v2\/media?parent=76616"}],"wp:term":[{"taxonomy":"category","embeddable":true,"href":"https:\/\/losperiodistas.com.mx\/portal\/wp-json\/wp\/v2\/categories?post=76616"},{"taxonomy":"post_tag","embeddable":true,"href":"https:\/\/losperiodistas.com.mx\/portal\/wp-json\/wp\/v2\/tags?post=76616"}],"curies":[{"name":"wp","href":"https:\/\/api.w.org\/{rel}","templated":true}]}}