{"id":76610,"date":"2024-06-10T15:02:46","date_gmt":"2024-06-10T20:02:46","guid":{"rendered":"https:\/\/losperiodistas.com.mx\/portal\/?p=76610"},"modified":"2024-06-10T15:02:48","modified_gmt":"2024-06-10T20:02:48","slug":"narcisistas-y-sadicos-asi-describe-psiquiatra-a-los-maltratadores-de-animales-el-heraldo-de-mexico","status":"publish","type":"post","link":"https:\/\/losperiodistas.com.mx\/portal\/narcisistas-y-sadicos-asi-describe-psiquiatra-a-los-maltratadores-de-animales-el-heraldo-de-mexico\/","title":{"rendered":"Narcisistas y s\u00e1dicos, as\u00ed describe psiquiatra a los maltratadores de animales | El Heraldo de M\u00e9xico"},"content":{"rendered":"\n<h2 class=\"has-medium-font-size wp-block-heading\">De acuerdo con el analista del Instituto Mexicano de Psicoan\u00e1lisis, Pablo Varela, m\u00e1s hombres que mujeres tienden a ejercer violencia sobre un animal<\/h2>\n\n\n\n<figure class=\"wp-block-image size-large\"><img fetchpriority=\"high\" decoding=\"async\" width=\"1024\" height=\"570\" src=\"https:\/\/losperiodistas.com.mx\/portal\/wp-content\/uploads\/2024\/06\/Captura-de-Pantalla-2024-06-10-a-las-10.22.45-1024x570.jpg\" alt=\"\" class=\"wp-image-76611\" srcset=\"https:\/\/losperiodistas.com.mx\/portal\/wp-content\/uploads\/2024\/06\/Captura-de-Pantalla-2024-06-10-a-las-10.22.45-1024x570.jpg 1024w, https:\/\/losperiodistas.com.mx\/portal\/wp-content\/uploads\/2024\/06\/Captura-de-Pantalla-2024-06-10-a-las-10.22.45-300x167.jpg 300w, https:\/\/losperiodistas.com.mx\/portal\/wp-content\/uploads\/2024\/06\/Captura-de-Pantalla-2024-06-10-a-las-10.22.45-768x428.jpg 768w, https:\/\/losperiodistas.com.mx\/portal\/wp-content\/uploads\/2024\/06\/Captura-de-Pantalla-2024-06-10-a-las-10.22.45-1536x856.jpg 1536w, https:\/\/losperiodistas.com.mx\/portal\/wp-content\/uploads\/2024\/06\/Captura-de-Pantalla-2024-06-10-a-las-10.22.45.jpg 1752w\" sizes=\"(max-width: 1024px) 100vw, 1024px\" \/><figcaption><em>El especialista explic\u00f3 que tienen rasgos psicop\u00e1ticos tambi\u00e9n.Cr\u00e9ditos: Archivo<\/em><\/figcaption><\/figure>\n\n\n\n<p class=\"has-vivid-red-color has-text-color has-medium-font-size\"><strong>Brenda Rangel \/ El Heraldo de M\u00e9xico<\/strong><\/p>\n\n\n\n<p>M\u00e9xico es el pa\u00eds de<strong>&nbsp;Am\u00e9rica Latina&nbsp;<\/strong>con el mayor n\u00famero de&nbsp;<a href=\"https:\/\/heraldodemexico.com.mx\/mundo\/2024\/5\/31\/asi-rescataron-29-perritos-de-presunta-guarderia-donde-recibian-maltrato-animal-608447.html\">casos de maltrato animal<\/a>, de acuerdo con el&nbsp;director de&nbsp;<strong>AnimaNaturalis<\/strong>&nbsp;M\u00e9xico,&nbsp;<strong>Arturo Berlanga<\/strong>,&nbsp;quien adem\u00e1s destaca la impunidad que hay alrededor de estos. Destac\u00f3 que&nbsp;de&nbsp;2019 a 2021 se abrieron en el pa\u00eds m\u00e1s de tres&nbsp;mil carpetas de investigaci\u00f3n por este&nbsp;delito;&nbsp;sin embargo, s\u00f3lo 168 fueron vinculados a proceso.<\/p>\n\n\n\n<p>Respecto a estas escandalosas cifras, el\u00a0<strong>psiquiatra<\/strong>\u00a0y psicoanalista\u00a0del\u00a0<strong>Instituto Mexicano de Psicoan\u00e1lisis<\/strong>\u00a0(<strong>IMPAC<\/strong>),\u00a0<strong>Pablo Varela Fregoso<\/strong>, explic\u00f3 para\u00a0<a href=\"https:\/\/heraldodemexico.com.mx\/\"><strong>El Heraldo de M\u00e9xico<\/strong><\/a>\u00a0los principales\u00a0<strong>rasgos psicol\u00f3gicos<\/strong>\u00a0que se pueden encontrar en los\u00a0<strong>maltratadores de animales<\/strong>. En t\u00e9rminos\u00a0generales,\u00a0dijo, las personas que abusan o maltratan animales son\u00a0<strong>agresivas<\/strong>\u00a0y con dificultades para controlar sus\u00a0<strong>impulsos<\/strong>.<\/p>\n\n\n\n<p><a href=\"https:\/\/heraldodemexico.com.mx\/nacional\/2024\/6\/5\/justicia-para-moni-mujer-perdio-su-perrita-la-encontraron-enterrada-en-el-jardin-de-su-vecina-609607.html\">\u00a1Justicia para Moni! Mujer perdi\u00f3 a su perrita y la encontraron enterrada en el jard\u00edn de su vecina<\/a><\/p>\n\n\n\n<p><a href=\"https:\/\/heraldodemexico.com.mx\/tendencias\/2024\/6\/2\/imagenes-fuertes-atropellan-tres-caballos-los-dejan-abandonados-en-calles-de-iztapalapa-608840.html\">IM\u00c1GENES FUERTES: Atropellan a tres caballos y los dejan abandonados en calles de Iztapalapa<\/a><\/p>\n\n\n\n<figure class=\"wp-block-embed is-type-video is-provider-youtube wp-block-embed-youtube wp-embed-aspect-16-9 wp-has-aspect-ratio\"><div class=\"wp-block-embed__wrapper\">\n<iframe title=\"Maltrato animal en M\u00e9xico ha incrementado en 2024, 7 de cada 10 animales son v\u00edctimas de violencia\" width=\"500\" height=\"281\" src=\"https:\/\/www.youtube.com\/embed\/TVGthpjalcE?feature=oembed\" frameborder=\"0\" allow=\"accelerometer; autoplay; clipboard-write; encrypted-media; gyroscope; picture-in-picture; web-share\" referrerpolicy=\"strict-origin-when-cross-origin\" allowfullscreen><\/iframe>\n<\/div><\/figure>\n\n\n\n<p>\u00abLa gente que maltrata no responde, reacciona; es decir, antes de evaluar una situaci\u00f3n ya est\u00e1n actuando, son agresivas y pueden sacar su malestar,\u00a0enojo y frustraci\u00f3n contra personas o seres\u00a0que dependen de ellos, que est\u00e1n\u00a0por debajo de ellos, en el sentido de que un animal no tiene las posibilidades de defenderse\u00bb, expres\u00f3.<\/p>\n\n\n\n<h2 class=\"wp-block-heading\">Narcisistas y sin empat\u00eda, as\u00ed podr\u00edan ser los mata perros de Xochimilco<\/h2>\n\n\n\n<p>El especialista en&nbsp;<strong>salud mental<\/strong>&nbsp;coment\u00f3&nbsp;que tambi\u00e9n carecen de&nbsp;<strong>empat\u00eda<\/strong>, es decir, no cuentan con la&nbsp;capacidad de ponerse&nbsp;en el lugar de&nbsp;otro ser, no pueden entender que a otro ser le duele lo que le est\u00e1n haciendo, son ego\u00edstas y toman todo con una perspectiva personal y, por lo regular, distorsionada.<\/p>\n\n\n\n<p>\u00abNo pueden entender que el otro ser sufre, son narcisistas, s\u00f3lo piensan en sus propias necesidades, las de los dem\u00e1s ni siquiera se les ocurre que existan, una persona narcisista es alguien sumamente ego\u00edsta, poco objetivo que&nbsp;no puede ver las cosas como son en realidad\u00bb, destac\u00f3.<\/p>\n\n\n\n<p>Varela Fregoso a\u00f1adi\u00f3 que si estas personas pueden obtener alg\u00fan\u00a0<strong>beneficio<\/strong>\u00a0aunque tengan que causarle sufrimiento a un animal, lo har\u00e1n, por ejemplo las personas que tengan un caballo, un burro no les importar\u00e1 que estos animales est\u00e9n cansados y que incluso puedan morir, mientras ellas obtengan alg\u00fan beneficio, pues los ven como cosas.<\/p>\n\n\n\n<figure class=\"wp-block-embed is-type-video is-provider-youtube wp-block-embed-youtube wp-embed-aspect-16-9 wp-has-aspect-ratio\"><div class=\"wp-block-embed__wrapper\">\n<iframe title=\"SSCP va por ley para homologar el maltrato animal como delito en M\u00e9xico\" width=\"500\" height=\"281\" src=\"https:\/\/www.youtube.com\/embed\/79ouE4k6cVw?feature=oembed\" frameborder=\"0\" allow=\"accelerometer; autoplay; clipboard-write; encrypted-media; gyroscope; picture-in-picture; web-share\" referrerpolicy=\"strict-origin-when-cross-origin\" allowfullscreen><\/iframe>\n<\/div><\/figure>\n\n\n\n<h2 class=\"wp-block-heading\">Son m\u00e1s hombres que mujeres los que maltratan animales<\/h2>\n\n\n\n<p>El psicoanalista del IMPAC indic\u00f3 que adem\u00e1s tienden a ser&nbsp;<strong>intolerantes<\/strong>&nbsp;y les cuesta&nbsp;pensar que los animales&nbsp;tienen sus propias&nbsp;<strong>necesidades<\/strong>.&nbsp;<\/p>\n\n\n\n<blockquote class=\"wp-block-quote is-layout-flow wp-block-quote-is-layout-flow\"><p>\u00abAlgo que se ve mucho todav\u00eda&nbsp;en nuestro pa\u00eds es que es gente que tiende a ser&nbsp;<strong>autoritaria<\/strong>,&nbsp;<strong>clasista<\/strong>&nbsp;o&nbsp;<strong>racista<\/strong>, esto que todav\u00eda est\u00e1 muy arraigado en los&nbsp;<strong>hombres<\/strong>, el&nbsp;<strong>machismo<\/strong>, el abuso de los animales no se limita a los hombres, pero son m\u00e1s los hombres que las mujeres los que caen en este tipo de conductas\u00bb, apunt\u00f3.<\/p><\/blockquote>\n\n\n\n<p>Son personas que tambi\u00e9n tienen un sentimiento de\u00a0<strong>minusval\u00eda<\/strong>, acot\u00f3, que no se sienten lo\u00a0suficientemente seguras de s\u00ed mismas, por lo que una manera de demostrar o sentir que tienen\u00a0<strong>poder<\/strong>, es\u00a0<strong>abusando de los animales<\/strong>, pero podr\u00edan abusar\u00a0de los\u00a0<strong>ni\u00f1os<\/strong>\u00a0y de las\u00a0<strong>mujeres<\/strong>\u00a0tambi\u00e9n, asegur\u00f3.<\/p>\n\n\n\n<figure class=\"wp-block-embed is-type-video is-provider-youtube wp-block-embed-youtube wp-embed-aspect-16-9 wp-has-aspect-ratio\"><div class=\"wp-block-embed__wrapper\">\n<iframe title=\"\u00a1Cuida a los m\u00e1s peludos! Conoce c\u00f3mo denunciar el maltrato animal en la Ciudad de M\u00e9xico\" width=\"500\" height=\"281\" src=\"https:\/\/www.youtube.com\/embed\/NqDm8aDnSrs?feature=oembed\" frameborder=\"0\" allow=\"accelerometer; autoplay; clipboard-write; encrypted-media; gyroscope; picture-in-picture; web-share\" referrerpolicy=\"strict-origin-when-cross-origin\" allowfullscreen><\/iframe>\n<\/div><\/figure>\n\n\n\n<h2 class=\"wp-block-heading\">Con rasgos psicop\u00e1ticos<\/h2>\n\n\n\n<p>El psiquiatra dijo que las personas que maltratan a un animal podr\u00edan tener el&nbsp;<strong>trastorno antisocial<\/strong>, mejor conocido como&nbsp;<strong>psicopat\u00eda<\/strong>, en el que&nbsp;por lo regular son&nbsp;<strong>incapaces de sentir culpa<\/strong>&nbsp;por sus actos a pesar de afectar a otros.<\/p>\n\n\n\n<p>\u00abQui\u00e9n es un&nbsp;<strong>antisocial<\/strong>, es aquel que pasa por encima&nbsp;de los derechos de los dem\u00e1s, es alguien que con tal de obtener una ganancia no le importa lo que tenga que hacer, y adem\u00e1s son personas incapaces de tomar una responsabilidad de sus actos, un antisocial puede&nbsp;<strong>matar un animal<\/strong>&nbsp;y decir &#8216;no es mi culpa, estaba ah\u00ed y me estorbaba y por eso lo mat\u00e9&#8217;, no pueden reconocer su responsabilidad en el hecho\u00bb, detall\u00f3.<\/p>\n\n\n\n<p>Este trastorno se puede mostrar desde la&nbsp;<strong>ni\u00f1ez<\/strong>&nbsp;con tres conductas&nbsp;fundamentalmente: no hay capacidad de&nbsp;<strong>empatizar<\/strong>, son&nbsp;<strong>pir\u00f3manos<\/strong>&nbsp;y tienden a&nbsp;<strong>maltratar<\/strong>&nbsp;a los animales.<\/p>\n\n\n\n<p>\u00abCuidado, no hay que confundir al curiosidad normal de un ni\u00f1o, porque a veces puede tomar un insecto y lo puede ir despedazando, pero no es por querer generar sufrimiento, sino por curiosidad, pero obviamente debe ser conducido por un adulto\u00bb, subray\u00f3.<\/p>\n\n\n\n<h2 class=\"wp-block-heading\">Diferentes tipos&nbsp;de maltrato animal<\/h2>\n\n\n\n<p>El acad\u00e9mico del IMPAC agreg\u00f3 que hay&nbsp;<strong>diversos tipos de maltrato animal<\/strong>, no s\u00f3lo a trav\u00e9s de golpes, por ejemplo, ya que&nbsp;dejar a un&nbsp;<strong>perro amarrado&nbsp;<\/strong>en una azotea todo el d\u00eda, no darles de comer ni agua, tambi\u00e9n lo es.<\/p>\n\n\n\n<p>\u00abEstas personas tambi\u00e9n tienen rasgos de personalidad&nbsp;<strong>autoritarios<\/strong>&nbsp;y&nbsp;<strong>s\u00e1dicos<\/strong>, ya que&nbsp;<strong>disfrutan tener el control<\/strong>&nbsp;de un animal en sus manos y a trav\u00e9s de ellos se pueden sentir como si fueran&nbsp;<strong>Dios<\/strong>&nbsp;y puede decidir sobre la vida de otro ser vivo\u00bb.<\/p>\n\n\n\n<h2 class=\"wp-block-heading\">Provienen de familias disfuncionales y autoritarias<\/h2>\n\n\n\n<p>Finalmente, Varela Fregoso indic\u00f3 que los maltratadores de animales provienen de&nbsp;<strong>familias disfuncionales<\/strong>&nbsp;y autoritarias en las que uno de los miembros no respeta los derechos de los otros familiares&nbsp;y tiene el control sobre los dem\u00e1s.<\/p>\n\n\n\n<p>\u00abEn esa familia una forma de resolver los conflictos es a trav\u00e9s de la&nbsp;<strong>violencia<\/strong>, de los&nbsp;<strong>golpes<\/strong>, de la&nbsp;<strong>humillaci\u00f3n<\/strong>, y es algo que se va introyectando, se va quedando dentro de la estructura de personalidad de alguien y como sucede muchas veces con hijos de padres golpeadores, uno pensar\u00eda que por la experiencia que tuvieron, cambiar\u00edan esto, pero muchas veces contin\u00faan con esta conducta\u00bb, afirm\u00f3. Adem\u00e1s, si hubo&nbsp;<strong>carencias de tipo emocional<\/strong>, tambi\u00e9n se puede propiciar conductas violentas con los animales.&nbsp;<\/p>\n\n\n\n<h2 class=\"wp-block-heading\">\u00bfLos maltratadores de animales pueden cambiar su conducta?<\/h2>\n\n\n\n<p>De acuerdo con el especialista en&nbsp;<strong>salud mental<\/strong>, es dif\u00edcil que estas personas cambien; sin embargo, no es algo imposible. Explic\u00f3 que hay dos tipos de conductas,&nbsp;<strong>egosint\u00f3nicas<\/strong>, en las que sabi\u00e9ndose maltratadores no les causa ning\u00fan conflicto, pero tambi\u00e9n hay&nbsp;<strong>egodist\u00f3nicas<\/strong>, en las que se pueden dar cuenta que su conducta causa dolor a los dem\u00e1s y la persona toma conciencia de esto, por lo que puede buscar&nbsp;<strong>ayuda terap\u00e9utica<\/strong>.&nbsp;<\/p>\n\n\n\n<p>En el segundo caso es posible que la persona deje atr\u00e1s conductas violentas o agresivas una vez que ha sido acompa\u00f1ado por un profesional; sin embargo, en el primer caso es pr\u00e1cticamente imposible, se\u00f1al\u00f3 Varela, ya que no hay culpa ni un sentido de responsabilidad\u00a0sobre lo que implica\u00a0producir dolor a otro ser.<\/p>\n\n\n\n<p>Fuente: <a href=\"https:\/\/heraldodemexico.com.mx\/nacional\/2024\/6\/10\/narcisistas-sadicos-asi-describe-psiquiatra-los-maltratadores-de-animales-609072.html\">https:\/\/heraldodemexico.com.mx\/nacional\/2024\/6\/10\/narcisistas-sadicos-asi-describe-psiquiatra-los-maltratadores-de-animales-609072.html<\/a><\/p>\n","protected":false},"excerpt":{"rendered":"<p>De acuerdo con el analista del Instituto Mexicano de Psicoan\u00e1lisis, Pablo Varela, m\u00e1s hombres que mujeres tienden a ejercer violencia [&hellip;]<\/p>\n","protected":false},"author":1,"featured_media":76611,"comment_status":"open","ping_status":"open","sticky":false,"template":"","format":"standard","meta":{"site-sidebar-layout":"default","site-content-layout":"","ast-site-content-layout":"default","site-content-style":"default","site-sidebar-style":"default","ast-global-header-display":"","ast-banner-title-visibility":"","ast-main-header-display":"","ast-hfb-above-header-display":"","ast-hfb-below-header-display":"","ast-hfb-mobile-header-display":"","site-post-title":"","ast-breadcrumbs-content":"","ast-featured-img":"","footer-sml-layout":"","theme-transparent-header-meta":"","adv-header-id-meta":"","stick-header-meta":"","header-above-stick-meta":"","header-main-stick-meta":"","header-below-stick-meta":"","astra-migrate-meta-layouts":"default","ast-page-background-enabled":"default","ast-page-background-meta":{"desktop":{"background-color":"var(--ast-global-color-4)","background-image":"","background-repeat":"repeat","background-position":"center center","background-size":"auto","background-attachment":"scroll","background-type":"","background-media":"","overlay-type":"","overlay-color":"","overlay-opacity":"","overlay-gradient":""},"tablet":{"background-color":"","background-image":"","background-repeat":"repeat","background-position":"center center","background-size":"auto","background-attachment":"scroll","background-type":"","background-media":"","overlay-type":"","overlay-color":"","overlay-opacity":"","overlay-gradient":""},"mobile":{"background-color":"","background-image":"","background-repeat":"repeat","background-position":"center center","background-size":"auto","background-attachment":"scroll","background-type":"","background-media":"","overlay-type":"","overlay-color":"","overlay-opacity":"","overlay-gradient":""}},"ast-content-background-meta":{"desktop":{"background-color":"var(--ast-global-color-5)","background-image":"","background-repeat":"repeat","background-position":"center center","background-size":"auto","background-attachment":"scroll","background-type":"","background-media":"","overlay-type":"","overlay-color":"","overlay-opacity":"","overlay-gradient":""},"tablet":{"background-color":"var(--ast-global-color-5)","background-image":"","background-repeat":"repeat","background-position":"center center","background-size":"auto","background-attachment":"scroll","background-type":"","background-media":"","overlay-type":"","overlay-color":"","overlay-opacity":"","overlay-gradient":""},"mobile":{"background-color":"var(--ast-global-color-5)","background-image":"","background-repeat":"repeat","background-position":"center center","background-size":"auto","background-attachment":"scroll","background-type":"","background-media":"","overlay-type":"","overlay-color":"","overlay-opacity":"","overlay-gradient":""}},"footnotes":""},"categories":[8],"tags":[26055,26057,26056],"class_list":["post-76610","post","type-post","status-publish","format-standard","has-post-thumbnail","hentry","category-noticias","tag-maltratadores-de-animales","tag-narcisistas","tag-sadicos"],"_links":{"self":[{"href":"https:\/\/losperiodistas.com.mx\/portal\/wp-json\/wp\/v2\/posts\/76610","targetHints":{"allow":["GET"]}}],"collection":[{"href":"https:\/\/losperiodistas.com.mx\/portal\/wp-json\/wp\/v2\/posts"}],"about":[{"href":"https:\/\/losperiodistas.com.mx\/portal\/wp-json\/wp\/v2\/types\/post"}],"author":[{"embeddable":true,"href":"https:\/\/losperiodistas.com.mx\/portal\/wp-json\/wp\/v2\/users\/1"}],"replies":[{"embeddable":true,"href":"https:\/\/losperiodistas.com.mx\/portal\/wp-json\/wp\/v2\/comments?post=76610"}],"version-history":[{"count":1,"href":"https:\/\/losperiodistas.com.mx\/portal\/wp-json\/wp\/v2\/posts\/76610\/revisions"}],"predecessor-version":[{"id":76615,"href":"https:\/\/losperiodistas.com.mx\/portal\/wp-json\/wp\/v2\/posts\/76610\/revisions\/76615"}],"wp:featuredmedia":[{"embeddable":true,"href":"https:\/\/losperiodistas.com.mx\/portal\/wp-json\/wp\/v2\/media\/76611"}],"wp:attachment":[{"href":"https:\/\/losperiodistas.com.mx\/portal\/wp-json\/wp\/v2\/media?parent=76610"}],"wp:term":[{"taxonomy":"category","embeddable":true,"href":"https:\/\/losperiodistas.com.mx\/portal\/wp-json\/wp\/v2\/categories?post=76610"},{"taxonomy":"post_tag","embeddable":true,"href":"https:\/\/losperiodistas.com.mx\/portal\/wp-json\/wp\/v2\/tags?post=76610"}],"curies":[{"name":"wp","href":"https:\/\/api.w.org\/{rel}","templated":true}]}}