{"id":76604,"date":"2024-06-10T09:27:24","date_gmt":"2024-06-10T14:27:24","guid":{"rendered":"https:\/\/losperiodistas.com.mx\/portal\/?p=76604"},"modified":"2024-06-10T09:27:26","modified_gmt":"2024-06-10T14:27:26","slug":"por-que-la-wwdc-24-de-apple-es-la-mas-esperada-asi-va-a-cambiar-como-usas-el-iphone-o-el-mac-a-diario-omicrono","status":"publish","type":"post","link":"https:\/\/losperiodistas.com.mx\/portal\/por-que-la-wwdc-24-de-apple-es-la-mas-esperada-asi-va-a-cambiar-como-usas-el-iphone-o-el-mac-a-diario-omicrono\/","title":{"rendered":"Por qu\u00e9 la WWDC 24 de Apple es la m\u00e1s esperada: as\u00ed va a cambiar c\u00f3mo usas el iPhone o el Mac a diario | Omicrono"},"content":{"rendered":"\n<h2 class=\"wp-block-heading\">La conferencia de desarrolladores marcar\u00e1 el ecosistema gracias a la llegada de Apple Intelligence, su adopci\u00f3n de la IA en dispositivos.<\/h2>\n\n\n\n<figure class=\"wp-block-image size-large\"><img fetchpriority=\"high\" decoding=\"async\" width=\"1024\" height=\"576\" src=\"https:\/\/losperiodistas.com.mx\/portal\/wp-content\/uploads\/2024\/06\/861923851_243883627_1706x960-1024x576.jpg\" alt=\"\" class=\"wp-image-76605\" srcset=\"https:\/\/losperiodistas.com.mx\/portal\/wp-content\/uploads\/2024\/06\/861923851_243883627_1706x960-1024x576.jpg 1024w, https:\/\/losperiodistas.com.mx\/portal\/wp-content\/uploads\/2024\/06\/861923851_243883627_1706x960-300x169.jpg 300w, https:\/\/losperiodistas.com.mx\/portal\/wp-content\/uploads\/2024\/06\/861923851_243883627_1706x960-768x432.jpg 768w, https:\/\/losperiodistas.com.mx\/portal\/wp-content\/uploads\/2024\/06\/861923851_243883627_1706x960-1536x864.jpg 1536w, https:\/\/losperiodistas.com.mx\/portal\/wp-content\/uploads\/2024\/06\/861923851_243883627_1706x960.jpg 1706w\" sizes=\"(max-width: 1024px) 100vw, 1024px\" \/><figcaption>Montaje de Tim Cook, CEO de Apple, y el logo de la WWDC.\u00a0Apple\u00a0Omicrono<\/figcaption><\/figure>\n\n\n\n<p class=\"has-vivid-red-color has-text-color has-medium-font-size\"><strong>Chema Flores \/ Omicrono \/ El Espa\u00f1ol<\/strong><\/p>\n\n\n\n<p><\/p>\n\n\n\n<p id=\"paragraph_1\">Apple celebra este lunes&nbsp;<a href=\"https:\/\/www.elespanol.com\/omicrono\/software\/20240326\/wwdc-apple-fecha-junio-encuentro-anual-desarrolladores\/842916111_0.html\">una hist\u00f3rica WWDC 24<\/a>&nbsp;que marcar\u00e1 un antes y un despu\u00e9s en el futuro de la compa\u00f1\u00eda. A las 19:00 horas de Espa\u00f1a peninsular&nbsp;<a href=\"https:\/\/www.elespanol.com\/omicrono\/software\/20240528\/apple-anuncia-conferencia-inaugural-wwdc-desvelara-revolucion-inteligencia-artificial\/858664615_0.html\">comenzar\u00e1 su conferencia anual de desarrolladores<\/a>, la que se antoja m\u00e1s ambiciosa que nunca porque ser\u00e1 la primera en la que la empresa de Cupertino abrace abiertamente el uso de la Inteligencia Artificial,&nbsp;<strong>tanto que&nbsp;<a href=\"https:\/\/www.elespanol.com\/omicrono\/software\/20240607\/apple-intelligence-gran-novedad-tim-cook-prepara-wwdc-dedicada-totalmente-ia\/861164250_0.html\">aspira a renombrar su desarrollo como Apple Intelligence<\/a>&nbsp;(inteligencia de Apple).<\/strong><\/p>\n\n\n\n<p id=\"paragraph_2\">El previsible anuncio de la IA de Apple cumple el gui\u00f3n de la forma habitual de trabajar de la compa\u00f1\u00eda. No abre una nueva categor\u00eda de producto, sino que trabaja en su desarrollo para pasados unos a\u00f1os llegar con fuerza, con una propuesta consistente, que aporte valor y que cumpla con ese est\u00e1ndar que le exigen sus usuarios. Lo ha hecho con&nbsp;<a href=\"https:\/\/www.elespanol.com\/omicrono\/analisis-prueba-productos\/20230921\/probado-nuevos-iphone-pro-mejor-puedes-comprar-viernes\/795920716_0.html\">el iPhone<\/a>, con&nbsp;<a href=\"https:\/\/www.elespanol.com\/omicrono\/analisis-prueba-productos\/20220908\/primer-apple-watch-ultra-airpods-pro-apuntalando\/701679826_0.html\">el Apple Watch<\/a>&nbsp;o con&nbsp;<a href=\"https:\/\/www.elespanol.com\/omicrono\/tecnologia\/20240202\/dia-historico-apple-gafas-vision-pro-ponen-venta\/829667353_0.html\">las recientes Vision Pro<\/a>. No son los primeros, pero s\u00ed suelen ser la propuesta m\u00e1s completa. Ahora,<strong>&nbsp;tratar\u00e1 de reforzar con IA su ecosistema,&nbsp;<\/strong>las funcionalidades diarias de una forma m\u00e1s concreta \u00fatil y \u00e1gil para sus usuarios, casi dos a\u00f1os despu\u00e9s de&nbsp;<a href=\"https:\/\/www.elespanol.com\/elandroidelibre\/noticias-y-novedades\/20240513\/adios-google-assistant-alexa-chatgpt-actualiza-gratis-asistente-habla-persona\/854914940_0.html\">la explosi\u00f3n de ChatGPT<\/a>&nbsp;y&nbsp;<a href=\"https:\/\/www.elespanol.com\/omicrono\/software\/20240528\/corregir-erratas-descubrir-farmacos-evoluciona-ia-google-solo-resistira-empatia\/857664625_0.html\">la respuesta de Gemini<\/a>&nbsp;por parte de Google.<\/p>\n\n\n\n<p id=\"paragraph_3\">Precisamente<strong>&nbsp;<a href=\"https:\/\/www.elespanol.com\/omicrono\/software\/20240527\/hoja-ruta-apple-ia-wwdc-acuerdo-padres-chatgpt-funciones-exclusivas\/858414193_0.html\">la plataforma de OpenAI<\/a>&nbsp;<\/strong>puede ser una de las grandes protagonistas del escenario en Apple Park en la tarde de este lunes donde se espera una evoluci\u00f3n total del ecosistema, una revoluci\u00f3n de Siri y un sonoro avance en la productividad y usabilidad del software de Apple.<img decoding=\"async\" alt=\"iPad Pro\" height=\"180\" src=\"https:\/\/s1.elespanol.com\/2024\/06\/10\/omicrono\/hardware\/861923850_243883599_1024x576.jpg\" srcset=\"https:\/\/s1.elespanol.com\/2024\/06\/10\/omicrono\/hardware\/861923850_243883602_320x180.jpg 320w, https:\/\/s1.elespanol.com\/2024\/06\/10\/omicrono\/hardware\/861923850_243883601_640x360.jpg 640w, https:\/\/s1.elespanol.com\/2024\/06\/10\/omicrono\/hardware\/861923850_243883600_864x486.jpg 864w, https:\/\/s1.elespanol.com\/2024\/06\/10\/omicrono\/hardware\/861923850_243883599_1024x576.jpg 1024w, https:\/\/s1.elespanol.com\/2024\/06\/10\/omicrono\/hardware\/861923850_243883598_1706x960.jpg 1706w\" width=\"320\"><\/p>\n\n\n\n<p>iPad Pro&nbsp;Chema Flores&nbsp;Omicrono<\/p>\n\n\n\n<p id=\"paragraph_4\">Uno de los detalles m\u00e1s interesantes ser\u00e1 conocer el enfoque en la privacidad y seguridad que la empresa&nbsp;<a href=\"https:\/\/www.elespanol.com\/omicrono\/tecnologia\/20240529\/lograra-apple-mantener-privados-datos-ia-usuarios-caja-negra-virtual-blindada-hackers\/858914477_0.html\">otorgue a la IA,<\/a>&nbsp;siendo \u00e9ste uno&nbsp;<a href=\"https:\/\/www.elespanol.com\/omicrono\/tecnologia\/20210406\/biblia-privacidad-seguridad-apple-documento-revela-blinda\/571443849_0.html\">de sus pilares irrenunciables.<\/a>&nbsp;Es por eso por lo que se antoja que muchas de las capacidades de gesti\u00f3n de la IA en el dispositivo pueda quedar restringida a&nbsp;<a href=\"https:\/\/www.elespanol.com\/omicrono\/software\/20240531\/ambicioso-plan-apple-ia-imprescindible-tener-iphone-pro-acceder-todas-funciones\/859414369_0.html\">los modelos m\u00e1s modernos<\/a>&nbsp;con chips m\u00e1s potentes y capaces.&nbsp;<\/p>\n\n\n\n<p id=\"paragraph_5\">A diferencia de otras ocasiones&nbsp;(el a\u00f1o pasado se lanzaron&nbsp;<a href=\"https:\/\/www.elespanol.com\/omicrono\/hardware\/20230605\/llegan-apple-vision-pro-inauguran-computacion-espacial\/769173478_0.html\">las Vision Pro en la WWDC)<\/a>&nbsp;esta vez no se espera nuevo hardware despu\u00e9s de haber presentado hace un mes&nbsp;<a href=\"https:\/\/www.elespanol.com\/omicrono\/analisis-prueba-productos\/20240507\/primer-contacto-ipad-pro-air-apple-tablet-potente-grosor-minimo-pantalla-bestial\/853414970_0.html\">los nuevos iPad Pro y iPad Air<\/a>&nbsp;en Londres, aunque s\u00ed se podr\u00eda conocer&nbsp;<strong>la disponibilidad de Vision Pro en m\u00e1s mercados<\/strong>. Asimismo, durante la keynote inaugural tambi\u00e9n espera la renovaci\u00f3n de todos los sistemas operativos de Apple (iOS, iPadOS, MacOS, WatchOS, tvOS, visionOS) con nuevas mejoras en personalizaci\u00f3n, funciones y rendimiento al margen de la IA.<\/p>\n\n\n\n<h3 class=\"wp-block-heading\">M\u00e1s all\u00e1 de Siri<\/h3>\n\n\n\n<p id=\"paragraph_6\">Si se unen los conceptos de IA y Apple, lo primero que viene a la mente&nbsp;<strong>es Siri.<\/strong>&nbsp;El asistente inteligente lanzado en 2011 y totalmente transversal a todos los sistemas operativos de Apple, se ha quedado atr\u00e1s con respecto a los \u00faltimos avances que se ha podido ver de OpenAI.&nbsp;<a href=\"https:\/\/www.elespanol.com\/elandroidelibre\/noticias-y-novedades\/20240514\/openai-acerca-her-puedes-hacer-nuevo-chatgpt-interactua-humano\/855164557_0.html\">Los &#8216;padres&#8217; de ChatGPT lanzaron el mes pasado<\/a>&nbsp;la \u00faltima versi\u00f3n de su asistente conversacional en la que la IA se asemejaba a la vista en&nbsp;<a href=\"https:\/\/www.elespanol.com\/omicrono\/tecnologia\/20240525\/terminator-her-inspirando-industria-tecnologica-ciencia-ficcion-lanzar-productos\/857414720_0.html\">la pel\u00edcula &#8216;Her&#8217;.<\/a><\/p>\n\n\n\n<p id=\"paragraph_7\">Partiendo de esta idea,&nbsp;Apple planea renovarlo bas\u00e1ndose en grandes modelos de lenguaje que permitan aportar un control preciso m\u00e1s preciso sobre funciones y acciones concretas dentro de las aplicaciones, una forma de bucear en cada una de ellas para hacer lo que realmente el usuario desea. Una tarea de concreci\u00f3n que<strong>&nbsp;se har\u00e1 en gran parte dentro del dispositivo<\/strong>&nbsp;y que har\u00e1 fundamental el trabajo el chip neuronal que se integra dentro de sus dispositivos.<img decoding=\"async\" alt=\"iPhone 15 Pro Max\" height=\"180\" src=\"https:\/\/s1.elespanol.com\/2023\/09\/20\/omicrono\/analisis-prueba-productos\/795931254_243883590_1024x576.jpg\" srcset=\"https:\/\/s1.elespanol.com\/2023\/09\/20\/omicrono\/analisis-prueba-productos\/795931254_243883593_320x180.jpg 320w, https:\/\/s1.elespanol.com\/2023\/09\/20\/omicrono\/analisis-prueba-productos\/795931254_243883592_640x360.jpg 640w, https:\/\/s1.elespanol.com\/2023\/09\/20\/omicrono\/analisis-prueba-productos\/795931254_243883591_864x486.jpg 864w, https:\/\/s1.elespanol.com\/2023\/09\/20\/omicrono\/analisis-prueba-productos\/795931254_243883590_1024x576.jpg 1024w, https:\/\/s1.elespanol.com\/2023\/09\/20\/omicrono\/analisis-prueba-productos\/795931254_243883589_1706x960.jpg 1706w\" width=\"320\"><\/p>\n\n\n\n<p>iPhone 15 Pro Max&nbsp;Jose Verdugo&nbsp;Omicrono<\/p>\n\n\n\n<p id=\"paragraph_8\">Seg\u00fan explica Mark Gurman&nbsp;<a href=\"https:\/\/www.bloomberg.com\/news\/articles\/2024-06-07\/apple-wwdc-2024-what-to-expect-ai-ipados-18-macos-15-siri-updates-more\" rel=\"noreferrer noopener\" target=\"_blank\">en&nbsp;<em>Bloomberg,<\/em><\/a>&nbsp;la disponibilidad de estas minuciosas tareas de Siri estar\u00e1 en&nbsp;<strong>un primer momento disponibles en el ecosistema de aplicaciones propio de Apple<\/strong>, pudi\u00e9ndose hasta varios comandos en una \u00fanica petici\u00f3n al asistente digital. En un futuro, se espera que esta capacidad se ampl\u00ede a aplicaciones de tercero, siempre y cuando se garanticen unos m\u00ednimos de seguridad, privacidad y calidad que exige la compa\u00f1\u00eda dentro de su acuerdo con desarrolladores.&nbsp;<\/p>\n\n\n\n<p id=\"paragraph_9\">La exigencia&nbsp;de gesti\u00f3n de datos probablemente har\u00e1 que alguna informaci\u00f3n tenga que procesarse en la nube, con lo que ser\u00e1 fundamental conocer las&nbsp;<strong>precauciones de blindaje de datos<\/strong>. Aqu\u00ed podr\u00edamos ver nuevas funcionalidades de encriptado, as\u00ed como nuevos servicios de seguridad como&nbsp;<a href=\"https:\/\/www.elespanol.com\/omicrono\/software\/20240607\/adios-lastpass-apple-presentaria-aplicacion-gestionar-contrasenas-wwdc\/861163942_0.html\">un gestor de contrase\u00f1as.<\/a>&nbsp;<\/p>\n\n\n\n<p id=\"paragraph_10\">Un detalle interesante que apunta Gurman es que, a diferencia de las medidas adoptadas&nbsp;<a href=\"https:\/\/www.elespanol.com\/elandroidelibre\/noticias-y-novedades\/20240607\/microsoft-da-marcha-pesadilla-privacidad-windows-no-activara-defecto\/861164330_0.html\">por Microsoft<\/a>&nbsp;o Google en sus sistemas operativos,&nbsp;<strong>la IA de Apple no ser\u00e1 obligatoria si el usuario no desea activarla<\/strong>, con lo que dar\u00e1 el poder de decisi\u00f3n al usuario.&nbsp;<\/p>\n\n\n\n<h3 class=\"wp-block-heading\">Una IA m\u00e1s \u00fatil<\/h3>\n\n\n\n<p id=\"paragraph_11\">La posibilidad de que el usuario le pueda solicitar cosas cada vez m\u00e1s concretas a Siri detalla el enfoque global de la compa\u00f1\u00eda a la hora de afrontar c\u00f3mo deber\u00eda relacionarse \u00e9ste con la IA:&nbsp;<strong>que le sea \u00fatil en su d\u00eda a d\u00eda.<\/strong>&nbsp;Apple no ambiciona en desarrollar herramientas de creaci\u00f3n y generaci\u00f3n de im\u00e1genes, v\u00eddeos o sonido de forma artificial, sino que busca que la IA pueda acompa\u00f1ar y solucionar problemas diarios al usuario.&nbsp;<img loading=\"lazy\" decoding=\"async\" alt=\"iPad Air\" height=\"180\" src=\"https:\/\/s1.elespanol.com\/2024\/05\/13\/omicrono\/analisis-prueba-productos\/854925504_242270026_1024x576.jpg\" srcset=\"https:\/\/s1.elespanol.com\/2024\/05\/13\/omicrono\/analisis-prueba-productos\/854925504_242270029_320x180.jpg 320w, https:\/\/s1.elespanol.com\/2024\/05\/13\/omicrono\/analisis-prueba-productos\/854925504_242270028_640x360.jpg 640w, https:\/\/s1.elespanol.com\/2024\/05\/13\/omicrono\/analisis-prueba-productos\/854925504_242270027_864x486.jpg 864w, https:\/\/s1.elespanol.com\/2024\/05\/13\/omicrono\/analisis-prueba-productos\/854925504_242270026_1024x576.jpg 1024w, https:\/\/s1.elespanol.com\/2024\/05\/13\/omicrono\/analisis-prueba-productos\/854925504_242270025_1706x960.jpg 1706w\" width=\"320\"><\/p>\n\n\n\n<p>iPad Air&nbsp;Chema Flores&nbsp;Omicrono<\/p>\n\n\n\n<p id=\"paragraph_12\">De esta forma,&nbsp;<strong>buscar\u00e1 que la IA sea transversal a todas sus aplicaciones y sistemas operativos<\/strong>&nbsp;\u2014tal y como viene haciendo los \u00faltimos a\u00f1os\u2014; una forma de que esa &#8216;magia&#8217; del ecosistema de Apple, el entenderse entre dispositivos o el reconocer qu\u00e9 es lo importante y dar informaci\u00f3n en fotograf\u00edas o correos, sea ahora mejor que nunca.&nbsp; Funciones como edici\u00f3n de im\u00e1genes, gesti\u00f3n de emails, res\u00famenes de documentos o respuestas autom\u00e1ticas personalizadas, ser\u00e1n las que marquen la pr\u00f3xima etapa de la IA de Apple.<\/p>\n\n\n\n<p id=\"paragraph_13\">Entre las&nbsp;<strong>funcionalidades que la IA<\/strong>&nbsp;podr\u00e1 gestionar ser\u00e1 el resumen de art\u00edculos en Safari, notas en reuniones, videollamadas, mensajes o mejoras en las notificaciones. La aplicaci\u00f3n de correo podr\u00e1 categorizar los mensajes de una forma similar a lo que lo hace Gmail y se podr\u00e1 generar una respuesta m\u00e1s personalizada y a la vez autom\u00e1tica.&nbsp;<img loading=\"lazy\" decoding=\"async\" alt=\"iPad Air\" height=\"180\" src=\"https:\/\/s1.elespanol.com\/2024\/05\/13\/omicrono\/analisis-prueba-productos\/854925506_242270084_1024x576.jpg\" srcset=\"https:\/\/s1.elespanol.com\/2024\/05\/13\/omicrono\/analisis-prueba-productos\/854925506_242270087_320x180.jpg 320w, https:\/\/s1.elespanol.com\/2024\/05\/13\/omicrono\/analisis-prueba-productos\/854925506_242270086_640x360.jpg 640w, https:\/\/s1.elespanol.com\/2024\/05\/13\/omicrono\/analisis-prueba-productos\/854925506_242270085_864x486.jpg 864w, https:\/\/s1.elespanol.com\/2024\/05\/13\/omicrono\/analisis-prueba-productos\/854925506_242270084_1024x576.jpg 1024w, https:\/\/s1.elespanol.com\/2024\/05\/13\/omicrono\/analisis-prueba-productos\/854925506_242270083_1706x960.jpg 1706w\" width=\"320\"><\/p>\n\n\n\n<p>iPad Air&nbsp;Chema Flores&nbsp;Omicrono<\/p>\n\n\n\n<p id=\"paragraph_14\">Para esa personalizaci\u00f3n de la respuesta, una de las novedades prevista es la personalizaci\u00f3n de los emojis que usar\u00e1n el contexto de la conversaci\u00f3n para adaptarse a ellos. Al mismo tiempo, los mensajes de voz podr\u00e1n ser transcritos de cara a las notificaciones, as\u00ed como tambi\u00e9n llegar\u00edan a&nbsp;<strong>las notas de voz<\/strong>&nbsp;de la grabadora de una forma parecida a la que lo hacen los dispositivos Pixel de Google.<\/p>\n\n\n\n<p id=\"paragraph_15\">Con el espejo de Google en mente, Apple tambi\u00e9n mejorar\u00eda&nbsp;<strong>la aplicaci\u00f3n Fotos<\/strong>&nbsp;con nuevas herramientas de edici\u00f3n. Probablemente no s\u00f3lo ser\u00e1 capaz de adaptarse mejore a la edici\u00f3n autom\u00e1tica seg\u00fan el instante en el que se tome las fotos o se capte m\u00e1s informaci\u00f3n de la imagen, sino que adem\u00e1s se podr\u00e1 eliminar elementos que molesten, tal y&nbsp;<a href=\"https:\/\/www.elespanol.com\/elandroidelibre\/noticias-y-novedades\/20240607\/editor-magico-google-fotos-ahora-gratis-espana-llegando-primero-moviles-pixel-samsung\/861164359_0.html\">como hace el Editor M\u00e1gico de Google Fotos.<\/a><\/p>\n\n\n\n<h3 class=\"wp-block-heading\">M\u00e1s personal&nbsp;<\/h3>\n\n\n\n<p id=\"paragraph_16\">Al margen de la IA, uno de los detalles que m\u00e1s se espera de la pr\u00f3xima actualizaciones de los sistemas operativos de Apple es el nuevo aspecto que tendr\u00e1n, especialmente iOS, permitiendo una&nbsp;<strong>mayor personalizaci\u00f3n del iPhone.<\/strong>&nbsp;Entre las novedades estar\u00e1n que los usuarios puedan desfijar las aplicaciones fuera de cuadr\u00edculas (al estilo MacOS) as\u00ed como puedan cambiar el color de la car\u00e1tula de las apps.&nbsp;<\/p>\n\n\n\n<p id=\"paragraph_17\">En el iPhone tambi\u00e9n se modificar\u00eda<strong>&nbsp;el Centro de Control<\/strong>&nbsp;para poder tener los botones de acceso directo a funcionalidades del tel\u00e9fono m\u00e1s a mano, as\u00ed como recolocarlos en nuevas p\u00e1ginas. Del mismo modo, Gurman apunta a una actualizaci\u00f3n de los widgets y accesos al hogar y servicios de Apple, con la idea que el tel\u00e9fono sea el centro de control tanto de la dom\u00f3tica como del contenido. Cambios que pueden anticipar rumoreados lanzamientos en el futuro.&nbsp;<img loading=\"lazy\" decoding=\"async\" alt=\"iPhone 15 Pro\" height=\"180\" src=\"https:\/\/s1.elespanol.com\/2023\/09\/20\/omicrono\/analisis-prueba-productos\/795931244_236201152_1024x576.jpg\" srcset=\"https:\/\/s1.elespanol.com\/2023\/09\/20\/omicrono\/analisis-prueba-productos\/795931244_236201155_320x180.jpg 320w, https:\/\/s1.elespanol.com\/2023\/09\/20\/omicrono\/analisis-prueba-productos\/795931244_236201154_640x360.jpg 640w, https:\/\/s1.elespanol.com\/2023\/09\/20\/omicrono\/analisis-prueba-productos\/795931244_236201153_864x486.jpg 864w, https:\/\/s1.elespanol.com\/2023\/09\/20\/omicrono\/analisis-prueba-productos\/795931244_236201152_1024x576.jpg 1024w, https:\/\/s1.elespanol.com\/2023\/09\/20\/omicrono\/analisis-prueba-productos\/795931244_236201151_1706x960.jpg 1706w\" width=\"320\"><\/p>\n\n\n\n<p>iPhone 15 Pro&nbsp;Jose Verdugo&nbsp;Omicrono<\/p>\n\n\n\n<p id=\"paragraph_18\">Este tipo de personalizaciones y mejoras del comportamiento general del dispositivo para que el acceso a la informaci\u00f3n y la relaci\u00f3n con \u00e9l&nbsp;<strong>sea \u00fanico para cada usuario,&nbsp;<\/strong>tambi\u00e9n se trasladar\u00e1 al resto de dispositivos aunque con diferentes medidas. Bien sea a trav\u00e9s de fondos de pantalla, reconfiguraciones de los men\u00fas o con un enfoque&nbsp;que mejore la navegaci\u00f3n por el sistema as\u00ed como sirva para&nbsp;organizarse mejor y ser m\u00e1s productivo.<\/p>\n\n\n\n<h3 class=\"wp-block-heading\">Avances en la salud<\/h3>\n\n\n\n<p id=\"paragraph_19\">Una de las aplicaciones de Apple que podr\u00eda verse renovada&nbsp;<strong>es Salud.<\/strong>&nbsp;La app que articula la actividad f\u00edsica de los usuarios se ver\u00e1 remozada para incluir \u2014entre otros datos\u2014 una mejor gesti\u00f3n&nbsp;de datos de presi\u00f3n arterial, lo que hace sospechar que los pr\u00f3ximos relojes de la empresa tendr\u00e1n sistemas para monitorizar la hipertensi\u00f3n.<\/p>\n\n\n\n<p id=\"paragraph_20\">Del mismo modo, habr\u00e1 una nueva funcionalidad de&nbsp;<strong>prueba de audici\u00f3n en los AirPods,<\/strong>&nbsp;con la que podr\u00eda llegar&nbsp;<a href=\"https:\/\/www.elespanol.com\/omicrono\/software\/20240311\/airpods-pro-convertiran-audifonos-revolucion-prepara-apple-ios\/839166482_0.html\">la rumoreada nueva funci\u00f3n de aud\u00edfono<\/a>, m\u00e1s a\u00fan si se tiene en cuenta que la semana pasada&nbsp;Apple publicase un informe en la que&nbsp;<a href=\"https:\/\/www.elespanol.com\/omicrono\/tecnologia\/20240528\/apple-descubre-secretos-famoso-pitido-oidos-masivo-estudio-participantes\/858664550_0.html\">descubr\u00eda los secretos del famoso pitido de o\u00eddos.<\/a>&nbsp;Todos los avances van en la misma direcci\u00f3n.&nbsp;<\/p>\n\n\n\n<p id=\"paragraph_21\">Del mismo modo, se estima que la aplicaci\u00f3n de&nbsp;<strong>Salud recibir\u00eda un redise\u00f1o<\/strong>&nbsp;importante para que el usuario sea capaz de ver sus datos de una forma m\u00e1s visual y conozca de un vistazo informaci\u00f3n fundamental de su estado f\u00edsico. Tanto es as\u00ed que se mejorar\u00eda&nbsp;el seguimiento del ciclo e incluso para conocer si una persona est\u00e1 embarazada o responder a algunas consultas.<img loading=\"lazy\" decoding=\"async\" alt=\"Datos del iPhone 14 Pro\" height=\"180\" src=\"https:\/\/s1.elespanol.com\/2022\/09\/07\/omicrono\/hardware\/701440660_226960171_1024x576.jpg\" srcset=\"https:\/\/s1.elespanol.com\/2022\/09\/07\/omicrono\/hardware\/701440660_226960174_320x180.jpg 320w, https:\/\/s1.elespanol.com\/2022\/09\/07\/omicrono\/hardware\/701440660_226960173_640x360.jpg 640w, https:\/\/s1.elespanol.com\/2022\/09\/07\/omicrono\/hardware\/701440660_226960172_864x486.jpg 864w, https:\/\/s1.elespanol.com\/2022\/09\/07\/omicrono\/hardware\/701440660_226960171_1024x576.jpg 1024w, https:\/\/s1.elespanol.com\/2022\/09\/07\/omicrono\/hardware\/701440660_226960170_1706x960.jpg 1706w\" width=\"320\"><\/p>\n\n\n\n<p>Datos del iPhone 14 Pro\u00a0Apple\u00a0Omicrono<\/p>\n\n\n\n<p id=\"paragraph_22\">Precisamente, en este mejor seguimiento de la salud f\u00edsica, se prev\u00e9 que Apple pueda reforzar<strong>&nbsp;su servicio Fitness<\/strong>&nbsp;para ofrecer m\u00e1s ejercicios y una mejor personalizaci\u00f3n de los entrenamientos con las necesidades f\u00edsicas de los usuarios.&nbsp;<\/p>\n\n\n\n<p id=\"paragraph_23\">En cualquier caso, habr\u00e1 que esperar a l<strong>as<\/strong>\u00a019:00 horas de este lunes, cuando Tim Cook salga al escenario de Apple Park y de a conocer la gran bater\u00eda de novedades que Apple tiene en la manga. Una presentaci\u00f3n que marcar\u00e1 un antes y un despu\u00e9s en el mayor potencial de la compa\u00f1\u00eda: su ecosistema.\u00a0<\/p>\n\n\n\n<p>Fuente: <a href=\"https:\/\/www.elespanol.com\/omicrono\/software\/20240610\/wwdc-apple-esperada-va-cambiar-usas-iphone-mac-diario\/861663829_0.html\">https:\/\/www.elespanol.com\/omicrono\/software\/20240610\/wwdc-apple-esperada-va-cambiar-usas-iphone-mac-diario\/861663829_0.html<\/a><\/p>\n","protected":false},"excerpt":{"rendered":"<p>La conferencia de desarrolladores marcar\u00e1 el ecosistema gracias a la llegada de Apple Intelligence, su adopci\u00f3n de la IA en [&hellip;]<\/p>\n","protected":false},"author":1,"featured_media":76605,"comment_status":"open","ping_status":"open","sticky":false,"template":"","format":"standard","meta":{"site-sidebar-layout":"default","site-content-layout":"","ast-site-content-layout":"default","site-content-style":"default","site-sidebar-style":"default","ast-global-header-display":"","ast-banner-title-visibility":"","ast-main-header-display":"","ast-hfb-above-header-display":"","ast-hfb-below-header-display":"","ast-hfb-mobile-header-display":"","site-post-title":"","ast-breadcrumbs-content":"","ast-featured-img":"","footer-sml-layout":"","theme-transparent-header-meta":"","adv-header-id-meta":"","stick-header-meta":"","header-above-stick-meta":"","header-main-stick-meta":"","header-below-stick-meta":"","astra-migrate-meta-layouts":"default","ast-page-background-enabled":"default","ast-page-background-meta":{"desktop":{"background-color":"var(--ast-global-color-4)","background-image":"","background-repeat":"repeat","background-position":"center center","background-size":"auto","background-attachment":"scroll","background-type":"","background-media":"","overlay-type":"","overlay-color":"","overlay-opacity":"","overlay-gradient":""},"tablet":{"background-color":"","background-image":"","background-repeat":"repeat","background-position":"center center","background-size":"auto","background-attachment":"scroll","background-type":"","background-media":"","overlay-type":"","overlay-color":"","overlay-opacity":"","overlay-gradient":""},"mobile":{"background-color":"","background-image":"","background-repeat":"repeat","background-position":"center center","background-size":"auto","background-attachment":"scroll","background-type":"","background-media":"","overlay-type":"","overlay-color":"","overlay-opacity":"","overlay-gradient":""}},"ast-content-background-meta":{"desktop":{"background-color":"var(--ast-global-color-5)","background-image":"","background-repeat":"repeat","background-position":"center center","background-size":"auto","background-attachment":"scroll","background-type":"","background-media":"","overlay-type":"","overlay-color":"","overlay-opacity":"","overlay-gradient":""},"tablet":{"background-color":"var(--ast-global-color-5)","background-image":"","background-repeat":"repeat","background-position":"center center","background-size":"auto","background-attachment":"scroll","background-type":"","background-media":"","overlay-type":"","overlay-color":"","overlay-opacity":"","overlay-gradient":""},"mobile":{"background-color":"var(--ast-global-color-5)","background-image":"","background-repeat":"repeat","background-position":"center center","background-size":"auto","background-attachment":"scroll","background-type":"","background-media":"","overlay-type":"","overlay-color":"","overlay-opacity":"","overlay-gradient":""}},"footnotes":""},"categories":[8],"tags":[26053,26054],"class_list":["post-76604","post","type-post","status-publish","format-standard","has-post-thumbnail","hentry","category-noticias","tag-apple-intelligence","tag-siri"],"_links":{"self":[{"href":"https:\/\/losperiodistas.com.mx\/portal\/wp-json\/wp\/v2\/posts\/76604","targetHints":{"allow":["GET"]}}],"collection":[{"href":"https:\/\/losperiodistas.com.mx\/portal\/wp-json\/wp\/v2\/posts"}],"about":[{"href":"https:\/\/losperiodistas.com.mx\/portal\/wp-json\/wp\/v2\/types\/post"}],"author":[{"embeddable":true,"href":"https:\/\/losperiodistas.com.mx\/portal\/wp-json\/wp\/v2\/users\/1"}],"replies":[{"embeddable":true,"href":"https:\/\/losperiodistas.com.mx\/portal\/wp-json\/wp\/v2\/comments?post=76604"}],"version-history":[{"count":1,"href":"https:\/\/losperiodistas.com.mx\/portal\/wp-json\/wp\/v2\/posts\/76604\/revisions"}],"predecessor-version":[{"id":76606,"href":"https:\/\/losperiodistas.com.mx\/portal\/wp-json\/wp\/v2\/posts\/76604\/revisions\/76606"}],"wp:featuredmedia":[{"embeddable":true,"href":"https:\/\/losperiodistas.com.mx\/portal\/wp-json\/wp\/v2\/media\/76605"}],"wp:attachment":[{"href":"https:\/\/losperiodistas.com.mx\/portal\/wp-json\/wp\/v2\/media?parent=76604"}],"wp:term":[{"taxonomy":"category","embeddable":true,"href":"https:\/\/losperiodistas.com.mx\/portal\/wp-json\/wp\/v2\/categories?post=76604"},{"taxonomy":"post_tag","embeddable":true,"href":"https:\/\/losperiodistas.com.mx\/portal\/wp-json\/wp\/v2\/tags?post=76604"}],"curies":[{"name":"wp","href":"https:\/\/api.w.org\/{rel}","templated":true}]}}