{"id":76592,"date":"2024-06-10T08:21:22","date_gmt":"2024-06-10T13:21:22","guid":{"rendered":"https:\/\/losperiodistas.com.mx\/portal\/?p=76592"},"modified":"2024-06-10T08:21:25","modified_gmt":"2024-06-10T13:21:25","slug":"dia-mundial-del-modernismo-did","status":"publish","type":"post","link":"https:\/\/losperiodistas.com.mx\/portal\/dia-mundial-del-modernismo-did\/","title":{"rendered":"D\u00eda Mundial del Modernismo | DID"},"content":{"rendered":"\n<div class=\"wp-block-image\"><figure class=\"alignright size-full is-resized\"><img fetchpriority=\"high\" decoding=\"async\" src=\"https:\/\/losperiodistas.com.mx\/portal\/wp-content\/uploads\/2024\/06\/06-10_dia-mundial-modernismo.jpeg\" alt=\"\" class=\"wp-image-76593\" width=\"413\" height=\"275\" srcset=\"https:\/\/losperiodistas.com.mx\/portal\/wp-content\/uploads\/2024\/06\/06-10_dia-mundial-modernismo.jpeg 305w, https:\/\/losperiodistas.com.mx\/portal\/wp-content\/uploads\/2024\/06\/06-10_dia-mundial-modernismo-300x200.jpeg 300w\" sizes=\"(max-width: 413px) 100vw, 413px\" \/><\/figure><\/div>\n\n\n\n<p><\/p>\n\n\n\n<p><\/p>\n\n\n\n<p class=\"has-vivid-red-color has-text-color has-medium-font-size\"><strong>REDACCI\u00d3N D\u00cdA INTERNACIONAL DE<\/strong><\/p>\n\n\n\n<p><strong>El 10 de junio se celebra el D\u00eda Mundial del Modernismo<\/strong>, para divulgar el legado patrimonial modernista presente en las urbes del mundo, as\u00ed como rendir homenaje a los m\u00e1ximos exponentes de esta corriente de renovaci\u00f3n art\u00edstica, arquitect\u00f3nica y literaria desarrollada a finales del siglo XIX.<\/p>\n\n\n\n<h2 class=\"wp-block-heading\" id=\"resTit_1\">\u00bfC\u00f3mo se origin\u00f3 el D\u00eda Mundial del Modernismo?<\/h2>\n\n\n\n<p>Desde el a\u00f1o 2013 se celebra el&nbsp;<strong>D\u00eda Mundial del Modernismo<\/strong>, por iniciativa de Hungr\u00eda.<\/p>\n\n\n\n<p>La selecci\u00f3n de la fecha obedece a la conmemoraci\u00f3n del fallecimiento de dos m\u00e1ximos exponentes de esta corriente art\u00edstica, tal d\u00eda como hoy: el catal\u00e1n\u00a0<em><strong>Antonio Gaud\u00ed\u00a0<\/strong><\/em>(10 de junio de 1926) y el h\u00fangaro\u00a0<em><strong>Od\u00f6n Lechner<\/strong><\/em>\u00a0(10 de junio de 1914).<\/p>\n\n\n\n<h2 class=\"wp-block-heading\" id=\"resTit_2\">\u00bfQu\u00e9 es el Modernismo?<\/h2>\n\n\n\n<p><strong>El Modernismo<\/strong>&nbsp;fue un movimiento art\u00edstico, arquitect\u00f3nico y literario que surgi\u00f3 a finales del siglo XIX hasta principios del XX, orientado a la renovaci\u00f3n creativa en rechazo al historicismo e impresionismo de finales del siglo XIX.<\/p>\n\n\n\n<p>Es tambi\u00e9n conocido como&nbsp;<strong>Art Noveau (<\/strong>B\u00e9lgica, Espa\u00f1a, Francia)&nbsp;<strong>Modern Style<\/strong>&nbsp;(Pa\u00edses Bajos, pa\u00edses anglosajones),&nbsp;<strong>Liberty o Floreale<\/strong>&nbsp;(Italia),&nbsp;<strong>Sezession<\/strong>&nbsp;(Austria),&nbsp;<strong>Jugensdtil<\/strong>&nbsp;(Alemania y pa\u00edses n\u00f3rdicos).<\/p>\n\n\n\n<p>La tem\u00e1tica central de esta corriente art\u00edstica se bas\u00f3 en crear un nuevo arte libre y moderno inspirado en la naturaleza, incorporando algunas novedades de la Revoluci\u00f3n Industrial.<\/p>\n\n\n\n<p>Se aplic\u00f3 a diversas artes, tales como la arquitectura, pintura, escultura, artes gr\u00e1ficas, joyer\u00eda, mobiliario urbano, entre otros.<\/p>\n\n\n\n<p>Algunas de las&nbsp;<strong>caracter\u00edsticas del Modernismo<\/strong>&nbsp;son las siguientes:<\/p>\n\n\n\n<ul class=\"wp-block-list\"><li>Exalta al individuo y su fuerza interior, mediante nuevas formas de expresi\u00f3n y de est\u00e9tica en las obras art\u00edsticas.<\/li><li>Uso de l\u00edneas curvas y asimetr\u00edas.<\/li><li>Uso de elementos de origen natural, tales como vegetales y formas redondeadas de tipo org\u00e1nico.<\/li><li>Uso de im\u00e1genes femeninas con actitudes gr\u00e1ciles y delicadas.<\/li><li>Uso de motivos ex\u00f3ticos inspirados en diversas culturas, tales como las estampas japonesas.<\/li><\/ul>\n\n\n\n<h2 class=\"wp-block-heading\" id=\"resTit_3\">Destacadas figuras y obras del Modernismo<\/h2>\n\n\n\n<p>A continuaci\u00f3n mencionamos algunas obras art\u00edsticas de dos de los m\u00e1ximos exponentes del Modernismo: los arquitectos modernistas&nbsp;<strong>Antonio Gaud\u00ed<\/strong>&nbsp;(Espa\u00f1a) y&nbsp;<strong>Od\u00f6n Lechner&nbsp;<\/strong>(Hungr\u00eda). Algunas de sus obras han sido declaradas por la UNESCO como Patrimonio de la Humanidad:<\/p>\n\n\n\n<h3 class=\"wp-block-heading\" id=\"resTit_3_1\"><strong>Antonio Gaud\u00ed:<\/strong><\/h3>\n\n\n\n<ul class=\"wp-block-list\"><li>La Sagrada Familia.<\/li><li>Park G\u00fcell.<\/li><li>Palacio G\u00fcell.<\/li><li>Casa Mil\u00e0, Casa Vicens y Casa Batll\u00f3.<\/li><li>Cripta de la Colonia G\u00fcell en Santa Coloma de Cervell\u00f3.<\/li><\/ul>\n\n\n\n<h3 class=\"wp-block-heading\" id=\"resTit_3_2\"><strong>Od\u00f6n Lechner:<\/strong><\/h3>\n\n\n\n<ul class=\"wp-block-list\"><li>Ayuntamiento de Szeged.<\/li><li>Edificio de Pensionistas del Ferrocarril H\u00fangaro (Budapest).<\/li><li>Ayuntamiento de Nagybecskerek (Reino de Hungr\u00eda).<\/li><li>Iglesia de San Ladislao, K\u0151b\u00e1nya (Budapest).<\/li><li>Museo de Artes Aplicadas de Budapest<\/li><li>Instituto y Museo Geol\u00f3gico de Budapest.<\/li><li>Iglesia de Santa Isabel (Reino de Hungr\u00eda).<\/li><li>Iglesia de San Ladislao (Connecticut, EE.UU.).<\/li><li>Colegio San Laszlo (Budapest).<\/li><\/ul>\n\n\n\n<h2 class=\"wp-block-heading\" id=\"resTit_4\">\u00bfC\u00f3mo se celebra el D\u00eda Mundial del Modernismo?<\/h2>\n\n\n\n<p>En la celebraci\u00f3n de esta efem\u00e9ride se llevan a cabo diversas actividades, tales como ferias, conferencias, exposiciones, rutas, y publicaciones para resaltar las obras y el legado de esta corriente art\u00edstica.<\/p>\n\n\n\n<p>Comparte informaci\u00f3n \u00fatil e interesante sobre el\u00a0<strong>D\u00eda Mundial del Modernismo<\/strong>\u00a0en las redes sociales. Utiliza los hashtags\u00a0<em><strong>#D\u00edaMundialDelModernismo #D\u00edaDelModernismo #Modernismo #WorldArtNouveauDay<\/strong><\/em><\/p>\n\n\n\n<p>Fuente: <a href=\"https:\/\/www.diainternacionalde.com\/ficha\/dia-mundial-modernismo\">https:\/\/www.diainternacionalde.com\/ficha\/dia-mundial-modernismo<\/a><\/p>\n","protected":false},"excerpt":{"rendered":"<p>REDACCI\u00d3N D\u00cdA INTERNACIONAL DE El 10 de junio se celebra el D\u00eda Mundial del Modernismo, para divulgar el legado patrimonial [&hellip;]<\/p>\n","protected":false},"author":1,"featured_media":76593,"comment_status":"open","ping_status":"open","sticky":false,"template":"","format":"standard","meta":{"site-sidebar-layout":"default","site-content-layout":"","ast-site-content-layout":"default","site-content-style":"default","site-sidebar-style":"default","ast-global-header-display":"","ast-banner-title-visibility":"","ast-main-header-display":"","ast-hfb-above-header-display":"","ast-hfb-below-header-display":"","ast-hfb-mobile-header-display":"","site-post-title":"","ast-breadcrumbs-content":"","ast-featured-img":"","footer-sml-layout":"","theme-transparent-header-meta":"","adv-header-id-meta":"","stick-header-meta":"","header-above-stick-meta":"","header-main-stick-meta":"","header-below-stick-meta":"","astra-migrate-meta-layouts":"default","ast-page-background-enabled":"default","ast-page-background-meta":{"desktop":{"background-color":"var(--ast-global-color-4)","background-image":"","background-repeat":"repeat","background-position":"center center","background-size":"auto","background-attachment":"scroll","background-type":"","background-media":"","overlay-type":"","overlay-color":"","overlay-opacity":"","overlay-gradient":""},"tablet":{"background-color":"","background-image":"","background-repeat":"repeat","background-position":"center center","background-size":"auto","background-attachment":"scroll","background-type":"","background-media":"","overlay-type":"","overlay-color":"","overlay-opacity":"","overlay-gradient":""},"mobile":{"background-color":"","background-image":"","background-repeat":"repeat","background-position":"center center","background-size":"auto","background-attachment":"scroll","background-type":"","background-media":"","overlay-type":"","overlay-color":"","overlay-opacity":"","overlay-gradient":""}},"ast-content-background-meta":{"desktop":{"background-color":"var(--ast-global-color-5)","background-image":"","background-repeat":"repeat","background-position":"center center","background-size":"auto","background-attachment":"scroll","background-type":"","background-media":"","overlay-type":"","overlay-color":"","overlay-opacity":"","overlay-gradient":""},"tablet":{"background-color":"var(--ast-global-color-5)","background-image":"","background-repeat":"repeat","background-position":"center center","background-size":"auto","background-attachment":"scroll","background-type":"","background-media":"","overlay-type":"","overlay-color":"","overlay-opacity":"","overlay-gradient":""},"mobile":{"background-color":"var(--ast-global-color-5)","background-image":"","background-repeat":"repeat","background-position":"center center","background-size":"auto","background-attachment":"scroll","background-type":"","background-media":"","overlay-type":"","overlay-color":"","overlay-opacity":"","overlay-gradient":""}},"footnotes":""},"categories":[8],"tags":[26049,26050,26051,26052],"class_list":["post-76592","post","type-post","status-publish","format-standard","has-post-thumbnail","hentry","category-noticias","tag-diamundialdelmodernismo","tag-worldartnouveauday","tag-antonio-gaudi","tag-odon-lechner"],"_links":{"self":[{"href":"https:\/\/losperiodistas.com.mx\/portal\/wp-json\/wp\/v2\/posts\/76592","targetHints":{"allow":["GET"]}}],"collection":[{"href":"https:\/\/losperiodistas.com.mx\/portal\/wp-json\/wp\/v2\/posts"}],"about":[{"href":"https:\/\/losperiodistas.com.mx\/portal\/wp-json\/wp\/v2\/types\/post"}],"author":[{"embeddable":true,"href":"https:\/\/losperiodistas.com.mx\/portal\/wp-json\/wp\/v2\/users\/1"}],"replies":[{"embeddable":true,"href":"https:\/\/losperiodistas.com.mx\/portal\/wp-json\/wp\/v2\/comments?post=76592"}],"version-history":[{"count":1,"href":"https:\/\/losperiodistas.com.mx\/portal\/wp-json\/wp\/v2\/posts\/76592\/revisions"}],"predecessor-version":[{"id":76596,"href":"https:\/\/losperiodistas.com.mx\/portal\/wp-json\/wp\/v2\/posts\/76592\/revisions\/76596"}],"wp:featuredmedia":[{"embeddable":true,"href":"https:\/\/losperiodistas.com.mx\/portal\/wp-json\/wp\/v2\/media\/76593"}],"wp:attachment":[{"href":"https:\/\/losperiodistas.com.mx\/portal\/wp-json\/wp\/v2\/media?parent=76592"}],"wp:term":[{"taxonomy":"category","embeddable":true,"href":"https:\/\/losperiodistas.com.mx\/portal\/wp-json\/wp\/v2\/categories?post=76592"},{"taxonomy":"post_tag","embeddable":true,"href":"https:\/\/losperiodistas.com.mx\/portal\/wp-json\/wp\/v2\/tags?post=76592"}],"curies":[{"name":"wp","href":"https:\/\/api.w.org\/{rel}","templated":true}]}}