{"id":76585,"date":"2024-06-10T07:04:40","date_gmt":"2024-06-10T12:04:40","guid":{"rendered":"https:\/\/losperiodistas.com.mx\/portal\/?p=76585"},"modified":"2024-06-10T07:04:42","modified_gmt":"2024-06-10T12:04:42","slug":"la-izquierda-gana-a-lo-grande-en-mexico-los-inversores-estan-preocupados-nyt","status":"publish","type":"post","link":"https:\/\/losperiodistas.com.mx\/portal\/la-izquierda-gana-a-lo-grande-en-mexico-los-inversores-estan-preocupados-nyt\/","title":{"rendered":"La izquierda gana a lo grande en M\u00e9xico. Los inversores est\u00e1n preocupados | NYT"},"content":{"rendered":"\n<p class=\"has-medium-font-size\" id=\"article-summary\">El peso tuvo su peor semana desde la pandemia. Los inversores temen que el gobierno apruebe \u201ccambios radicales\u201d a la Constituci\u00f3n, considerados como un desmantelamiento de los controles y equilibrios democr\u00e1ticos.<\/p>\n\n\n\n<figure class=\"wp-block-image size-large\"><img fetchpriority=\"high\" decoding=\"async\" width=\"1024\" height=\"681\" src=\"https:\/\/losperiodistas.com.mx\/portal\/wp-content\/uploads\/2024\/06\/Captura-de-Pantalla-2024-06-10-a-las-5.55.23-1024x681.jpg\" alt=\"\" class=\"wp-image-76586\" srcset=\"https:\/\/losperiodistas.com.mx\/portal\/wp-content\/uploads\/2024\/06\/Captura-de-Pantalla-2024-06-10-a-las-5.55.23-1024x681.jpg 1024w, https:\/\/losperiodistas.com.mx\/portal\/wp-content\/uploads\/2024\/06\/Captura-de-Pantalla-2024-06-10-a-las-5.55.23-300x200.jpg 300w, https:\/\/losperiodistas.com.mx\/portal\/wp-content\/uploads\/2024\/06\/Captura-de-Pantalla-2024-06-10-a-las-5.55.23-768x511.jpg 768w, https:\/\/losperiodistas.com.mx\/portal\/wp-content\/uploads\/2024\/06\/Captura-de-Pantalla-2024-06-10-a-las-5.55.23.jpg 1200w\" sizes=\"(max-width: 1024px) 100vw, 1024px\" \/><figcaption>Claudia Sheinbaum celebrando su victoria electoral el lunes. Gan\u00f3 la presidencia de M\u00e9xico con el mayor n\u00famero de votos de la historia reciente.Credit&#8230;Cesar Rodriguez para The New York Times<\/figcaption><\/figure>\n\n\n\n<p><\/p>\n\n\n\n<p class=\"has-vivid-red-color has-text-color has-medium-font-size\"><strong>Natalie Kitroeff \/ The New York Times<\/strong><\/p>\n\n\n\n<p>El conteo final de votos publicado el fin de semana sugiere que el partido pol\u00edtico de izquierda que gobierna M\u00e9xico y sus aliados obtendr\u00edan amplias mayor\u00edas en el Congreso, lo que podr\u00eda permitir a la coalici\u00f3n aprobar cambios radicales en la Constituci\u00f3n.<\/p>\n\n\n\n<p>El conteo final de votos publicado el fin de semana sugiere que el partido pol\u00edtico de izquierda que gobierna M\u00e9xico y sus aliados obtendr\u00edan amplias mayor\u00edas en el Congreso, lo que podr\u00eda permitir a la coalici\u00f3n aprobar cambios radicales en la Constituci\u00f3n.<\/p>\n\n\n\n<p>El recuento oficial de las elecciones de la semana pasada mostr\u00f3 que el partido, Morena, y sus socios parec\u00edan en camino de conseguir una mayor\u00eda de dos tercios en la C\u00e1mara baja del Congreso.<\/p>\n\n\n\n<p>En el Senado, parec\u00eda que la coalici\u00f3n no alcanzar\u00eda la supermayor\u00eda, pero por un peque\u00f1o n\u00famero de esca\u00f1os, seg\u00fan los analistas, lo que significa que probablemente solo necesitar\u00eda el apoyo de unos pocos legisladores de la oposici\u00f3n para modificar la Constituci\u00f3n. Construir esas alianzas \u201ces relativamente f\u00e1cil\u201d de conseguir, dijo el presidente del partido, Mario Delgado, en una entrevista.<\/p>\n\n\n\n<p>\u201cSomos ahora una fuerza dominante\u201d, a\u00f1adi\u00f3 Delgado, \u201cpor decisi\u00f3n de la gente\u201d.<\/p>\n\n\n\n<p>La composici\u00f3n final de la legislatura a\u00fan no est\u00e1 clara porque una parte de los esca\u00f1os del Congreso mexicano se designan mediante un sistema de representaci\u00f3n proporcional en agosto. Las impugnaciones legales tambi\u00e9n podr\u00edan afectar al reparto de esca\u00f1os.<\/p>\n\n\n\n<p>Pero Morena se ha acercado lo suficiente al dominio total como para provocar una fuerte reacci\u00f3n de un sector que el partido no puede ignorar: los mercados financieros.<\/p>\n\n\n\n<p>En los vol\u00e1tiles d\u00edas que siguieron a la elecci\u00f3n, la alarma de los inversores ha estado a flor de piel, con las acciones mexicanas golpeadas y el peso sufriendo su peor semana desde la pandemia.<\/p>\n\n\n\n<p>La preocupaci\u00f3n se centra en la posibilidad de que Morena utilice su amplio mandato para promulgar cambios constitucionales que, seg\u00fan los detractores, podr\u00edan eliminar los controles existentes sobre la autoridad presidencial, seg\u00fan los analistas financieros.<\/p>\n\n\n\n<p>Las propuestas fueron presentadas por primera vez por Andr\u00e9s Manuel L\u00f3pez Obrador e incluyen planes para eliminar los reguladores independientes y nombrar a los jueces y funcionarios electorales a trav\u00e9s del voto popular, lo que los cr\u00edticos advierten que podr\u00eda hacerlos m\u00e1s susceptibles a la presi\u00f3n pol\u00edtica. Entre otras preocupaciones, los inversores temen que la alteraci\u00f3n del poder judicial&nbsp;<a href=\"https:\/\/www.nytimes.com\/es\/2024\/06\/03\/espanol\/elecciones-mexico-resultados-morena.html\">podr\u00eda hacer que sea menos seguro<\/a>&nbsp;que obtengan una audiencia justa en las disputas.<\/p>\n\n\n\n<p>Los mercados sienten que \u201cbajo la gesti\u00f3n del partido de Morena y, sobre todo, ante el antecedente de este plan pudiera generarse un cambio radical\u201d, dijo Janneth Quiroz Zamora, directora de investigaci\u00f3n econ\u00f3mica de la casa de bolsa Monex. \u201cEl mayor temor tiene que ver con que se anulen otra vez los contrapesos que existen al poder ejecutivo\u201d.<\/p>\n\n\n\n<p>En lo que pareci\u00f3 ser un intento de calmar al mercado, la presidenta entrante, Claudia Sheinbaum, disc\u00edpula de L\u00f3pez Obrador, anunci\u00f3 el lunes pasado que el actual secretario de Hacienda, Rogelio Ram\u00edrez de la O, quien es visto como una fuerza estabilizadora, se quedar\u00eda en el puesto.<\/p>\n\n\n\n<p>\u201cEs un gran servidor p\u00fablico que da certeza del buen manejo financiero y econ\u00f3mico\u201d, dijo.<\/p>\n\n\n\n<p>Sheinbaum gan\u00f3 la presidencia con la mayor cantidad de votos en d\u00e9cadas y Morena tambi\u00e9n se llev\u00f3 la mayor\u00eda de las gubernaturas.<\/p>\n\n\n\n<p>Sus comentarios iniciales animaron a los inversores a pensar que \u201cel gobierno era sensible a sus preocupaciones\u201d, dijo Blanca Heredia, analista pol\u00edtica residente en Ciudad de M\u00e9xico. Eso fue por \u201cla rapidez con la que reaccion\u00f3 el gobierno\u201d, dijo Heredia, se\u00f1alando que la nueva presidenta \u201cnecesita y quiere crecimiento econ\u00f3mico\u201d.<\/p>\n\n\n\n<p>Pero entonces, el jueves, el l\u00edder de Morena en la C\u00e1mara baja del Congreso, Ignacio Mier, pareci\u00f3 anunciar que el partido buscar\u00eda aprobar los cambios constitucionales en septiembre, antes de que L\u00f3pez Obrador deje el cargo y Sheinbaum lo asuma.<\/p>\n\n\n\n<figure class=\"wp-block-image\"><img decoding=\"async\" src=\"https:\/\/static01.nyt.com\/images\/2024\/06\/09\/multimedia\/09mexico-senateESP-03-jgvp\/09mexico-senate-03-jgvp-articleLarge.jpg?quality=75&amp;auto=webp&amp;disable=upscale\" alt=\"Andr\u00e9s Manuel L\u00f3pez Obrador of Mexico and his wife, Beatriz Guti\u00e9rrez M\u00fcller, walking through a crowd and waving. He is holding up a voting registration card.\"\/><figcaption>El presidente de M\u00e9xico, Andr\u00e9s Manuel L\u00f3pez Obrador, y su esposa, Beatriz Guti\u00e9rrez M\u00fcller, votando este mes. L\u00f3pez Obrador dejar\u00e1 el cargo oficialmente en septiembre.Credit&#8230;Henry Romero\/Reuters<\/figcaption><\/figure>\n\n\n\n<p>El peso volvi\u00f3 a caer. Horas m\u00e1s tarde, Mier se retract\u00f3 en una comparecencia radiof\u00f3nica en la que dio a entender que los cambios no se aprobar\u00edan a toda prisa.<\/p>\n\n\n\n<p>Sheinbaum dijo m\u00e1s tarde a los periodistas que las medidas se someter\u00edan a un amplio di\u00e1logo. Tambi\u00e9n public\u00f3 una foto en la que aparec\u00eda reunida con un ejecutivo de la empresa de inversiones BlackRock. \u201cEst\u00e1n comprometidos y entusiasmados con incrementar los proyectos de inversi\u00f3n en M\u00e9xico\u201d, escribi\u00f3 en las redes sociales.<\/p>\n\n\n\n<p>Delgado, el presidente del partido, dijo que L\u00f3pez Obrador y Sheinbaum tendr\u00edan que ponerse de acuerdo sobre c\u00f3mo avanzar con los planes.<\/p>\n\n\n\n<p>\u201cSon reformas que finalmente tendr\u00e1n que ser discutidas y su alcance, su versi\u00f3n final, se dar\u00e1 por el propio Congreso. Y el ritmo de su aprobaci\u00f3n depender\u00e1 de la presidenta\u201d, dijo, refiri\u00e9ndose a Sheinbaum.<\/p>\n\n\n\n<p>El resultado, seg\u00fan los analistas, es que en un sistema pol\u00edtico en el que un partido tiene tanto control, el mercado podr\u00eda emerger como una fuerza moderadora.<\/p>\n\n\n\n<p>\u201cCreo que esta reacci\u00f3n adversa al mercado va a generar que dentro de de que en septiembre se repiense muy bien qu\u00e9 van a aprobar y en qu\u00e9 forma lo van a aprobar\u201d, dijo Joan Domene, economista principal para Am\u00e9rica Latina en Oxford Economics, una consultora econ\u00f3mica con sede en Ciudad de M\u00e9xico.<\/p>\n\n\n\n<figure class=\"wp-block-image\"><img decoding=\"async\" src=\"https:\/\/static01.nyt.com\/images\/2024\/06\/09\/multimedia\/09mexico-senateESP-02-jgvp\/09mexico-senate-02-jgvp-articleLarge.jpg?quality=75&amp;auto=webp&amp;disable=upscale\" alt=\"People passing the front of a building with the words \u201cBolsa Mexicana de Valores\u201d above the entrance.\"\/><figcaption>El edificio de la Bolsa en Ciudad de M\u00e9xico. Los inversores creen que \u201cpodr\u00eda venir un cambio radical\u201d, dijo un analista.Credit&#8230;Daniel Becerril\/Reuters<\/figcaption><\/figure>\n\n\n\n<p>L\u00f3pez Obrador, sin embargo, no parec\u00eda inmutarse. En su conferencia de prensa habitual en la ma\u00f1ana del viernes, el presidente reiter\u00f3 su compromiso con los cambios y parec\u00eda minimizar las ca\u00eddas del peso, diciendo: \u201cla justicia est\u00e1 por encima de los mercados\u201d.<\/p>\n\n\n\n<p>Los mensajes contradictorios mostraron, seg\u00fan los analistas, que la influencia de los inversionistas depender\u00e1 de si las personas que dirigen Morena \u2014incluido L\u00f3pez Obrador\u2014 realmente los escuchan.<\/p>\n\n\n\n<p>\u201cLos mercados son una camisa de fuerza para la pol\u00edtica\u201d, dijo Domene. \u201cPero no para todos por igual\u201d.<\/p>\n\n\n\n<p>Emiliano Rodr\u00edguez Mega&nbsp;y Miriam Castillo colaboraron con reporter\u00eda.<\/p>\n\n\n\n<hr class=\"wp-block-separator\"\/>\n\n\n\n<p><strong><a href=\"https:\/\/www.nytimes.com\/by\/natalie-kitroeff\">Natalie Kitroeff<\/a><\/strong>\u00a0es la jefa del bur\u00f3 de redacci\u00f3n del Times en Ciudad de M\u00e9xico, que lidera la cobertura de M\u00e9xico, Centroam\u00e9rica y el Caribe.<\/p>\n\n\n\n<p>Fuente: <a href=\"https:\/\/www.nytimes.com\/es\/2024\/06\/09\/espanol\/mercado-mexico-sheinbaum-amlo-peso.html\">https:\/\/www.nytimes.com\/es\/2024\/06\/09\/espanol\/mercado-mexico-sheinbaum-amlo-peso.html<\/a><\/p>\n","protected":false},"excerpt":{"rendered":"<p>El peso tuvo su peor semana desde la pandemia. Los inversores temen que el gobierno apruebe \u201ccambios radicales\u201d a la [&hellip;]<\/p>\n","protected":false},"author":1,"featured_media":76586,"comment_status":"open","ping_status":"open","sticky":false,"template":"","format":"standard","meta":{"site-sidebar-layout":"default","site-content-layout":"","ast-site-content-layout":"default","site-content-style":"default","site-sidebar-style":"default","ast-global-header-display":"","ast-banner-title-visibility":"","ast-main-header-display":"","ast-hfb-above-header-display":"","ast-hfb-below-header-display":"","ast-hfb-mobile-header-display":"","site-post-title":"","ast-breadcrumbs-content":"","ast-featured-img":"","footer-sml-layout":"","theme-transparent-header-meta":"","adv-header-id-meta":"","stick-header-meta":"","header-above-stick-meta":"","header-main-stick-meta":"","header-below-stick-meta":"","astra-migrate-meta-layouts":"default","ast-page-background-enabled":"default","ast-page-background-meta":{"desktop":{"background-color":"var(--ast-global-color-4)","background-image":"","background-repeat":"repeat","background-position":"center center","background-size":"auto","background-attachment":"scroll","background-type":"","background-media":"","overlay-type":"","overlay-color":"","overlay-opacity":"","overlay-gradient":""},"tablet":{"background-color":"","background-image":"","background-repeat":"repeat","background-position":"center center","background-size":"auto","background-attachment":"scroll","background-type":"","background-media":"","overlay-type":"","overlay-color":"","overlay-opacity":"","overlay-gradient":""},"mobile":{"background-color":"","background-image":"","background-repeat":"repeat","background-position":"center center","background-size":"auto","background-attachment":"scroll","background-type":"","background-media":"","overlay-type":"","overlay-color":"","overlay-opacity":"","overlay-gradient":""}},"ast-content-background-meta":{"desktop":{"background-color":"var(--ast-global-color-5)","background-image":"","background-repeat":"repeat","background-position":"center center","background-size":"auto","background-attachment":"scroll","background-type":"","background-media":"","overlay-type":"","overlay-color":"","overlay-opacity":"","overlay-gradient":""},"tablet":{"background-color":"var(--ast-global-color-5)","background-image":"","background-repeat":"repeat","background-position":"center center","background-size":"auto","background-attachment":"scroll","background-type":"","background-media":"","overlay-type":"","overlay-color":"","overlay-opacity":"","overlay-gradient":""},"mobile":{"background-color":"var(--ast-global-color-5)","background-image":"","background-repeat":"repeat","background-position":"center center","background-size":"auto","background-attachment":"scroll","background-type":"","background-media":"","overlay-type":"","overlay-color":"","overlay-opacity":"","overlay-gradient":""}},"footnotes":""},"categories":[8],"tags":[199,26047,3873,26046,26045,21208],"class_list":["post-76585","post","type-post","status-publish","format-standard","has-post-thumbnail","hentry","category-noticias","tag-amlo","tag-estabilidad-democratica-mexico","tag-ignacio-mier","tag-inversores-preocupados","tag-norticias-de-mexico","tag-the-new-york-times"],"_links":{"self":[{"href":"https:\/\/losperiodistas.com.mx\/portal\/wp-json\/wp\/v2\/posts\/76585","targetHints":{"allow":["GET"]}}],"collection":[{"href":"https:\/\/losperiodistas.com.mx\/portal\/wp-json\/wp\/v2\/posts"}],"about":[{"href":"https:\/\/losperiodistas.com.mx\/portal\/wp-json\/wp\/v2\/types\/post"}],"author":[{"embeddable":true,"href":"https:\/\/losperiodistas.com.mx\/portal\/wp-json\/wp\/v2\/users\/1"}],"replies":[{"embeddable":true,"href":"https:\/\/losperiodistas.com.mx\/portal\/wp-json\/wp\/v2\/comments?post=76585"}],"version-history":[{"count":1,"href":"https:\/\/losperiodistas.com.mx\/portal\/wp-json\/wp\/v2\/posts\/76585\/revisions"}],"predecessor-version":[{"id":76587,"href":"https:\/\/losperiodistas.com.mx\/portal\/wp-json\/wp\/v2\/posts\/76585\/revisions\/76587"}],"wp:featuredmedia":[{"embeddable":true,"href":"https:\/\/losperiodistas.com.mx\/portal\/wp-json\/wp\/v2\/media\/76586"}],"wp:attachment":[{"href":"https:\/\/losperiodistas.com.mx\/portal\/wp-json\/wp\/v2\/media?parent=76585"}],"wp:term":[{"taxonomy":"category","embeddable":true,"href":"https:\/\/losperiodistas.com.mx\/portal\/wp-json\/wp\/v2\/categories?post=76585"},{"taxonomy":"post_tag","embeddable":true,"href":"https:\/\/losperiodistas.com.mx\/portal\/wp-json\/wp\/v2\/tags?post=76585"}],"curies":[{"name":"wp","href":"https:\/\/api.w.org\/{rel}","templated":true}]}}