{"id":76580,"date":"2024-06-10T06:43:13","date_gmt":"2024-06-10T11:43:13","guid":{"rendered":"https:\/\/losperiodistas.com.mx\/portal\/?p=76580"},"modified":"2024-06-10T06:43:15","modified_gmt":"2024-06-10T11:43:15","slug":"sera-un-gran-dia-vere-al-presidente-lopez-obrador-sheinbaum-arranca-platicas-formales-para-la-transicion-infobae","status":"publish","type":"post","link":"https:\/\/losperiodistas.com.mx\/portal\/sera-un-gran-dia-vere-al-presidente-lopez-obrador-sheinbaum-arranca-platicas-formales-para-la-transicion-infobae\/","title":{"rendered":"\u201cSer\u00e1 un gran d\u00eda, ver\u00e9 al presidente L\u00f3pez Obrador\u201d: Sheinbaum arranca pl\u00e1ticas formales para la transici\u00f3n | Infobae"},"content":{"rendered":"\n<h2 class=\"has-medium-font-size wp-block-heading\">El proceso formal para la transici\u00f3n de poder iniciar\u00e1 este lunes con el encuentro entre el presidente en funciones y la presidenta electa<\/h2>\n\n\n\n<figure class=\"wp-block-image size-large\"><img fetchpriority=\"high\" decoding=\"async\" width=\"1024\" height=\"681\" src=\"https:\/\/losperiodistas.com.mx\/portal\/wp-content\/uploads\/2024\/06\/Captura-de-Pantalla-2024-06-10-a-las-5.35.16-1024x681.jpg\" alt=\"\" class=\"wp-image-76581\" srcset=\"https:\/\/losperiodistas.com.mx\/portal\/wp-content\/uploads\/2024\/06\/Captura-de-Pantalla-2024-06-10-a-las-5.35.16-1024x681.jpg 1024w, https:\/\/losperiodistas.com.mx\/portal\/wp-content\/uploads\/2024\/06\/Captura-de-Pantalla-2024-06-10-a-las-5.35.16-300x200.jpg 300w, https:\/\/losperiodistas.com.mx\/portal\/wp-content\/uploads\/2024\/06\/Captura-de-Pantalla-2024-06-10-a-las-5.35.16-768x511.jpg 768w, https:\/\/losperiodistas.com.mx\/portal\/wp-content\/uploads\/2024\/06\/Captura-de-Pantalla-2024-06-10-a-las-5.35.16-1536x1022.jpg 1536w, https:\/\/losperiodistas.com.mx\/portal\/wp-content\/uploads\/2024\/06\/Captura-de-Pantalla-2024-06-10-a-las-5.35.16.jpg 1716w\" sizes=\"(max-width: 1024px) 100vw, 1024px\" \/><figcaption>A la espera de que el INE le entregue la constancia de mayor\u00eda, Sheinbaum se perfila para tomar el gobierno. REUTERS\/Luis Cortes<\/figcaption><\/figure>\n\n\n\n<p><\/p>\n\n\n\n<p class=\"has-vivid-red-color has-text-color has-medium-font-size\"><strong>Omar Tinoco Morales \/ Infobae<\/strong><\/p>\n\n\n\n<p><strong>Claudia Sheinbaum Pardo<\/strong>\u00a0inform\u00f3 que este lunes se reunir\u00e1 con el presidente\u00a0<strong>Andr\u00e9s Manuel L\u00f3pez Obrador\u00a0<\/strong>para iniciar el proceso formal para el cambio de poder a partir del 1 de octubre pr\u00f3ximo.<\/p>\n\n\n\n<p>El d\u00eda de hoy estuve trabajando en casa y aprovech\u00e9 para estar un tiempo con la familia. Ma\u00f1ana reiniciamos con todo el impulso y convicci\u00f3n . Ser\u00e1 un gran d\u00eda,&nbsp;<strong>ver\u00e9 al presidente Andr\u00e9s Manuel L\u00f3pez Obrador para iniciar pl\u00e1ticas formales sobre la transici\u00f3n.<\/strong>&nbsp;Les dejo un video de un premio que recib\u00ed el d\u00eda de ayer por los logros que tuvimos en la Ciudad de M\u00e9xico\u201d, dijo a trav\u00e9s de un mensaje la noche de este domingo 9 de junio.<\/p>\n\n\n\n<p>Se\u00f1al\u00f3 que en d\u00edas recientes recibi\u00f3 el\u00a0<strong>premio Lee Kuan Yew\u00a0<\/strong>de las ciudades globales por su gesti\u00f3n al frente de la Ciudad de M\u00e9xico, pero que en breve enviar\u00e1 este reconocimiento al actual Jefe de Gobierno, Mart\u00ed Batres Guadarrama.<\/p>\n\n\n\n<figure class=\"wp-block-embed is-type-rich is-provider-twitter wp-block-embed-twitter\"><div class=\"wp-block-embed__wrapper\">\n<blockquote class=\"twitter-tweet\" data-width=\"500\" data-dnt=\"true\"><p lang=\"es\" dir=\"ltr\">El d\u00eda de hoy estuve trabajando en casa y aprovech\u00e9 para estar un tiempo con la familia. Ma\u00f1ana reiniciamos con todo el impulso y convicci\u00f3n \ud83d\ude0a. Ser\u00e1 un gran d\u00eda, ver\u00e9 al presidente <a href=\"https:\/\/twitter.com\/lopezobrador_?ref_src=twsrc%5Etfw\">@lopezobrador_<\/a> para iniciar pl\u00e1ticas formales sobre la transici\u00f3n. Les dejo un video de un premio\u2026 <a href=\"https:\/\/t.co\/VxwnZLSu1y\">pic.twitter.com\/VxwnZLSu1y<\/a><\/p>&mdash; Claudia Sheinbaum Pardo (@Claudiashein) <a href=\"https:\/\/twitter.com\/Claudiashein\/status\/1799978952548549074?ref_src=twsrc%5Etfw\">June 10, 2024<\/a><\/blockquote><script async src=\"https:\/\/platform.twitter.com\/widgets.js\" charset=\"utf-8\"><\/script>\n<\/div><\/figure>\n\n\n\n<p>Claudia Sheinbaum se perfila como la primera presidenta de M\u00e9xico, tras una contundente victoria en las elecciones del pasado 2 de junio, a la espera de su certificaci\u00f3n oficial como vencedora. Los resultados definitivos del Instituto Nacional Electoral (INE) confirman que Sheinbaum obtuvo el 59,76 % de los votos, equivalente a m\u00e1s de 35,9 millones de sufragios, mientras que su opositora, X\u00f3chitl G\u00e1lvez, alcanz\u00f3 el 27,4 % con 16,5 millones de votos.<\/p>\n\n\n\n<p>El INE detall\u00f3 que la participaci\u00f3n ciudadana fue del 61,04 % de los votantes registrados. Sheinbaum, respaldada por la coalici\u00f3n Sigamos Haciendo Historia, conformada por el Movimiento Regeneraci\u00f3n Nacional (Morena), el Partido del Trabajo (PT) y el Partido Verde Ecologista de M\u00e9xico (PVEM), celebr\u00f3 estos resultados en sus redes sociales, dando las gracias a los ciudadanos y reafirmando su compromiso con la Cuarta Transformaci\u00f3n (4T).<\/p>\n\n\n\n<p>Aun as\u00ed, la entrega de la constancia de mayor\u00eda por parte del Tribunal Electoral del Poder Judicial de la Federaci\u00f3n (TEPJF) a\u00fan no ha sido emitida debido a impugnaciones presentadas por la coalici\u00f3n opositora Fuerza y Coraz\u00f3n por M\u00e9xico, compuesta por los Partido Acci\u00f3n Nacional (PAN), Partido Revolucionario Institucional (PRI) y Partido de la Revoluci\u00f3n Democr\u00e1tica (PRD). El TEPJF deber\u00e1 resolver estas impugnaciones antes de validar oficialmente los resultados.<\/p>\n\n\n\n<p>Hist\u00f3ricamente, la entrega de la constancia de mayor\u00eda puede extenderse. En otros casos, como el del presidente Andr\u00e9s Manuel L\u00f3pez Obrador en 2018, la certificaci\u00f3n se retras\u00f3 poco m\u00e1s de un mes. En el caso del expresidente Felipe Calder\u00f3n en 2006, el proceso dur\u00f3 m\u00e1s de dos meses debido a acusaciones de fraude electoral.<\/p>\n\n\n\n<figure class=\"wp-block-embed is-type-rich is-provider-twitter wp-block-embed-twitter\"><div class=\"wp-block-embed__wrapper\">\n<blockquote class=\"twitter-tweet\" data-width=\"500\" data-dnt=\"true\"><p lang=\"es\" dir=\"ltr\">Les comparto esta fotograf\u00eda con el presidente <a href=\"https:\/\/twitter.com\/lopezobrador_?ref_src=twsrc%5Etfw\">@lopezobrador_<\/a> hace unos a\u00f1os. Somos parte del mismo proyecto de transformaci\u00f3n <a href=\"https:\/\/t.co\/DqJCqOXHLj\">pic.twitter.com\/DqJCqOXHLj<\/a><\/p>&mdash; Claudia Sheinbaum Pardo (@Claudiashein) <a href=\"https:\/\/twitter.com\/Claudiashein\/status\/1799597682450665905?ref_src=twsrc%5Etfw\">June 9, 2024<\/a><\/blockquote><script async src=\"https:\/\/platform.twitter.com\/widgets.js\" charset=\"utf-8\"><\/script>\n<\/div><\/figure>\n\n\n\n<p>En 2014, reformas aprobadas por el Congreso mexicano estipularon que las administraciones presidenciales concluir\u00e1n su mandato el 30 de septiembre.<\/p>\n\n\n\n<p>Esto significa que la transici\u00f3n de Sheinbaum al cargo se ejecutar\u00e1 el 1 de octubre, dos meses antes que sus predecesores, quienes tradicionalmente asum\u00edan el 1 de diciembre.<\/p>\n\n\n\n<p>Fuente: <a href=\"https:\/\/www.infobae.com\/mexico\/2024\/06\/10\/sera-un-gran-dia-vere-al-presidente-lopez-obrador-sheinbaum-arranca-platicas-formales-para-la-transicion\/\">https:\/\/www.infobae.com\/mexico\/2024\/06\/10\/sera-un-gran-dia-vere-al-presidente-lopez-obrador-sheinbaum-arranca-platicas-formales-para-la-transicion\/<\/a><\/p>\n","protected":false},"excerpt":{"rendered":"<p>El proceso formal para la transici\u00f3n de poder iniciar\u00e1 este lunes con el encuentro entre el presidente en funciones y [&hellip;]<\/p>\n","protected":false},"author":1,"featured_media":76581,"comment_status":"open","ping_status":"open","sticky":false,"template":"","format":"standard","meta":{"site-sidebar-layout":"default","site-content-layout":"","ast-site-content-layout":"default","site-content-style":"default","site-sidebar-style":"default","ast-global-header-display":"","ast-banner-title-visibility":"","ast-main-header-display":"","ast-hfb-above-header-display":"","ast-hfb-below-header-display":"","ast-hfb-mobile-header-display":"","site-post-title":"","ast-breadcrumbs-content":"","ast-featured-img":"","footer-sml-layout":"","theme-transparent-header-meta":"","adv-header-id-meta":"","stick-header-meta":"","header-above-stick-meta":"","header-main-stick-meta":"","header-below-stick-meta":"","astra-migrate-meta-layouts":"default","ast-page-background-enabled":"default","ast-page-background-meta":{"desktop":{"background-color":"var(--ast-global-color-4)","background-image":"","background-repeat":"repeat","background-position":"center center","background-size":"auto","background-attachment":"scroll","background-type":"","background-media":"","overlay-type":"","overlay-color":"","overlay-opacity":"","overlay-gradient":""},"tablet":{"background-color":"","background-image":"","background-repeat":"repeat","background-position":"center center","background-size":"auto","background-attachment":"scroll","background-type":"","background-media":"","overlay-type":"","overlay-color":"","overlay-opacity":"","overlay-gradient":""},"mobile":{"background-color":"","background-image":"","background-repeat":"repeat","background-position":"center center","background-size":"auto","background-attachment":"scroll","background-type":"","background-media":"","overlay-type":"","overlay-color":"","overlay-opacity":"","overlay-gradient":""}},"ast-content-background-meta":{"desktop":{"background-color":"var(--ast-global-color-5)","background-image":"","background-repeat":"repeat","background-position":"center center","background-size":"auto","background-attachment":"scroll","background-type":"","background-media":"","overlay-type":"","overlay-color":"","overlay-opacity":"","overlay-gradient":""},"tablet":{"background-color":"var(--ast-global-color-5)","background-image":"","background-repeat":"repeat","background-position":"center center","background-size":"auto","background-attachment":"scroll","background-type":"","background-media":"","overlay-type":"","overlay-color":"","overlay-opacity":"","overlay-gradient":""},"mobile":{"background-color":"var(--ast-global-color-5)","background-image":"","background-repeat":"repeat","background-position":"center center","background-size":"auto","background-attachment":"scroll","background-type":"","background-media":"","overlay-type":"","overlay-color":"","overlay-opacity":"","overlay-gradient":""}},"footnotes":""},"categories":[8],"tags":[26044,26043],"class_list":["post-76580","post","type-post","status-publish","format-standard","has-post-thumbnail","hentry","category-noticias","tag-primer-encuentro-formal-sheinbaum-amlo","tag-transicion-gobierno-mexico"],"_links":{"self":[{"href":"https:\/\/losperiodistas.com.mx\/portal\/wp-json\/wp\/v2\/posts\/76580","targetHints":{"allow":["GET"]}}],"collection":[{"href":"https:\/\/losperiodistas.com.mx\/portal\/wp-json\/wp\/v2\/posts"}],"about":[{"href":"https:\/\/losperiodistas.com.mx\/portal\/wp-json\/wp\/v2\/types\/post"}],"author":[{"embeddable":true,"href":"https:\/\/losperiodistas.com.mx\/portal\/wp-json\/wp\/v2\/users\/1"}],"replies":[{"embeddable":true,"href":"https:\/\/losperiodistas.com.mx\/portal\/wp-json\/wp\/v2\/comments?post=76580"}],"version-history":[{"count":1,"href":"https:\/\/losperiodistas.com.mx\/portal\/wp-json\/wp\/v2\/posts\/76580\/revisions"}],"predecessor-version":[{"id":76582,"href":"https:\/\/losperiodistas.com.mx\/portal\/wp-json\/wp\/v2\/posts\/76580\/revisions\/76582"}],"wp:featuredmedia":[{"embeddable":true,"href":"https:\/\/losperiodistas.com.mx\/portal\/wp-json\/wp\/v2\/media\/76581"}],"wp:attachment":[{"href":"https:\/\/losperiodistas.com.mx\/portal\/wp-json\/wp\/v2\/media?parent=76580"}],"wp:term":[{"taxonomy":"category","embeddable":true,"href":"https:\/\/losperiodistas.com.mx\/portal\/wp-json\/wp\/v2\/categories?post=76580"},{"taxonomy":"post_tag","embeddable":true,"href":"https:\/\/losperiodistas.com.mx\/portal\/wp-json\/wp\/v2\/tags?post=76580"}],"curies":[{"name":"wp","href":"https:\/\/api.w.org\/{rel}","templated":true}]}}