{"id":76566,"date":"2024-06-10T05:59:56","date_gmt":"2024-06-10T10:59:56","guid":{"rendered":"https:\/\/losperiodistas.com.mx\/portal\/?p=76566"},"modified":"2024-06-10T05:59:59","modified_gmt":"2024-06-10T10:59:59","slug":"macron-cae-frente-a-la-ultraderecha-y-convoca-elecciones-anticipadas-en-francia-euronews","status":"publish","type":"post","link":"https:\/\/losperiodistas.com.mx\/portal\/macron-cae-frente-a-la-ultraderecha-y-convoca-elecciones-anticipadas-en-francia-euronews\/","title":{"rendered":"Macron cae frente a la ultraderecha y convoca elecciones anticipadas en Francia\u00a0| Euronews"},"content":{"rendered":"\n<p class=\"has-pale-cyan-blue-background-color has-background has-medium-font-size\"><strong>El presidente franc\u00e9s declar\u00f3 que hab\u00eda decidido devolver al electorado la elecci\u00f3n del futuro pol\u00edtico del pa\u00eds, y anunci\u00f3 el 30 de junio y el 7 de julio como d\u00edas de elecciones.<\/strong><\/p>\n\n\n\n<p><\/p>\n\n\n\n<figure class=\"wp-block-embed is-type-video is-provider-youtube wp-block-embed-youtube wp-embed-aspect-16-9 wp-has-aspect-ratio\"><div class=\"wp-block-embed__wrapper\">\n<iframe title=\"Macron es vencido por la ultraderecha y convoca elecciones anticipadas en Francia\" width=\"500\" height=\"281\" src=\"https:\/\/www.youtube.com\/embed\/LtHmGAQ3z_I?feature=oembed\" frameborder=\"0\" allow=\"accelerometer; autoplay; clipboard-write; encrypted-media; gyroscope; picture-in-picture; web-share\" referrerpolicy=\"strict-origin-when-cross-origin\" allowfullscreen><\/iframe>\n<\/div><figcaption>Derechos de autor\u00a0Hannah McKay\/AP<\/figcaption><\/figure>\n\n\n\n<p><\/p>\n\n\n\n<p><\/p>\n\n\n\n<p class=\"has-vivid-red-color has-text-color has-medium-font-size\"><strong>EURONEWS<\/strong><\/p>\n\n\n\n<p>Las elecciones al Parlamento Europeo de 2024 han tenido&nbsp;<strong>un impacto rotundo e inmediato<\/strong>&nbsp;en la pol\u00edtica interior de Francia. Tras sufrir una dura derrota ante la&nbsp;<a href=\"https:\/\/es.euronews.com\/my-europe\/2024\/06\/07\/emmanuel-macron-europa-podria-encontrarse-en-un-callejon-sin-salida-si-la-extrema-derecha-\">ultraderechista&nbsp;<\/a>Agrupaci\u00f3n Nacional, el presidente franc\u00e9s, Emmanuel Macron, ha se\u00f1alado que disolver\u00e1 la Asamblea Nacional y convocar\u00e1 elecciones anticipadas. En un discurso el domingo por la noche, Macron declar\u00f3 que hab\u00eda decidido devolver al electorado la elecci\u00f3n del&nbsp;<a href=\"https:\/\/es.euronews.com\/2024\/01\/09\/macron-apuesta-por-la-audacia-y-el-cambio-al-nombrar-al-joven-gabriel-attal-nuevo-primer-m\">futuro pol\u00edtico del pa\u00eds<\/a>, y anunci\u00f3 el 30 de junio y el 7 de julio como d\u00edas de elecciones.<\/p>\n\n\n\n<p>\u00abEsta es una decisi\u00f3n seria y de peso, pero sobre todo, es\u00a0<strong>un acto de confianza<\/strong>. Un acto de confianza en vosotros, mis queridos compatriotas, en la capacidad de los ciudadanos franceses para tomar la decisi\u00f3n justa para s\u00ed mismos y para las generaciones futuras\u00bb, declaraba el presidente franc\u00e9s, Emmanuel Macron.<\/p>\n\n\n\n<figure class=\"wp-block-embed is-type-rich is-provider-twitter wp-block-embed-twitter\"><div class=\"wp-block-embed__wrapper\">\n<blockquote class=\"twitter-tweet\" data-width=\"500\" data-dnt=\"true\"><p lang=\"fr\" dir=\"ltr\">J\u2019ai dissous ce soir l\u2019Assembl\u00e9e nationale. Une d\u00e9cision grave, lourde, mais avant tout un acte de confiance en vous, mes chers compatriotes. <a href=\"https:\/\/t.co\/EFeVCDzrlb\">pic.twitter.com\/EFeVCDzrlb<\/a><\/p>&mdash; Emmanuel Macron (@EmmanuelMacron) <a href=\"https:\/\/twitter.com\/EmmanuelMacron\/status\/1799913647109779922?ref_src=twsrc%5Etfw\">June 9, 2024<\/a><\/blockquote><script async src=\"https:\/\/platform.twitter.com\/widgets.js\" charset=\"utf-8\"><\/script>\n<\/div><\/figure>\n\n\n\n<p>Dirigi\u00e9ndose a sus partidarios, una de las figuras de la\u00a0<a href=\"https:\/\/es.euronews.com\/my-europe\/2024\/05\/25\/los-jovenes-franceses-acuden-en-masa-al-lider-ultraderechista-frances-bardella\">Agrupaci\u00f3n Nacional<\/a>, Marine le Pen, daba la bienvenida a la decisi\u00f3n de Macron, se\u00f1alando que su partido representaba \u00ab<strong>la mayor fuerza para el cambio en Francia<\/strong>\u00ab.<\/p>\n\n\n\n<p>\u00abEstamos listos para ejercer el poder si el pueblo franc\u00e9s\u00a0<a href=\"https:\/\/es.euronews.com\/2024\/05\/02\/elecciones-europeas-en-francia-un-avance-de-la-extrema-derecha-preocupa-al-partido-de-macr\">deposita su confianza en nosotros<\/a>, en estas futuras elecciones legislativas. Estamos listos para dar la vuelta al pa\u00eds, listos para defender\u00a0<strong>los intereses de los franceses<\/strong>, listos para poner fin a la inmigraci\u00f3n masiva, listos para hacer del poder adquisitivo de los franceses una prioridad\u00bb, se\u00f1alaba Marine Le Pen.<\/p>\n\n\n\n<figure class=\"wp-block-embed is-type-rich is-provider-twitter wp-block-embed-twitter\"><div class=\"wp-block-embed__wrapper\">\nhttps:\/\/twitter.com\/MLP_officiel\/status\/1799868050893848906?ref_src=twsrc%5Etfw%7Ctwcamp%5Etweetembed%7Ctwterm%5E1799868050893848906%7Ctwgr%5Eb882bf2490b3372465f8c88d688864d0e48c353a%7Ctwcon%5Es1_c10&#038;ref_url=https%3A%2F%2Fes.euronews.com%2Fmy-europe%2F2024%2F06%2F10%2Fmacron-es-vencido-por-la-ultraderecha-y-convoca-elecciones-anticipadas-en-francia\n<\/div><\/figure>\n\n\n\n<h2 class=\"wp-block-heading\">Unos resultados hist\u00f3ricos para la Agrupaci\u00f3n Nacional de Le Pen y Bardella<\/h2>\n\n\n\n<p>La Agrupaci\u00f3n Nacional se impuso en las&nbsp;<a href=\"https:\/\/es.euronews.com\/my-europe\/2024\/06\/06\/elecciones-europeas-todo-lo-que-debe-saber-sobre-la-campana-en-francia\">elecciones<\/a>, con&nbsp;<strong>el 31% de los votos<\/strong>. Es el primer partido franc\u00e9s que recibe m\u00e1s del 30% de los votos en unos comicios europeos desde 1984. Muy por detr\u00e1s, en segundo lugar, qued\u00f3 el partido Renacimiento, de Macron, con poco m\u00e1s del 14% de los votos. Los socialistas completan los tres primeros puestos con el 14% de los sufragios.<\/p>\n\n\n\n<p>\u00abEl anuncio del presidente franc\u00e9s, Emmanuel Macron, de que disolver\u00e1 la Asamblea Nacional despu\u00e9s de que su partido sufriera una severa derrota a manos de la ultraderechista Agrupaci\u00f3n Nacional,\u00a0<strong>caus\u00f3 conmoci\u00f3n en Francia y en todo el bloque de la UE<\/strong>. Ahora, el presidente franc\u00e9s dispondr\u00e1 de unos 20 d\u00edas para idear un plan con el que intentar lograr la mayor\u00eda de esca\u00f1os del\u00a0<a href=\"https:\/\/es.euronews.com\/2017\/05\/09\/record-de-votos-nulos-y-en-blanco-en-las-elecciones-presidenciales-francesas\">Parlamento de Francia\u00a0<\/a>en estas pr\u00f3ximas elecciones legislativas que se celebrar\u00e1n los d\u00edas 30 de junio y 7 de julio\u00bb, concluye la corresponsal de Euronews en Par\u00eds, Sophia Khatsenkova.<\/p>\n\n\n\n<p>Fuente: <a href=\"https:\/\/es.euronews.com\/my-europe\/2024\/06\/10\/macron-es-vencido-por-la-ultraderecha-y-convoca-elecciones-anticipadas-en-francia\">https:\/\/es.euronews.com\/my-europe\/2024\/06\/10\/macron-es-vencido-por-la-ultraderecha-y-convoca-elecciones-anticipadas-en-francia<\/a><\/p>\n","protected":false},"excerpt":{"rendered":"<p>El presidente franc\u00e9s declar\u00f3 que hab\u00eda decidido devolver al electorado la elecci\u00f3n del futuro pol\u00edtico del pa\u00eds, y anunci\u00f3 el [&hellip;]<\/p>\n","protected":false},"author":1,"featured_media":76569,"comment_status":"open","ping_status":"open","sticky":false,"template":"","format":"standard","meta":{"site-sidebar-layout":"default","site-content-layout":"","ast-site-content-layout":"default","site-content-style":"default","site-sidebar-style":"default","ast-global-header-display":"","ast-banner-title-visibility":"","ast-main-header-display":"","ast-hfb-above-header-display":"","ast-hfb-below-header-display":"","ast-hfb-mobile-header-display":"","site-post-title":"","ast-breadcrumbs-content":"","ast-featured-img":"","footer-sml-layout":"","theme-transparent-header-meta":"","adv-header-id-meta":"","stick-header-meta":"","header-above-stick-meta":"","header-main-stick-meta":"","header-below-stick-meta":"","astra-migrate-meta-layouts":"default","ast-page-background-enabled":"default","ast-page-background-meta":{"desktop":{"background-color":"var(--ast-global-color-4)","background-image":"","background-repeat":"repeat","background-position":"center center","background-size":"auto","background-attachment":"scroll","background-type":"","background-media":"","overlay-type":"","overlay-color":"","overlay-opacity":"","overlay-gradient":""},"tablet":{"background-color":"","background-image":"","background-repeat":"repeat","background-position":"center center","background-size":"auto","background-attachment":"scroll","background-type":"","background-media":"","overlay-type":"","overlay-color":"","overlay-opacity":"","overlay-gradient":""},"mobile":{"background-color":"","background-image":"","background-repeat":"repeat","background-position":"center center","background-size":"auto","background-attachment":"scroll","background-type":"","background-media":"","overlay-type":"","overlay-color":"","overlay-opacity":"","overlay-gradient":""}},"ast-content-background-meta":{"desktop":{"background-color":"var(--ast-global-color-5)","background-image":"","background-repeat":"repeat","background-position":"center center","background-size":"auto","background-attachment":"scroll","background-type":"","background-media":"","overlay-type":"","overlay-color":"","overlay-opacity":"","overlay-gradient":""},"tablet":{"background-color":"var(--ast-global-color-5)","background-image":"","background-repeat":"repeat","background-position":"center center","background-size":"auto","background-attachment":"scroll","background-type":"","background-media":"","overlay-type":"","overlay-color":"","overlay-opacity":"","overlay-gradient":""},"mobile":{"background-color":"var(--ast-global-color-5)","background-image":"","background-repeat":"repeat","background-position":"center center","background-size":"auto","background-attachment":"scroll","background-type":"","background-media":"","overlay-type":"","overlay-color":"","overlay-opacity":"","overlay-gradient":""}},"footnotes":""},"categories":[8],"tags":[26038,26037,2187,8288],"class_list":["post-76566","post","type-post","status-publish","format-standard","has-post-thumbnail","hentry","category-noticias","tag-elecciones-anticipadas-francia","tag-macron-derrotado-ultraderecha","tag-marine-le-pen","tag-parlamento-europeo"],"_links":{"self":[{"href":"https:\/\/losperiodistas.com.mx\/portal\/wp-json\/wp\/v2\/posts\/76566","targetHints":{"allow":["GET"]}}],"collection":[{"href":"https:\/\/losperiodistas.com.mx\/portal\/wp-json\/wp\/v2\/posts"}],"about":[{"href":"https:\/\/losperiodistas.com.mx\/portal\/wp-json\/wp\/v2\/types\/post"}],"author":[{"embeddable":true,"href":"https:\/\/losperiodistas.com.mx\/portal\/wp-json\/wp\/v2\/users\/1"}],"replies":[{"embeddable":true,"href":"https:\/\/losperiodistas.com.mx\/portal\/wp-json\/wp\/v2\/comments?post=76566"}],"version-history":[{"count":1,"href":"https:\/\/losperiodistas.com.mx\/portal\/wp-json\/wp\/v2\/posts\/76566\/revisions"}],"predecessor-version":[{"id":76570,"href":"https:\/\/losperiodistas.com.mx\/portal\/wp-json\/wp\/v2\/posts\/76566\/revisions\/76570"}],"wp:featuredmedia":[{"embeddable":true,"href":"https:\/\/losperiodistas.com.mx\/portal\/wp-json\/wp\/v2\/media\/76569"}],"wp:attachment":[{"href":"https:\/\/losperiodistas.com.mx\/portal\/wp-json\/wp\/v2\/media?parent=76566"}],"wp:term":[{"taxonomy":"category","embeddable":true,"href":"https:\/\/losperiodistas.com.mx\/portal\/wp-json\/wp\/v2\/categories?post=76566"},{"taxonomy":"post_tag","embeddable":true,"href":"https:\/\/losperiodistas.com.mx\/portal\/wp-json\/wp\/v2\/tags?post=76566"}],"curies":[{"name":"wp","href":"https:\/\/api.w.org\/{rel}","templated":true}]}}