{"id":76556,"date":"2024-06-10T01:16:06","date_gmt":"2024-06-10T06:16:06","guid":{"rendered":"http:\/\/losperiodistas.com.mx\/portal\/?p=76556"},"modified":"2024-06-10T01:16:09","modified_gmt":"2024-06-10T06:16:09","slug":"recibe-armenta-constancia-de-mayoria-que-lo-acredita-como-gobernador-electo-de-puebla","status":"publish","type":"post","link":"https:\/\/losperiodistas.com.mx\/portal\/recibe-armenta-constancia-de-mayoria-que-lo-acredita-como-gobernador-electo-de-puebla\/","title":{"rendered":"Armenta recibe constancia de mayor\u00eda que lo acredita como gobernador electo de Puebla; el m\u00e1s votado de la historia | La Jornada"},"content":{"rendered":"\n<figure class=\"wp-block-embed is-type-video is-provider-youtube wp-block-embed-youtube wp-embed-aspect-16-9 wp-has-aspect-ratio\"><div class=\"wp-block-embed__wrapper\">\n<iframe title=\"Entrega IEE constancia de mayor\u00eda al morenista Alejandro Armenta como pr\u00f3ximo gobernador de Puebla\" width=\"500\" height=\"281\" src=\"https:\/\/www.youtube.com\/embed\/LsiC5NrXCNg?feature=oembed\" frameborder=\"0\" allow=\"accelerometer; autoplay; clipboard-write; encrypted-media; gyroscope; picture-in-picture; web-share\" referrerpolicy=\"strict-origin-when-cross-origin\" allowfullscreen><\/iframe>\n<\/div><figcaption>Recibe Armenta constancia de mayor\u00eda que lo acredita como gobernador electo de Puebla<\/figcaption><\/figure>\n\n\n\n<p class=\"has-vivid-red-color has-text-color\">Yadira Llaven Anzures \/ La Jornada de Oriente<\/p>\n\n\n\n<p>En medio de porras y una concentraci\u00f3n de cientos de simpatizantes frente a las oficinas del Instituto Electoral del Estado (IEE), el morenista <strong>Alejandro Armenta Mier recibi\u00f3 este domingo la constancia de mayor\u00eda que lo acredita como el pr\u00f3ximo gobernador del estado para el periodo 2024-2030<\/strong>.<\/p>\n\n\n\n<p>En el acto protocolario, efectuado en las instalaciones del organismo electoral en San Felipe Hueyotlipan, se dieron cita tanto seguidores del movimiento fundado por Andr\u00e9s Manuel L\u00f3pez Obrador como alcaldes y legisladores electos, entre ellos, Jos\u00e9 Chedraui Budib, Ignacio Mier, Rosario Orozco, viuda de Miguel Barbosa, y Julio Huerta.<\/p>\n\n\n\n<p>En muletas, Armenta Mier arrib\u00f3 alrededor de las 12:15 horas al IEE, despu\u00e9s de haber sido intervenido quir\u00fargicamente d\u00edas atr\u00e1s por un malestar en el tobillo.<\/p>\n\n\n\n<p>Afuera, centenares de morenistas arroparon al senador con licencia, mientras coreaban \u201cgobernador\u201d, \u201cgobernador\u201d, a la espera de su salida para poder saludarlo y estrecharle la mano.<\/p>\n\n\n\n<p>Al interior, se instal\u00f3 la sesi\u00f3n extraordinaria del Consejo General del Instituto Electoral, con un quorum de 15 consejeros, para entregar la constancia de mayor\u00eda al morenista.<\/p>\n\n\n\n<p><strong>Con un mill\u00f3n 908 mil 954 votos de acuerdo con el c\u00f3mputo final de la elecci\u00f3n de gobernador, que incluye la votaci\u00f3n emitida en el extranjero, Alejandro Armenta se convirti\u00f3 en el candidato m\u00e1s votado en la historia de Puebla<\/strong>.<\/p>\n\n\n\n<p>La votaci\u00f3n a favor de Alejandro Armenta representa 59.52 por ciento de las preferencias electorales, votaci\u00f3n que super\u00f3 las metas establecidas al arranque de la campa\u00f1a de un mill\u00f3n 877 mil sufragios, para la elecci\u00f3n poblana. <\/p>\n\n\n\n<p>Acompa\u00f1ado de su esposa Cecilia Arellano y de sus hijos Alejandro, Cecilia y Cristi, el gobernador electo afirm\u00f3 que \u201cla democracia en nuestro pa\u00eds ha evolucionado con un proceso ciudadano que es el principal tesoro que debemos cuidar y este \u00f3rgano electoral es una muestra de ello\u201d.<\/p>\n\n\n\n<p>En su mensaje, destac\u00f3 que se cierra la etapa de la competencia y se da inicio a la construcci\u00f3n de una nueva gobernabilidad.<\/p>\n\n\n\n<p>Dijo que las elecciones bajo procesos democr\u00e1ticos dan legitimidad y legalidad a la autoridad, por lo que ahora agreg\u00f3 \u201cnos toca construir una nueva gobernabilidad a partir del 14 de diciembre\u201d.<\/p>\n\n\n\n<p>Expuso que los pr\u00f3ximos seis meses que restan, antes de asumir el cargo, la ruta de la transici\u00f3n se har\u00e1 de manera respetuosa, cordial y generosa, por la propia vocaci\u00f3n conciliadora del gobernador Salom\u00f3n C\u00e9spedes Peregrina.<\/p>\n\n\n\n<h2 class=\"wp-block-heading\">Puebla es prioridad en la agenda de Claudia Sheinbaum<\/h2>\n\n\n\n<figure class=\"wp-block-embed is-type-video is-provider-youtube wp-block-embed-youtube wp-embed-aspect-16-9 wp-has-aspect-ratio\"><div class=\"wp-block-embed__wrapper\">\n<iframe title=\"Para Claudia Sheinbaum Puebla es una prioridad en la agenda nacional, informa Armenta\" width=\"500\" height=\"281\" src=\"https:\/\/www.youtube.com\/embed\/swzgtJ0coEk?feature=oembed\" frameborder=\"0\" allow=\"accelerometer; autoplay; clipboard-write; encrypted-media; gyroscope; picture-in-picture; web-share\" referrerpolicy=\"strict-origin-when-cross-origin\" allowfullscreen><\/iframe>\n<\/div><figcaption>Puebla es prioridad en la agenda de Sheinbaum<\/figcaption><\/figure>\n\n\n\n<p>Alejandro Armenta agradeci\u00f3 a los dirigentes de los partidos pol\u00edticos que integraron la megacoalici\u00f3n Sigamos Haciendo Historia por su apoyo, as\u00ed como a las alcaldes y legisladores electos, a su familia y a su padre Rafael Armenta, quien estuvo presente en la entrega de la constancia.<\/p>\n\n\n\n<p>Tambi\u00e9n reconoci\u00f3 la labor democr\u00e1tica de miles de poblanos que cuidaron el proceso electoral como funcionarios de casilla, luego de afirmar que la votaci\u00f3n se llev\u00f3 bajo el escrutinio p\u00fablico de poblanos que vigilaron que la voluntad ciudadana se respetara.\u00a0\u00a0<\/p>\n\n\n\n<p><em>\u201cNuestra gratitud a esos miles de hombres y mujeres que materializaron con su representaci\u00f3n y cuidado la jornada, a los representantes de todos los partidos pol\u00edticos por su vocaci\u00f3n democr\u00e1tica, a los contendientes Eduardo Rivera y Fernando Morales que participaron en el proceso\u201d<\/em>, enfatiz\u00f3.<\/p>\n\n\n\n<h2 class=\"wp-block-heading\">El triunfo electoral es por AMLO<\/h2>\n\n\n\n<p>Armenta Mier dej\u00f3 en claro que el triunfo electoral de la coalici\u00f3n \u201cSigamos haciendo historia\u201d es el de un proyecto de naci\u00f3n encabezado por el presidente Andr\u00e9s Manuel, por lo que subray\u00f3 \u201cque no haya la menor duda de ello\u201d.<\/p>\n\n\n\n<blockquote class=\"wp-block-quote is-layout-flow wp-block-quote-is-layout-flow\"><p><em>\u201cEl triunfo electoral en todo el pa\u00eds y en Puebla es el resultado de una pol\u00edtica social basado en el humanismo y que en esta etapa la doctora Sheinbaum Pardo lo va a encabezar\u201d<\/em>, se\u00f1al\u00f3.<\/p><\/blockquote>\n\n\n\n<p>Al final, coment\u00f3 que este domingo por la ma\u00f1ana sostuvo comunicaci\u00f3n con la presidenta electa \u201cpara dialogar los temas que vienen para el estado, porque Puebla es una prioridad en el desarrollo de nuestra naci\u00f3n\u201d.<\/p>\n","protected":false},"excerpt":{"rendered":"<p>Alejandro Armenta es el gobernador electo m\u00e1s votado de la historia<\/p>\n","protected":false},"author":1,"featured_media":76557,"comment_status":"open","ping_status":"open","sticky":false,"template":"","format":"standard","meta":{"site-sidebar-layout":"default","site-content-layout":"","ast-site-content-layout":"default","site-content-style":"default","site-sidebar-style":"default","ast-global-header-display":"","ast-banner-title-visibility":"","ast-main-header-display":"","ast-hfb-above-header-display":"","ast-hfb-below-header-display":"","ast-hfb-mobile-header-display":"","site-post-title":"","ast-breadcrumbs-content":"","ast-featured-img":"","footer-sml-layout":"","theme-transparent-header-meta":"","adv-header-id-meta":"","stick-header-meta":"","header-above-stick-meta":"","header-main-stick-meta":"","header-below-stick-meta":"","astra-migrate-meta-layouts":"default","ast-page-background-enabled":"default","ast-page-background-meta":{"desktop":{"background-color":"var(--ast-global-color-4)","background-image":"","background-repeat":"repeat","background-position":"center center","background-size":"auto","background-attachment":"scroll","background-type":"","background-media":"","overlay-type":"","overlay-color":"","overlay-opacity":"","overlay-gradient":""},"tablet":{"background-color":"","background-image":"","background-repeat":"repeat","background-position":"center center","background-size":"auto","background-attachment":"scroll","background-type":"","background-media":"","overlay-type":"","overlay-color":"","overlay-opacity":"","overlay-gradient":""},"mobile":{"background-color":"","background-image":"","background-repeat":"repeat","background-position":"center center","background-size":"auto","background-attachment":"scroll","background-type":"","background-media":"","overlay-type":"","overlay-color":"","overlay-opacity":"","overlay-gradient":""}},"ast-content-background-meta":{"desktop":{"background-color":"var(--ast-global-color-5)","background-image":"","background-repeat":"repeat","background-position":"center center","background-size":"auto","background-attachment":"scroll","background-type":"","background-media":"","overlay-type":"","overlay-color":"","overlay-opacity":"","overlay-gradient":""},"tablet":{"background-color":"var(--ast-global-color-5)","background-image":"","background-repeat":"repeat","background-position":"center center","background-size":"auto","background-attachment":"scroll","background-type":"","background-media":"","overlay-type":"","overlay-color":"","overlay-opacity":"","overlay-gradient":""},"mobile":{"background-color":"var(--ast-global-color-5)","background-image":"","background-repeat":"repeat","background-position":"center center","background-size":"auto","background-attachment":"scroll","background-type":"","background-media":"","overlay-type":"","overlay-color":"","overlay-opacity":"","overlay-gradient":""}},"footnotes":""},"categories":[8],"tags":[3642,1505,26031,26032,13297],"class_list":["post-76556","post","type-post","status-publish","format-standard","has-post-thumbnail","hentry","category-noticias","tag-alejandro-armenta","tag-claudia-sheinbaum","tag-contancia-de-mayoria","tag-gobernador-elector-de-puebla","tag-iee"],"_links":{"self":[{"href":"https:\/\/losperiodistas.com.mx\/portal\/wp-json\/wp\/v2\/posts\/76556","targetHints":{"allow":["GET"]}}],"collection":[{"href":"https:\/\/losperiodistas.com.mx\/portal\/wp-json\/wp\/v2\/posts"}],"about":[{"href":"https:\/\/losperiodistas.com.mx\/portal\/wp-json\/wp\/v2\/types\/post"}],"author":[{"embeddable":true,"href":"https:\/\/losperiodistas.com.mx\/portal\/wp-json\/wp\/v2\/users\/1"}],"replies":[{"embeddable":true,"href":"https:\/\/losperiodistas.com.mx\/portal\/wp-json\/wp\/v2\/comments?post=76556"}],"version-history":[{"count":1,"href":"https:\/\/losperiodistas.com.mx\/portal\/wp-json\/wp\/v2\/posts\/76556\/revisions"}],"predecessor-version":[{"id":76558,"href":"https:\/\/losperiodistas.com.mx\/portal\/wp-json\/wp\/v2\/posts\/76556\/revisions\/76558"}],"wp:featuredmedia":[{"embeddable":true,"href":"https:\/\/losperiodistas.com.mx\/portal\/wp-json\/wp\/v2\/media\/76557"}],"wp:attachment":[{"href":"https:\/\/losperiodistas.com.mx\/portal\/wp-json\/wp\/v2\/media?parent=76556"}],"wp:term":[{"taxonomy":"category","embeddable":true,"href":"https:\/\/losperiodistas.com.mx\/portal\/wp-json\/wp\/v2\/categories?post=76556"},{"taxonomy":"post_tag","embeddable":true,"href":"https:\/\/losperiodistas.com.mx\/portal\/wp-json\/wp\/v2\/tags?post=76556"}],"curies":[{"name":"wp","href":"https:\/\/api.w.org\/{rel}","templated":true}]}}