{"id":76552,"date":"2024-06-10T00:22:48","date_gmt":"2024-06-10T05:22:48","guid":{"rendered":"http:\/\/losperiodistas.com.mx\/portal\/?p=76552"},"modified":"2024-06-10T00:22:55","modified_gmt":"2024-06-10T05:22:55","slug":"asi-se-posicionan-los-partidos-politicos-en-puebla-tras-elecciones","status":"publish","type":"post","link":"https:\/\/losperiodistas.com.mx\/portal\/asi-se-posicionan-los-partidos-politicos-en-puebla-tras-elecciones\/","title":{"rendered":"As\u00ed se posicionan los partidos pol\u00edticos en Puebla tras elecciones"},"content":{"rendered":"\n<p>De los 3 millones 244 mil 947 de sufragios, 2 mil 199 fueron para candidaturas no registradas fueron y 145 mil 294 fueron votos nulos<\/p>\n\n\n\n<figure class=\"wp-block-image size-full\"><img fetchpriority=\"high\" decoding=\"async\" width=\"955\" height=\"635\" src=\"https:\/\/losperiodistas.com.mx\/portal\/wp-content\/uploads\/2024\/06\/Captura-de-pantalla-2024-06-09-230222.png\" alt=\"Foto: e-consulta\" class=\"wp-image-76553\" srcset=\"https:\/\/losperiodistas.com.mx\/portal\/wp-content\/uploads\/2024\/06\/Captura-de-pantalla-2024-06-09-230222.png 955w, https:\/\/losperiodistas.com.mx\/portal\/wp-content\/uploads\/2024\/06\/Captura-de-pantalla-2024-06-09-230222-300x199.png 300w, https:\/\/losperiodistas.com.mx\/portal\/wp-content\/uploads\/2024\/06\/Captura-de-pantalla-2024-06-09-230222-768x511.png 768w\" sizes=\"(max-width: 955px) 100vw, 955px\" \/><figcaption>Foto: e-consulta<\/figcaption><\/figure>\n\n\n\n<p class=\"has-vivid-red-color has-text-color\">Nancy Camacho \/ E-Consulta<\/p>\n\n\n\n<p>Luego del proceso electoral 2024, la preferencia y posici\u00f3n por los partidos pol\u00edticos en Puebla tom\u00f3 un giro ya que <strong>Morena<\/strong> se convirti\u00f3 en <strong>la<\/strong> <strong>primera fuerza pol\u00edtica<\/strong> con un total de <strong>un mill\u00f3n 415 mil 690 sufragios<\/strong> para candidatos a cargos de elecci\u00f3n federal.<\/p>\n\n\n\n<p>De acuerdo con la distribuci\u00f3n final de votos para las fuerzas pol\u00edticas, el Partido Acci\u00f3n Nacional (PAN) qued\u00f3 en <strong>segundo lugar<\/strong> con <strong>536 mil 630 votos <\/strong>y el Partido Verde Ecologista de M\u00e9xico (PVEM) se posicion\u00f3 como la <strong>tercera fuerza<\/strong>, con <strong>324 mil 994 papeletas <\/strong>a favor.<\/p>\n\n\n\n<p>Movimiento Ciudadano (MC) lleg\u00f3 al <strong>cuarto lugar<\/strong> con <strong>270 mil 298 sufragios<\/strong>; el Partido Revolucionario Institucional (PRI) qued\u00f3 en quinto esca\u00f1o tras obtener solamente <strong>267 mil 592 votos<\/strong>.<\/p>\n\n\n\n<p>El <strong>sexto y s\u00e9ptimo lugar<\/strong> fueron para el Partido del Trabajo (PT) que obtuvo un total de <strong>227 mil 742 papeletas<\/strong> y el Partido de la Revoluci\u00f3n Democr\u00e1tica (PRD), que registr\u00f3 <strong>54 mil 508 sufragios<\/strong>.<\/p>\n\n\n\n<p>Las votaciones para candidaturas no registradas fueron <strong>dos mil 199<\/strong>; los votos nulos, <strong>145 mil 294<\/strong>, casi el triple de lo que alcanz\u00f3 el PRD. La participaci\u00f3n total en la entidad poblana fue de <strong>tres millones 244 mil 947 de electores<\/strong>.<\/p>\n\n\n\n<h2 class=\"wp-block-heading\"><strong>As\u00ed fueron los votos por alianza<\/strong><\/h2>\n\n\n\n<ul class=\"wp-block-list\"><li>Verde, PT y Morena: 66 mil 731 votos.<\/li><li>PAN, PRI y PRD: 31 mil 688 votos.<\/li><li>Verde y Morena: 20 mil 817 votos.<\/li><li>PT y Morena: 17 mil 988 votos.<\/li><li>PAN y PRI: 13 mil 594 votos.<\/li><li>Verde y PT: 10 mil 93 votos.<\/li><li>PAN y PRD :2 mil 453 votos.<\/li><li>PRI y PRD: mil 44 votos.<\/li><\/ul>\n\n\n\n<p>Cabe aclarar que al tratarse de votaciones del \u00edndole federal, en este caso de <strong>perfiles al Senado<\/strong>, no aparecen partidos estatales que en Puebla son <strong>Pacto Social de Integraci\u00f3n<\/strong> (PSI), <strong>Fuerza por M\u00e9xico <\/strong>(FxM) y <strong>Nueva Alianza<\/strong>.(JRLM)<\/p>\n\n\n\n<figure class=\"wp-block-image size-full\"><img decoding=\"async\" width=\"704\" height=\"909\" src=\"https:\/\/losperiodistas.com.mx\/portal\/wp-content\/uploads\/2024\/06\/Captura-de-pantalla-2024-06-09-230459.png\" alt=\"\" class=\"wp-image-76554\" srcset=\"https:\/\/losperiodistas.com.mx\/portal\/wp-content\/uploads\/2024\/06\/Captura-de-pantalla-2024-06-09-230459.png 704w, https:\/\/losperiodistas.com.mx\/portal\/wp-content\/uploads\/2024\/06\/Captura-de-pantalla-2024-06-09-230459-232x300.png 232w\" sizes=\"(max-width: 704px) 100vw, 704px\" \/><figcaption>Total de votos en la entidad federativa<\/figcaption><\/figure>\n\n\n\n<p>Fuente: <a href=\"https:\/\/www.e-consulta.com\/nota\/2024-06-09\/elecciones\/asi-se-posicionan-los-partidos-politicos-en-puebla-tras-elecciones\" target=\"_blank\" rel=\"noreferrer noopener\">E-Consulta<\/a><\/p>\n","protected":false},"excerpt":{"rendered":"<p>De los 3 millones 244 mil 947 de sufragios, 2 mil 199 fueron para candidaturas no registradas fueron y 145 mil 294 fueron votos nulos<\/p>\n","protected":false},"author":1,"featured_media":76553,"comment_status":"open","ping_status":"open","sticky":false,"template":"","format":"standard","meta":{"site-sidebar-layout":"default","site-content-layout":"","ast-site-content-layout":"default","site-content-style":"default","site-sidebar-style":"default","ast-global-header-display":"","ast-banner-title-visibility":"","ast-main-header-display":"","ast-hfb-above-header-display":"","ast-hfb-below-header-display":"","ast-hfb-mobile-header-display":"","site-post-title":"","ast-breadcrumbs-content":"","ast-featured-img":"","footer-sml-layout":"","theme-transparent-header-meta":"","adv-header-id-meta":"","stick-header-meta":"","header-above-stick-meta":"","header-main-stick-meta":"","header-below-stick-meta":"","astra-migrate-meta-layouts":"default","ast-page-background-enabled":"default","ast-page-background-meta":{"desktop":{"background-color":"var(--ast-global-color-4)","background-image":"","background-repeat":"repeat","background-position":"center center","background-size":"auto","background-attachment":"scroll","background-type":"","background-media":"","overlay-type":"","overlay-color":"","overlay-opacity":"","overlay-gradient":""},"tablet":{"background-color":"","background-image":"","background-repeat":"repeat","background-position":"center center","background-size":"auto","background-attachment":"scroll","background-type":"","background-media":"","overlay-type":"","overlay-color":"","overlay-opacity":"","overlay-gradient":""},"mobile":{"background-color":"","background-image":"","background-repeat":"repeat","background-position":"center center","background-size":"auto","background-attachment":"scroll","background-type":"","background-media":"","overlay-type":"","overlay-color":"","overlay-opacity":"","overlay-gradient":""}},"ast-content-background-meta":{"desktop":{"background-color":"var(--ast-global-color-5)","background-image":"","background-repeat":"repeat","background-position":"center center","background-size":"auto","background-attachment":"scroll","background-type":"","background-media":"","overlay-type":"","overlay-color":"","overlay-opacity":"","overlay-gradient":""},"tablet":{"background-color":"var(--ast-global-color-5)","background-image":"","background-repeat":"repeat","background-position":"center center","background-size":"auto","background-attachment":"scroll","background-type":"","background-media":"","overlay-type":"","overlay-color":"","overlay-opacity":"","overlay-gradient":""},"mobile":{"background-color":"var(--ast-global-color-5)","background-image":"","background-repeat":"repeat","background-position":"center center","background-size":"auto","background-attachment":"scroll","background-type":"","background-media":"","overlay-type":"","overlay-color":"","overlay-opacity":"","overlay-gradient":""}},"footnotes":""},"categories":[8],"tags":[5486,247,248,4119,3445,1978,26030],"class_list":["post-76552","post","type-post","status-publish","format-standard","has-post-thumbnail","hentry","category-noticias","tag-elecciones-2024","tag-morena","tag-pan","tag-partido-verde","tag-prd","tag-pri","tag-proceso-electoral"],"_links":{"self":[{"href":"https:\/\/losperiodistas.com.mx\/portal\/wp-json\/wp\/v2\/posts\/76552","targetHints":{"allow":["GET"]}}],"collection":[{"href":"https:\/\/losperiodistas.com.mx\/portal\/wp-json\/wp\/v2\/posts"}],"about":[{"href":"https:\/\/losperiodistas.com.mx\/portal\/wp-json\/wp\/v2\/types\/post"}],"author":[{"embeddable":true,"href":"https:\/\/losperiodistas.com.mx\/portal\/wp-json\/wp\/v2\/users\/1"}],"replies":[{"embeddable":true,"href":"https:\/\/losperiodistas.com.mx\/portal\/wp-json\/wp\/v2\/comments?post=76552"}],"version-history":[{"count":1,"href":"https:\/\/losperiodistas.com.mx\/portal\/wp-json\/wp\/v2\/posts\/76552\/revisions"}],"predecessor-version":[{"id":76555,"href":"https:\/\/losperiodistas.com.mx\/portal\/wp-json\/wp\/v2\/posts\/76552\/revisions\/76555"}],"wp:featuredmedia":[{"embeddable":true,"href":"https:\/\/losperiodistas.com.mx\/portal\/wp-json\/wp\/v2\/media\/76553"}],"wp:attachment":[{"href":"https:\/\/losperiodistas.com.mx\/portal\/wp-json\/wp\/v2\/media?parent=76552"}],"wp:term":[{"taxonomy":"category","embeddable":true,"href":"https:\/\/losperiodistas.com.mx\/portal\/wp-json\/wp\/v2\/categories?post=76552"},{"taxonomy":"post_tag","embeddable":true,"href":"https:\/\/losperiodistas.com.mx\/portal\/wp-json\/wp\/v2\/tags?post=76552"}],"curies":[{"name":"wp","href":"https:\/\/api.w.org\/{rel}","templated":true}]}}