{"id":76542,"date":"2024-06-09T19:03:58","date_gmt":"2024-06-10T00:03:58","guid":{"rendered":"http:\/\/losperiodistas.com.mx\/portal\/?p=76542"},"modified":"2024-06-09T19:04:00","modified_gmt":"2024-06-10T00:04:00","slug":"ayuntamiento-dejara-60-mdp-para-la-proxima-administracion","status":"publish","type":"post","link":"https:\/\/losperiodistas.com.mx\/portal\/ayuntamiento-dejara-60-mdp-para-la-proxima-administracion\/","title":{"rendered":"Ayuntamiento dejar\u00e1 60 mdp para la pr\u00f3xima administraci\u00f3n | El Sol de Puebla"},"content":{"rendered":"\n<p>Se dijo que este monto es una cantidad aproximada y en su mayor\u00eda se trata de capital federal<\/p>\n\n\n\n<figure class=\"wp-block-image size-large\"><img fetchpriority=\"high\" decoding=\"async\" width=\"1024\" height=\"638\" src=\"https:\/\/losperiodistas.com.mx\/portal\/wp-content\/uploads\/2024\/06\/Captura-de-pantalla-2024-06-09-164440-1024x638.png\" alt=\"Ayto de Puebla\" class=\"wp-image-76543\" srcset=\"https:\/\/losperiodistas.com.mx\/portal\/wp-content\/uploads\/2024\/06\/Captura-de-pantalla-2024-06-09-164440-1024x638.png 1024w, https:\/\/losperiodistas.com.mx\/portal\/wp-content\/uploads\/2024\/06\/Captura-de-pantalla-2024-06-09-164440-300x187.png 300w, https:\/\/losperiodistas.com.mx\/portal\/wp-content\/uploads\/2024\/06\/Captura-de-pantalla-2024-06-09-164440-768x478.png 768w, https:\/\/losperiodistas.com.mx\/portal\/wp-content\/uploads\/2024\/06\/Captura-de-pantalla-2024-06-09-164440.png 1047w\" sizes=\"(max-width: 1024px) 100vw, 1024px\" \/><figcaption>Dejar\u00e1n un banco de entre 14 y 15 proyectos. Foto: Bibiana D\u00edaz \/ El Sol de Puebla<\/figcaption><\/figure>\n\n\n\n<p class=\"has-vivid-red-color has-text-color\">Martha Cuaya \/ El Sol de Puebla<\/p>\n\n\n\n<p>El<strong> Ayuntamiento de Puebla, <\/strong>encabezado por Ad\u00e1n Dom\u00ednguez S\u00e1nchez, dejar\u00e1 a la pr\u00f3xima administraci\u00f3n de Jos\u00e9 <strong>Chedraui Budib un recurso <\/strong>de alrededor de 60 millones de pesos para<strong> la ejecuci\u00f3n de obras, inform\u00f3 el titular <\/strong>de la Secretar\u00eda de Movilidad e Infraestructura, Edgar V\u00e9lez Tirado.<\/p>\n\n\n\n<p>De acuerdo con el funcionario, este monto es una cantidad aproximada y en su mayor\u00eda se trata de capital federal, el cual se entregar\u00e1 para que el nuevo alcalde pueda ejecutar obras del 15 de octubre al 31 de diciembre del 2024.<\/p>\n\n\n\n<p><strong>\u201cSe va a dejar recurso a la pr\u00f3xima administraci\u00f3n, el recurso que tenemos en la Secretar\u00eda de Movilidad e Infraestructura, la mayor parte, si no es que casi todo, es recurso federal para que pueda operar, son alrededor de 60 millones de pesos\u201d, <\/strong>dijo.<\/p>\n\n\n\n<h2 class=\"wp-block-heading\"><strong>Dejar\u00e1n un banco de 15 proyectos<\/strong><\/h2>\n\n\n\n<p>En tanto que, V\u00e9lez Tirado agreg\u00f3 que dejar\u00e1n un banco de entre 14 y 15 proyectos para que el nuevo gobierno municipal de la alianza Sigamos Haciendo Historia decida si son viables para ejecutarlos en su gesti\u00f3n.<\/p>\n\n\n\n<p>Detall\u00f3 que estas obras ya cuentan con un <strong>expediente y se transfirieron al Instituto Municipal de Planeaci\u00f3n Puebla (IMPLAN). Se trata de pavimentaciones y \u00e1reas verdes en la capital.<\/strong><\/p>\n\n\n\n<p><strong>\u201cLos proyectos son pavimentaciones, una l\u00ednea verde que traemos y algunos parques que tenemos y ya la nueva administraci\u00f3n podr\u00e1 retomar este banco para que en caso de verlos viales los ejecute\u201d,<\/strong> enfatiz\u00f3.<\/p>\n\n\n\n<p>En otro tenor, destac\u00f3 que la actual gesti\u00f3n municipal no heredar\u00e1 obras pendientes, pues ser\u00e1 en septiembre cuando culminen las 15 acciones de infraestructura que actualmente realizan para mejoramiento de la ciudad.<\/p>\n\n\n\n<p><strong><em>\u201cNo vamos a dejar ninguna obra abierta o inconclusa en el tema de la entrega recepci\u00f3n para la nueva administraci\u00f3n, ahorita estamos cerrando alrededor de 15 proyectos que son los que est\u00e1n en proceso y bueno nosotros estamos estimando que a mediados de septiembre ya tengamos todo el tema cerrado\u201d<\/em>, <\/strong>afirm\u00f3.<\/p>\n\n\n\n<p>Fuente: <a href=\"https:\/\/www.elsoldepuebla.com.mx\/local\/ayuntamiento-dejara-60-mdp-para-la-proxima-administracion-12059398.html\" target=\"_blank\" rel=\"noreferrer noopener\">El Sol de Puebla<\/a><\/p>\n","protected":false},"excerpt":{"rendered":"<p>Se dijo que este monto es una cantidad aproximada y en su mayor\u00eda se trata de capital federal <\/p>\n","protected":false},"author":1,"featured_media":76543,"comment_status":"open","ping_status":"open","sticky":false,"template":"","format":"standard","meta":{"site-sidebar-layout":"default","site-content-layout":"","ast-site-content-layout":"default","site-content-style":"default","site-sidebar-style":"default","ast-global-header-display":"","ast-banner-title-visibility":"","ast-main-header-display":"","ast-hfb-above-header-display":"","ast-hfb-below-header-display":"","ast-hfb-mobile-header-display":"","site-post-title":"","ast-breadcrumbs-content":"","ast-featured-img":"","footer-sml-layout":"","theme-transparent-header-meta":"","adv-header-id-meta":"","stick-header-meta":"","header-above-stick-meta":"","header-main-stick-meta":"","header-below-stick-meta":"","astra-migrate-meta-layouts":"default","ast-page-background-enabled":"default","ast-page-background-meta":{"desktop":{"background-color":"var(--ast-global-color-4)","background-image":"","background-repeat":"repeat","background-position":"center center","background-size":"auto","background-attachment":"scroll","background-type":"","background-media":"","overlay-type":"","overlay-color":"","overlay-opacity":"","overlay-gradient":""},"tablet":{"background-color":"","background-image":"","background-repeat":"repeat","background-position":"center center","background-size":"auto","background-attachment":"scroll","background-type":"","background-media":"","overlay-type":"","overlay-color":"","overlay-opacity":"","overlay-gradient":""},"mobile":{"background-color":"","background-image":"","background-repeat":"repeat","background-position":"center center","background-size":"auto","background-attachment":"scroll","background-type":"","background-media":"","overlay-type":"","overlay-color":"","overlay-opacity":"","overlay-gradient":""}},"ast-content-background-meta":{"desktop":{"background-color":"var(--ast-global-color-5)","background-image":"","background-repeat":"repeat","background-position":"center center","background-size":"auto","background-attachment":"scroll","background-type":"","background-media":"","overlay-type":"","overlay-color":"","overlay-opacity":"","overlay-gradient":""},"tablet":{"background-color":"var(--ast-global-color-5)","background-image":"","background-repeat":"repeat","background-position":"center center","background-size":"auto","background-attachment":"scroll","background-type":"","background-media":"","overlay-type":"","overlay-color":"","overlay-opacity":"","overlay-gradient":""},"mobile":{"background-color":"var(--ast-global-color-5)","background-image":"","background-repeat":"repeat","background-position":"center center","background-size":"auto","background-attachment":"scroll","background-type":"","background-media":"","overlay-type":"","overlay-color":"","overlay-opacity":"","overlay-gradient":""}},"footnotes":""},"categories":[8],"tags":[3578,191,26025,26024,21110,26023],"class_list":["post-76542","post","type-post","status-publish","format-standard","has-post-thumbnail","hentry","category-noticias","tag-adan-dominguez-sanchez","tag-ayuntamiento-de-puebla","tag-banco-de-proyectos","tag-ejecucion-de-obras","tag-jose-chedraui-budib","tag-recursos"],"_links":{"self":[{"href":"https:\/\/losperiodistas.com.mx\/portal\/wp-json\/wp\/v2\/posts\/76542","targetHints":{"allow":["GET"]}}],"collection":[{"href":"https:\/\/losperiodistas.com.mx\/portal\/wp-json\/wp\/v2\/posts"}],"about":[{"href":"https:\/\/losperiodistas.com.mx\/portal\/wp-json\/wp\/v2\/types\/post"}],"author":[{"embeddable":true,"href":"https:\/\/losperiodistas.com.mx\/portal\/wp-json\/wp\/v2\/users\/1"}],"replies":[{"embeddable":true,"href":"https:\/\/losperiodistas.com.mx\/portal\/wp-json\/wp\/v2\/comments?post=76542"}],"version-history":[{"count":1,"href":"https:\/\/losperiodistas.com.mx\/portal\/wp-json\/wp\/v2\/posts\/76542\/revisions"}],"predecessor-version":[{"id":76545,"href":"https:\/\/losperiodistas.com.mx\/portal\/wp-json\/wp\/v2\/posts\/76542\/revisions\/76545"}],"wp:featuredmedia":[{"embeddable":true,"href":"https:\/\/losperiodistas.com.mx\/portal\/wp-json\/wp\/v2\/media\/76543"}],"wp:attachment":[{"href":"https:\/\/losperiodistas.com.mx\/portal\/wp-json\/wp\/v2\/media?parent=76542"}],"wp:term":[{"taxonomy":"category","embeddable":true,"href":"https:\/\/losperiodistas.com.mx\/portal\/wp-json\/wp\/v2\/categories?post=76542"},{"taxonomy":"post_tag","embeddable":true,"href":"https:\/\/losperiodistas.com.mx\/portal\/wp-json\/wp\/v2\/tags?post=76542"}],"curies":[{"name":"wp","href":"https:\/\/api.w.org\/{rel}","templated":true}]}}