{"id":76534,"date":"2024-06-09T16:00:09","date_gmt":"2024-06-09T21:00:09","guid":{"rendered":"http:\/\/losperiodistas.com.mx\/portal\/?p=76534"},"modified":"2024-06-28T15:42:50","modified_gmt":"2024-06-28T20:42:50","slug":"estos-son-los-4-asuntos-prioritarios-que-debe-resolver-claudia-sheinbaum","status":"publish","type":"post","link":"https:\/\/losperiodistas.com.mx\/portal\/estos-son-los-4-asuntos-prioritarios-que-debe-resolver-claudia-sheinbaum\/","title":{"rendered":"\u00bfCu\u00e1les son los 4 asuntos prioritarios que debe resolver Claudia Sheinbaum? | Encuesta EF"},"content":{"rendered":"\n<p>La virtual ganadora de la elecci\u00f3n presidencial 2024, Claudia Sheinbaum Pardo, consigui\u00f3 el respaldo de la mayor\u00eda de los mexicanos votantes, pero \u00bfa qu\u00e9 debe darle prioridad? Estos son los resultados de la Encuesta El Financiero.<\/p>\n\n\n\n<figure class=\"wp-block-image size-full\"><img fetchpriority=\"high\" decoding=\"async\" width=\"997\" height=\"537\" src=\"https:\/\/losperiodistas.com.mx\/portal\/wp-content\/uploads\/2024\/06\/Captura-de-pantalla-2024-06-09-143853.png\" alt=\"Claudia Sheinbaum, virtual ganadora\" class=\"wp-image-76535\" srcset=\"https:\/\/losperiodistas.com.mx\/portal\/wp-content\/uploads\/2024\/06\/Captura-de-pantalla-2024-06-09-143853.png 997w, https:\/\/losperiodistas.com.mx\/portal\/wp-content\/uploads\/2024\/06\/Captura-de-pantalla-2024-06-09-143853-300x162.png 300w, https:\/\/losperiodistas.com.mx\/portal\/wp-content\/uploads\/2024\/06\/Captura-de-pantalla-2024-06-09-143853-768x414.png 768w\" sizes=\"(max-width: 997px) 100vw, 997px\" \/><figcaption>Claudia Sheinbaum es la virtual ganadora de la elecci\u00f3n presidencial 2024. <\/figcaption><\/figure>\n\n\n\n<p>Junio 9 de 2024<\/p>\n\n\n\n<p class=\"has-vivid-red-color has-text-color\">Redacci\u00f3n \/ El Financiero<\/p>\n\n\n\n<p>Claudia Sheinbaum pasar\u00e1 a la historia como la primera mujer presidenta de M\u00e9xico, debido a que <strong>logr\u00f3 ganar el voto de m\u00e1s de 30 millones de mexicanos<\/strong> durante la elecci\u00f3n presidencial 2024 del pasado domingo 2 de junio.<\/p>\n\n\n\n<div class=\"wp-block-image\"><figure class=\"alignright size-full\"><img decoding=\"async\" width=\"300\" height=\"300\" src=\"https:\/\/losperiodistas.com.mx\/portal\/wp-content\/uploads\/2024\/06\/LOSPERIODISTAS_300X300-1-4.jpg\" alt=\"\" class=\"wp-image-78059\" srcset=\"https:\/\/losperiodistas.com.mx\/portal\/wp-content\/uploads\/2024\/06\/LOSPERIODISTAS_300X300-1-4.jpg 300w, https:\/\/losperiodistas.com.mx\/portal\/wp-content\/uploads\/2024\/06\/LOSPERIODISTAS_300X300-1-4-150x150.jpg 150w\" sizes=\"(max-width: 300px) 100vw, 300px\" \/><\/figure><\/div>\n\n\n\n<p>Luego de arrasar en las votaciones, Claudia Sheinbaum tendr\u00e1 la responsabilidad de atender las problem\u00e1ticas que le preocupan a la mayor\u00eda de mexicanos. Por eso <strong>es importante conocer cu\u00e1les son los asuntos prioritarios para el pr\u00f3ximo gobierno<\/strong>.<\/p>\n\n\n\n<h2 class=\"wp-block-heading\">\u00bfCu\u00e1les son los asuntos prioritarios que deber\u00e1 atender Claudia Sheinbaum?<\/h2>\n\n\n\n<p>La encuesta de El Financiero m\u00e1s reciente establece que <strong>Claudia Sheinbaum tendr\u00e1 la responsabilidad de atender cuatro asuntos relevantes durante su sexenio<\/strong>, tales como:<\/p>\n\n\n\n<ul class=\"wp-block-list\"><li><strong>Combatir la inseguridad:<\/strong> 31 por ciento de las personas entrevistadas al salir de las casillas electorales consider\u00f3 que la inseguridad es el asunto prioritario del pa\u00eds. De ellos, 53 por ciento emiti\u00f3 su voto en favor de Claudia Sheinbaum indica el ejercicio.<\/li><li><strong>Impulsar la econom\u00eda:<\/strong> 29 por ciento de los ciudadanos consultados al salir de las casillas el pasado 2 de junio prioriza la creaci\u00f3n de empleos y oportunidades econ\u00f3micas. De ellos, 65 por ciento emiti\u00f3 su sufragio a favor de la candidata presidencial de Morena.<\/li><li><strong>Combate a la corrupci\u00f3n: <\/strong>19 por ciento de las personas consultadas piensa que se trata de un asunto prioritario. De ese grupo, 59 por ciento de ellos tach\u00f3 la boleta presidencial a favor de Claudia Sheinbaum.<\/li><li><strong>Reducir la pobreza:<\/strong> 16 por ciento de las personas entrevistadas cree que la reducci\u00f3n de la pobreza es el asunto prioritario para el pr\u00f3ximo sexenio. De ellos, 69 por ciento emiti\u00f3 un voto a favor de la candidata de la coalici\u00f3n \u2018Sigamos Haciendo Historia\u2019, de acuerdo con los resultados de la Encuesta El Financiero.<\/li><\/ul>\n\n\n\n<figure class=\"wp-block-image size-large\"><img decoding=\"async\" width=\"1024\" height=\"507\" src=\"https:\/\/losperiodistas.com.mx\/portal\/wp-content\/uploads\/2024\/06\/Captura-de-pantalla-2024-06-09-144949-1024x507.png\" alt=\"\" class=\"wp-image-76536\" srcset=\"https:\/\/losperiodistas.com.mx\/portal\/wp-content\/uploads\/2024\/06\/Captura-de-pantalla-2024-06-09-144949-1024x507.png 1024w, https:\/\/losperiodistas.com.mx\/portal\/wp-content\/uploads\/2024\/06\/Captura-de-pantalla-2024-06-09-144949-300x149.png 300w, https:\/\/losperiodistas.com.mx\/portal\/wp-content\/uploads\/2024\/06\/Captura-de-pantalla-2024-06-09-144949-768x380.png 768w, https:\/\/losperiodistas.com.mx\/portal\/wp-content\/uploads\/2024\/06\/Captura-de-pantalla-2024-06-09-144949.png 1197w\" sizes=\"(max-width: 1024px) 100vw, 1024px\" \/><figcaption>Los electores consideran que Claudia Sheinbaum deber\u00e1 priorizar el combate a la inseguridad, seg\u00fan la Encuesta El Financiero.<\/figcaption><\/figure>\n\n\n\n<p>Es importante subrayar que el combate a la inseguridad <strong>fue el \u00fanico asunto que aument\u00f3 en comparaci\u00f3n con la elecci\u00f3n presidencial de 2018. <\/strong>Al observar ambos ejercicios estad\u00edsticos se denota una proporci\u00f3n de 7 puntos m\u00e1s alta este a\u00f1o.<\/p>\n\n\n\n<h2 class=\"wp-block-heading\">M\u00e1s de la mitad de los mexicanos ya sab\u00eda por qui\u00e9n iba a votar<\/h2>\n\n\n\n<p>\u00bfVoto indeciso? Durante las elecciones presidenciales 2024 no se present\u00f3 esta situaci\u00f3n, dado que <strong>55 por ciento de los electores ya hab\u00eda decidido su voto desde antes de las campa\u00f1as<\/strong> y esa proporci\u00f3n es 9 puntos mayor en comparaci\u00f3n con las elecciones 2018, seg\u00fan los resultados de la Encuesta El Financiero.<\/p>\n\n\n\n<p>Del total de mexicanos que hab\u00edan decidido su voto de manera preliminar, Claudia Sheinbaum <strong>obtuvo 70 por ciento de los sufragios, <\/strong>X\u00f3chitl G\u00e1lvez,<strong> 26 por ciento, y <\/strong>Jorge \u00c1lvarez M\u00e1ynez<strong> consigui\u00f3 apenas el 4 por ciento<\/strong>.<\/p>\n\n\n\n<p>Otro factor a considerar es la edad de los ciudadanos, debido a que <strong>\u00fanicamente particip\u00f3 12 por ciento de los votantes de entre 18 y 24 a\u00f1os<\/strong>, un nivel menor frente al 16 por ciento que se registr\u00f3 seis a\u00f1os atr\u00e1s. <strong>Aqu\u00ed Sheinbaum obtuvo 52 por ciento<\/strong>, mientras que el restante se dividi\u00f3 en 24 por ciento para G\u00e1lvez y 24 por ciento para M\u00e1ynez.<\/p>\n\n\n\n<p>En contraste, 27 por ciento de <strong>los votantes mayores de 55 a\u00f1os <\/strong>acudi\u00f3 a votar, una proporci\u00f3n mayor al 19 por ciento registrado en las elecciones presidenciales anteriores. Este <strong>fue el segmento poblacional en el que Sheinbaum obtuvo mayor apoyo<\/strong>, un nivel del 68 por ciento.<\/p>\n\n\n\n<p>En la Encuesta El Financiero tambi\u00e9n muestra que <strong>el respaldo para Sheinbaum fue m\u00e1s elevado entre los votantes <\/strong>que se describen como <strong>pertenecientes a la clase social baja<\/strong>, con 53 puntos de ventaja frente a G\u00e1lvez. Mientras que en la clase media-alta obtuvo una ventaja de 8 puntos.<\/p>\n\n\n\n<h2 class=\"wp-block-heading\">\u00bfY qu\u00e9 dicen los resultados del INE?<\/h2>\n\n\n\n<p>De acuerdo con los c\u00f3mputos distritales, estos son los resultados de la elecci\u00f3n:<\/p>\n\n\n\n<ul class=\"wp-block-list\"><li>Claudia Sheinbaum es la virtual ganadora de la elecci\u00f3n presidencial, con el 59.7598 por ciento de los votos.<\/li><li>X\u00f3chtil G\u00e1lvez consigui\u00f3 27.4518 por ciento de los sufragios.<\/li><li>Jorge \u00c1lvarez M\u00e1ynez, de Movimiento Ciudadano, reuni\u00f3 10.32 por ciento de apoyos.<\/li><\/ul>\n\n\n\n<p>Fuente: <a href=\"https:\/\/www.elfinanciero.com.mx\/encuestas-ef\/2024\/06\/09\/encuesta-ef-cuales-son-los-4-asuntos-prioritarios-que-debe-resolver-claudia-sheinbaum\/\" target=\"_blank\" rel=\"noreferrer noopener\">El Financiero<\/a><\/p>\n","protected":false},"excerpt":{"rendered":"<p>La virtual ganadora de la elecci\u00f3n presidencial 2024, Claudia Sheinbaum Pardo, consigui\u00f3 el respaldo de la mayor\u00eda de los mexicanos votantes, pero \u00bfa qu\u00e9 debe darle prioridad? Estos son los resultados de la Encuesta El Financiero.<\/p>\n","protected":false},"author":1,"featured_media":76535,"comment_status":"open","ping_status":"open","sticky":false,"template":"","format":"standard","meta":{"site-sidebar-layout":"default","site-content-layout":"","ast-site-content-layout":"default","site-content-style":"default","site-sidebar-style":"default","ast-global-header-display":"","ast-banner-title-visibility":"","ast-main-header-display":"","ast-hfb-above-header-display":"","ast-hfb-below-header-display":"","ast-hfb-mobile-header-display":"","site-post-title":"","ast-breadcrumbs-content":"","ast-featured-img":"","footer-sml-layout":"","theme-transparent-header-meta":"","adv-header-id-meta":"","stick-header-meta":"","header-above-stick-meta":"","header-main-stick-meta":"","header-below-stick-meta":"","astra-migrate-meta-layouts":"default","ast-page-background-enabled":"default","ast-page-background-meta":{"desktop":{"background-color":"var(--ast-global-color-4)","background-image":"","background-repeat":"repeat","background-position":"center center","background-size":"auto","background-attachment":"scroll","background-type":"","background-media":"","overlay-type":"","overlay-color":"","overlay-opacity":"","overlay-gradient":""},"tablet":{"background-color":"","background-image":"","background-repeat":"repeat","background-position":"center center","background-size":"auto","background-attachment":"scroll","background-type":"","background-media":"","overlay-type":"","overlay-color":"","overlay-opacity":"","overlay-gradient":""},"mobile":{"background-color":"","background-image":"","background-repeat":"repeat","background-position":"center center","background-size":"auto","background-attachment":"scroll","background-type":"","background-media":"","overlay-type":"","overlay-color":"","overlay-opacity":"","overlay-gradient":""}},"ast-content-background-meta":{"desktop":{"background-color":"var(--ast-global-color-5)","background-image":"","background-repeat":"repeat","background-position":"center center","background-size":"auto","background-attachment":"scroll","background-type":"","background-media":"","overlay-type":"","overlay-color":"","overlay-opacity":"","overlay-gradient":""},"tablet":{"background-color":"var(--ast-global-color-5)","background-image":"","background-repeat":"repeat","background-position":"center center","background-size":"auto","background-attachment":"scroll","background-type":"","background-media":"","overlay-type":"","overlay-color":"","overlay-opacity":"","overlay-gradient":""},"mobile":{"background-color":"var(--ast-global-color-5)","background-image":"","background-repeat":"repeat","background-position":"center center","background-size":"auto","background-attachment":"scroll","background-type":"","background-media":"","overlay-type":"","overlay-color":"","overlay-opacity":"","overlay-gradient":""}},"footnotes":""},"categories":[8],"tags":[26020,1505,5486,25766],"class_list":["post-76534","post","type-post","status-publish","format-standard","has-post-thumbnail","hentry","category-noticias","tag-asuntos-prioritarios","tag-claudia-sheinbaum","tag-elecciones-2024","tag-presidenta-de-mexico"],"_links":{"self":[{"href":"https:\/\/losperiodistas.com.mx\/portal\/wp-json\/wp\/v2\/posts\/76534","targetHints":{"allow":["GET"]}}],"collection":[{"href":"https:\/\/losperiodistas.com.mx\/portal\/wp-json\/wp\/v2\/posts"}],"about":[{"href":"https:\/\/losperiodistas.com.mx\/portal\/wp-json\/wp\/v2\/types\/post"}],"author":[{"embeddable":true,"href":"https:\/\/losperiodistas.com.mx\/portal\/wp-json\/wp\/v2\/users\/1"}],"replies":[{"embeddable":true,"href":"https:\/\/losperiodistas.com.mx\/portal\/wp-json\/wp\/v2\/comments?post=76534"}],"version-history":[{"count":2,"href":"https:\/\/losperiodistas.com.mx\/portal\/wp-json\/wp\/v2\/posts\/76534\/revisions"}],"predecessor-version":[{"id":78060,"href":"https:\/\/losperiodistas.com.mx\/portal\/wp-json\/wp\/v2\/posts\/76534\/revisions\/78060"}],"wp:featuredmedia":[{"embeddable":true,"href":"https:\/\/losperiodistas.com.mx\/portal\/wp-json\/wp\/v2\/media\/76535"}],"wp:attachment":[{"href":"https:\/\/losperiodistas.com.mx\/portal\/wp-json\/wp\/v2\/media?parent=76534"}],"wp:term":[{"taxonomy":"category","embeddable":true,"href":"https:\/\/losperiodistas.com.mx\/portal\/wp-json\/wp\/v2\/categories?post=76534"},{"taxonomy":"post_tag","embeddable":true,"href":"https:\/\/losperiodistas.com.mx\/portal\/wp-json\/wp\/v2\/tags?post=76534"}],"curies":[{"name":"wp","href":"https:\/\/api.w.org\/{rel}","templated":true}]}}