{"id":76527,"date":"2024-06-09T13:56:29","date_gmt":"2024-06-09T18:56:29","guid":{"rendered":"https:\/\/losperiodistas.com.mx\/portal\/?p=76527"},"modified":"2024-06-09T13:56:31","modified_gmt":"2024-06-09T18:56:31","slug":"adecentar-la-politica","status":"publish","type":"post","link":"https:\/\/losperiodistas.com.mx\/portal\/adecentar-la-politica\/","title":{"rendered":"Adecentar la pol\u00edtica"},"content":{"rendered":"\n<p class=\"has-medium-font-size\">#PorSoleares | <em>Errores centrales, ineficiencia, inexperiencia, soberbia, arrastraron a los candidatos y sus circunstancias<\/em><\/p>\n\n\n\n<p><\/p>\n\n\n\n<figure class=\"wp-block-embed is-type-video is-provider-youtube wp-block-embed-youtube wp-embed-aspect-16-9 wp-has-aspect-ratio\"><div class=\"wp-block-embed__wrapper\">\n<iframe title=\"Adecentar a la pol\u00edtica | junio 9 2024\" width=\"500\" height=\"281\" src=\"https:\/\/www.youtube.com\/embed\/MYf4Mzh6hWE?feature=oembed\" frameborder=\"0\" allow=\"accelerometer; autoplay; clipboard-write; encrypted-media; gyroscope; picture-in-picture; web-share\" referrerpolicy=\"strict-origin-when-cross-origin\" allowfullscreen><\/iframe>\n<\/div><\/figure>\n\n\n\n<p><\/p>\n\n\n\n<p><\/p>\n\n\n\n<p class=\"has-vivid-red-color has-text-color\" style=\"font-size:26px\"><strong><em>Por Jes\u00fas Manuel Hern\u00e1ndez<\/em><\/strong><\/p>\n\n\n\n<p>Ha resultado chocante la lista de innumerables justificaciones de la oposici\u00f3n por no haber ganado las elecciones, por desgracia, casi todos los candidatos culpan al contrario, ven la paja en el ojo ajeno, pero no en el propio.<\/p>\n\n\n\n<p>Una voz nacional apunta en otro sentido, la de <strong>Germ\u00e1n Mart\u00ednez C\u00e1zares<\/strong>, quiz\u00e1 el tipo de pol\u00edtico que est\u00e9 llamado a <strong>adecentar<\/strong> la actividad de la oposici\u00f3n, hasta ahora llena de suciedad y compromisos.<\/p>\n\n\n\n<p>\u00bfSe habr\u00e1 preguntado el equipo, no muy compacto, de X\u00f3chitl G\u00e1lvez, <strong>las verdaderas razones de la derrota<\/strong>?<\/p>\n\n\n\n<p>Los cercanos dec\u00edan de ella que ten\u00eda la capacidad y el entendimiento para plantarse frente a L\u00f3pez Obrador y que hab\u00eda asumido por completo el riesgo de que perdiendo ella, <strong>se abrir\u00eda el espacio para conseguir esca\u00f1os federales<\/strong>, a eso le apostaron quienes promovieron la llegada de X\u00f3chitl.<\/p>\n\n\n\n<p>Un ejemplo muy cercano lo vimos en Puebla. A <strong>Lalo Rivera le tom\u00f3 m\u00e1s tiempo del necesario<\/strong> decidir si aceptaba o no la candidatura para gobernador, a ciencia cierta no se sabe el por qu\u00e9, luego entonces la especulaci\u00f3n aflor\u00f3, ocup\u00f3 mucho tiempo en maniobrar sus intereses, meter a su esposa en la lista de plurinominales fue una <strong>se\u00f1al contradictoria para sus seguidores<\/strong>, algunos de ellos quedaron fuera de las candidaturas y <strong>advirtieron sobre la proximidad de la derrota<\/strong>.<\/p>\n\n\n\n<p>Un grupo presionaba para que Lalo buscara la <strong>reelecci\u00f3n por la capital<\/strong>, entend\u00eda ese grupo que el Estado se hab\u00eda volcado por Alejandro Armenta.<\/p>\n\n\n\n<p>Pero <strong>los \u201cgrillos\u201d le hablaron al o\u00eddo<\/strong> e incluso su influencia provoc\u00f3 el retraso en la conformaci\u00f3n de la planilla de <strong>Mario Riestra<\/strong>, bien calificado en el inicio, pero totalmente cercado por las negociaciones de Lalo.<\/p>\n\n\n\n<p>Pero los asesores de Rivera justificaban todo en aras de la tierra prometida, del triunfo.<\/p>\n\n\n\n<p>Un <strong>triunfo anhelado por d\u00e9cadas<\/strong>, un militante del PAN, probado, que siempre actu\u00f3 en consecuencia de quienes lo avalaron, los mismos que presionaron a Rafael Moreno Valle para que lo aceptara como candidato a Presidente Municipal, la primera vez, cuando los pron\u00f3sticos eran contrarios, la sentencia morenovallista era <strong>\u201cel PAN no gana solo\u201d<\/strong>, fue entonces cuando la especulaci\u00f3n lleg\u00f3 a voltear a buscar a Enrique Doger, pero el grupo aval presion\u00f3, y volvi\u00f3 a presionar, e hizo candidato a Lalo, el primer gran escal\u00f3n para la gubernatura, pensaron.<\/p>\n\n\n\n<p>En tiempo reciente esas fuerzas, ese peso al interior del PAN permiti\u00f3 la llegada de <strong>Tit\u00ed D\u00edaz de Rivera<\/strong> a la dirigencia estatal con la ficha oculta del control en manos de <strong>Marcos Castro Mart\u00ednez.<\/strong><\/p>\n\n\n\n<p>Curioso resulta ahora que <strong>Tit\u00ed quiere dejar en manos de Lalo la dirigencia estatal<\/strong>.<\/p>\n\n\n\n<p>Errores centrales, ineficiencia, inexperiencia, soberbia, arrastraron a los candidatos y sus circunstancias y una ceguera sobre la verdadera fuerza del movimiento oficialista.<\/p>\n\n\n\n<p>Adem\u00e1s un desprecio por las fuerzas tradicionalmente amigas del PAN, porque, muchos se preguntan \u00bfde qu\u00e9 lado estuvo la iglesia? Y surgen reflexiones y an\u00e9cdotas, cobros, amenazas, escuchas, \u00a1uf y recontra\u00faf, todo un estuche de moner\u00edas!<\/p>\n\n\n\n<p>Valdr\u00eda la pena que los derrotados hicieran una introspecci\u00f3n, y en consecuencia que aparezca <strong>la figura para adecentar al partido<\/strong>.<\/p>\n\n\n\n<p>Pero no, no ha sucedido, y quiz\u00e1 nunca suceda, <strong>pesan m\u00e1s quienes desde atr\u00e1s<\/strong>, en lo oscurito, en el cuarto de guerra hacen fiesta de la derrota.<\/p>\n\n\n\n<p>Visto as\u00ed el escenario \u00bfhabr\u00e1 alguien capaz de pedir cuentas a los responsables de organizar la campa\u00f1a, de crear el mensaje, de equivocar el objetivo?<\/p>\n\n\n\n<p>Ah\u00ed est\u00e1n los miembros del Grupo de Andrea y Sergio de Ojiva, ampliamente recomendados por Anaya, Diego y otros; V\u00e1zquez, Bernardo y sus amigos que <strong>ganaron por las asesor\u00edas, pero perdieron la plaza.<\/strong><\/p>\n\n\n\n<p>Quiz\u00e1 en conciencia ni cuenta se hayan dado o en el fondo lo hayan deseado.<\/p>\n\n\n\n<p>O por lo menos, as\u00ed me lo parece.<\/p>\n\n\n\n<p>losperiodistas.com.mx@gmail.com<\/p>\n","protected":false},"excerpt":{"rendered":"<p>#PorSoleares | Errores centrales, ineficiencia, inexperiencia, soberbia, arrastraron a los candidatos y sus circunstancias Por Jes\u00fas Manuel Hern\u00e1ndez Ha resultado [&hellip;]<\/p>\n","protected":false},"author":1,"featured_media":76528,"comment_status":"open","ping_status":"open","sticky":false,"template":"","format":"standard","meta":{"site-sidebar-layout":"default","site-content-layout":"","ast-site-content-layout":"default","site-content-style":"default","site-sidebar-style":"default","ast-global-header-display":"","ast-banner-title-visibility":"","ast-main-header-display":"","ast-hfb-above-header-display":"","ast-hfb-below-header-display":"","ast-hfb-mobile-header-display":"","site-post-title":"","ast-breadcrumbs-content":"","ast-featured-img":"","footer-sml-layout":"","theme-transparent-header-meta":"","adv-header-id-meta":"","stick-header-meta":"","header-above-stick-meta":"","header-main-stick-meta":"","header-below-stick-meta":"","astra-migrate-meta-layouts":"default","ast-page-background-enabled":"default","ast-page-background-meta":{"desktop":{"background-color":"var(--ast-global-color-4)","background-image":"","background-repeat":"repeat","background-position":"center center","background-size":"auto","background-attachment":"scroll","background-type":"","background-media":"","overlay-type":"","overlay-color":"","overlay-opacity":"","overlay-gradient":""},"tablet":{"background-color":"","background-image":"","background-repeat":"repeat","background-position":"center center","background-size":"auto","background-attachment":"scroll","background-type":"","background-media":"","overlay-type":"","overlay-color":"","overlay-opacity":"","overlay-gradient":""},"mobile":{"background-color":"","background-image":"","background-repeat":"repeat","background-position":"center center","background-size":"auto","background-attachment":"scroll","background-type":"","background-media":"","overlay-type":"","overlay-color":"","overlay-opacity":"","overlay-gradient":""}},"ast-content-background-meta":{"desktop":{"background-color":"var(--ast-global-color-5)","background-image":"","background-repeat":"repeat","background-position":"center center","background-size":"auto","background-attachment":"scroll","background-type":"","background-media":"","overlay-type":"","overlay-color":"","overlay-opacity":"","overlay-gradient":""},"tablet":{"background-color":"var(--ast-global-color-5)","background-image":"","background-repeat":"repeat","background-position":"center center","background-size":"auto","background-attachment":"scroll","background-type":"","background-media":"","overlay-type":"","overlay-color":"","overlay-opacity":"","overlay-gradient":""},"mobile":{"background-color":"var(--ast-global-color-5)","background-image":"","background-repeat":"repeat","background-position":"center center","background-size":"auto","background-attachment":"scroll","background-type":"","background-media":"","overlay-type":"","overlay-color":"","overlay-opacity":"","overlay-gradient":""}},"footnotes":""},"categories":[8,5],"tags":[26016,12115,26015,4608],"class_list":["post-76527","post","type-post","status-publish","format-standard","has-post-thumbnail","hentry","category-noticias","category-por-soleares","tag-arrubarrena","tag-lalo-rivera","tag-pan-puebla-elecciones-puebla-2024","tag-titi-diaz-de-rivera"],"_links":{"self":[{"href":"https:\/\/losperiodistas.com.mx\/portal\/wp-json\/wp\/v2\/posts\/76527","targetHints":{"allow":["GET"]}}],"collection":[{"href":"https:\/\/losperiodistas.com.mx\/portal\/wp-json\/wp\/v2\/posts"}],"about":[{"href":"https:\/\/losperiodistas.com.mx\/portal\/wp-json\/wp\/v2\/types\/post"}],"author":[{"embeddable":true,"href":"https:\/\/losperiodistas.com.mx\/portal\/wp-json\/wp\/v2\/users\/1"}],"replies":[{"embeddable":true,"href":"https:\/\/losperiodistas.com.mx\/portal\/wp-json\/wp\/v2\/comments?post=76527"}],"version-history":[{"count":1,"href":"https:\/\/losperiodistas.com.mx\/portal\/wp-json\/wp\/v2\/posts\/76527\/revisions"}],"predecessor-version":[{"id":76529,"href":"https:\/\/losperiodistas.com.mx\/portal\/wp-json\/wp\/v2\/posts\/76527\/revisions\/76529"}],"wp:featuredmedia":[{"embeddable":true,"href":"https:\/\/losperiodistas.com.mx\/portal\/wp-json\/wp\/v2\/media\/76528"}],"wp:attachment":[{"href":"https:\/\/losperiodistas.com.mx\/portal\/wp-json\/wp\/v2\/media?parent=76527"}],"wp:term":[{"taxonomy":"category","embeddable":true,"href":"https:\/\/losperiodistas.com.mx\/portal\/wp-json\/wp\/v2\/categories?post=76527"},{"taxonomy":"post_tag","embeddable":true,"href":"https:\/\/losperiodistas.com.mx\/portal\/wp-json\/wp\/v2\/tags?post=76527"}],"curies":[{"name":"wp","href":"https:\/\/api.w.org\/{rel}","templated":true}]}}