{"id":76506,"date":"2024-06-09T09:33:41","date_gmt":"2024-06-09T14:33:41","guid":{"rendered":"https:\/\/losperiodistas.com.mx\/portal\/?p=76506"},"modified":"2024-06-09T09:33:43","modified_gmt":"2024-06-09T14:33:43","slug":"resucita-el-recuento-a-colosio-y-a-dante-am","status":"publish","type":"post","link":"https:\/\/losperiodistas.com.mx\/portal\/resucita-el-recuento-a-colosio-y-a-dante-am\/","title":{"rendered":"Resucita el recuento a Colosio y \u00a1a Dante! | AM"},"content":{"rendered":"\n<p class=\"has-medium-font-size\">Colosio obtendr\u00eda su esca\u00f1o para el Senado como primera minor\u00eda y no tendr\u00eda que entrar a la C\u00e1mara alta por la lista plurinominal, aunque priistas y panistas adelantaron que impugnar\u00e1n el resultado.<\/p>\n\n\n\n<figure class=\"wp-block-image size-large\"><img fetchpriority=\"high\" decoding=\"async\" width=\"1024\" height=\"579\" src=\"https:\/\/losperiodistas.com.mx\/portal\/wp-content\/uploads\/2024\/06\/Captura-de-Pantalla-2024-06-09-a-las-8.26.10-1024x579.jpg\" alt=\"\" class=\"wp-image-76508\" srcset=\"https:\/\/losperiodistas.com.mx\/portal\/wp-content\/uploads\/2024\/06\/Captura-de-Pantalla-2024-06-09-a-las-8.26.10-1024x579.jpg 1024w, https:\/\/losperiodistas.com.mx\/portal\/wp-content\/uploads\/2024\/06\/Captura-de-Pantalla-2024-06-09-a-las-8.26.10-300x170.jpg 300w, https:\/\/losperiodistas.com.mx\/portal\/wp-content\/uploads\/2024\/06\/Captura-de-Pantalla-2024-06-09-a-las-8.26.10-768x434.jpg 768w, https:\/\/losperiodistas.com.mx\/portal\/wp-content\/uploads\/2024\/06\/Captura-de-Pantalla-2024-06-09-a-las-8.26.10-1536x868.jpg 1536w, https:\/\/losperiodistas.com.mx\/portal\/wp-content\/uploads\/2024\/06\/Captura-de-Pantalla-2024-06-09-a-las-8.26.10.jpg 1606w\" sizes=\"(max-width: 1024px) 100vw, 1024px\" \/><figcaption>Luis Donaldo Colosio y Dante Delgado lograron un esca\u00f1o en la C\u00e1mara de Senadores&#8230; Agencia Reforma<\/figcaption><\/figure>\n\n\n\n<p class=\"has-vivid-red-color has-text-color has-medium-font-size\"><strong>REDACCI\u00d3N AM<\/strong><\/p>\n\n\n\n<p><strong>Monterrey<\/strong>.-&nbsp;Al concluir ayer el c\u00f3mputo del&nbsp;<strong>INE&nbsp;<\/strong>para la elecci\u00f3n al&nbsp;<strong>Senado en Nuevo Le\u00f3n<\/strong>, el recuento \u00absalv\u00f3\u00bb a&nbsp;<strong>Luis Donaldo Colosio<\/strong>, candidato que encabeza la dupla de&nbsp;<strong>MC&nbsp;<\/strong>a la C\u00e1mara alta, y tambi\u00e9n al dirigente nacional de este partido,&nbsp;<strong>Dante Delgado<\/strong>.<\/p>\n\n\n\n<p>El conteo refrend\u00f3 el triunfo de la f\u00f3rmula de Waldo Fern\u00e1ndez y Judith D\u00edaz, de la coalici\u00f3n de Morena, PT y Verde, que por primera vez gan\u00f3 los comicios para Senador en el Estado.<\/p>\n\n\n\n<p>Asimismo dio el segundo lugar de la elecci\u00f3n a la dupla emecista de&nbsp;<strong>Colosio&nbsp;<\/strong>y&nbsp;<strong>Martha Herrera<\/strong>, Secretaria de Igualdad del Gobernador Samuel Garc\u00eda, quienes desplazaron a los candidatos de la alianza del PAN, PRI y PRD.<\/p>\n\n\n\n<p>As\u00ed, Colosio obtendr\u00eda su esca\u00f1o para el&nbsp;<strong>Senado&nbsp;<\/strong>como primera minor\u00eda y no tendr\u00eda que entrar a la&nbsp;<strong>C\u00e1mara alta<\/strong>&nbsp;por la lista plurinominal, aunque priistas y panistas adelantaron que impugnar\u00e1n el resultado.<\/p>\n\n\n\n<p>A su vez,&nbsp;<strong>Delgado<\/strong>&nbsp;podr\u00e1 ser Senador, ya que es suplente del Alcalde de Monterrey por esta v\u00eda de representaci\u00f3n proporcional.<strong>Noticias Relacionadas<\/strong><\/p>\n\n\n\n<ul class=\"wp-block-list\"><li><a href=\"https:\/\/www.am.com.mx\/nacional\/2024\/6\/4\/podria-mc-ser-aliado-de-morena-en-senado-para-avalar-plan-707575.html\">Podr\u00eda MC ser aliado de Morena en Senado para avalar plan C<\/a><\/li><li><a href=\"https:\/\/www.am.com.mx\/nacional\/2024\/6\/3\/en-monterrey-mariana-rodriguez-no-puede-contra-adrian-de-la-garza-pierde-mc-continuidad-707526.html\">En Monterrey, Mariana Rodr\u00edguez no puede contra Adri\u00e1n de la Garza, pierde MC continuidad<\/a><\/li><\/ul>\n\n\n\n<p>El pasado lunes, el\u00a0<strong>PREP<\/strong>\u00a0del\u00a0<strong>INE<\/strong>\u00a0para la elecci\u00f3n al Senado en Nuevo Le\u00f3n cerr\u00f3 con una apretada diferencia de apenas 1.6 puntos porcentuales entre las tres f\u00f3rmulas contendientes.<\/p>\n\n\n\n<p>De forma sorpresiva, la dupla de&nbsp;<strong>Colosio&nbsp;<\/strong>y&nbsp;<strong>Herrera<\/strong>, considerada favorita para llevarse la contienda, qued\u00f3 en tercer lugar, atr\u00e1s de la priista&nbsp;<strong>Karina Barr\u00f3n<\/strong>&nbsp;y del panista&nbsp;<strong>Fernando Marg\u00e1in Sada<\/strong>.<\/p>\n\n\n\n<p>Pero al finalizar ayer los c\u00f3mputos distritales de la re\u00f1ida contienda, los emecistas subieron al segundo lugar tras totalizar 810 mil votos, el 32.13 % de los sufragios.<\/p>\n\n\n\n<p>En tanto, la f\u00f3rmula de Barr\u00f3n y Marg\u00e1in cay\u00f3 al tercer sitio al sumar 794 mil 796 votos o el 31.51 %.<\/p>\n\n\n\n<p>Con esta votaci\u00f3n, Colosio, que esta semana se reintegr\u00f3 como Alcalde regio al acabar su licencia, se convertir\u00e1 en Senador por primera minor\u00eda, pero no su compa\u00f1era de f\u00f3rmula.<\/p>\n\n\n\n<p>El conteo no modific\u00f3 el triunfo de Fern\u00e1ndez y D\u00edaz, que llegar\u00e1n al Senado luego de recibir 856 mil 233 votos, es decir, el 33.94 % de las preferencias.<\/p>\n\n\n\n<p>La elecci\u00f3n para Senador en Nuevo Le\u00f3n fue tan re\u00f1ida que el&nbsp;<strong>Consejo local del INE<\/strong>&nbsp;tuvo que hacer un recuento \u00abvoto por voto\u00bb en dos de los 14 Distritos electorales federales del Estado.<\/p>\n\n\n\n<p>Anoche,&nbsp;<strong>MC<\/strong>&nbsp;celebr\u00f3 que&nbsp;<strong>Colosio<\/strong>&nbsp;lograra un lugar en el Senado como primera minor\u00eda, mientras que Barr\u00f3n adelant\u00f3 que impugnar\u00e1 el resultado.<\/p>\n\n\n\n<p>JJJC<\/p>\n\n\n\n<p>Fuente: <a href=\"https:\/\/www.am.com.mx\/nacional\/2024\/6\/9\/resucita-el-recuento-colosio-a-dante-708179.html\">https:\/\/www.am.com.mx\/nacional\/2024\/6\/9\/resucita-el-recuento-colosio-a-dante-708179.html<\/a><\/p>\n","protected":false},"excerpt":{"rendered":"<p>Colosio obtendr\u00eda su esca\u00f1o para el Senado como primera minor\u00eda y no tendr\u00eda que entrar a la C\u00e1mara alta por [&hellip;]<\/p>\n","protected":false},"author":1,"featured_media":76508,"comment_status":"open","ping_status":"open","sticky":false,"template":"","format":"standard","meta":{"site-sidebar-layout":"default","site-content-layout":"","ast-site-content-layout":"default","site-content-style":"default","site-sidebar-style":"default","ast-global-header-display":"","ast-banner-title-visibility":"","ast-main-header-display":"","ast-hfb-above-header-display":"","ast-hfb-below-header-display":"","ast-hfb-mobile-header-display":"","site-post-title":"","ast-breadcrumbs-content":"","ast-featured-img":"","footer-sml-layout":"","theme-transparent-header-meta":"","adv-header-id-meta":"","stick-header-meta":"","header-above-stick-meta":"","header-main-stick-meta":"","header-below-stick-meta":"","astra-migrate-meta-layouts":"default","ast-page-background-enabled":"default","ast-page-background-meta":{"desktop":{"background-color":"var(--ast-global-color-4)","background-image":"","background-repeat":"repeat","background-position":"center center","background-size":"auto","background-attachment":"scroll","background-type":"","background-media":"","overlay-type":"","overlay-color":"","overlay-opacity":"","overlay-gradient":""},"tablet":{"background-color":"","background-image":"","background-repeat":"repeat","background-position":"center center","background-size":"auto","background-attachment":"scroll","background-type":"","background-media":"","overlay-type":"","overlay-color":"","overlay-opacity":"","overlay-gradient":""},"mobile":{"background-color":"","background-image":"","background-repeat":"repeat","background-position":"center center","background-size":"auto","background-attachment":"scroll","background-type":"","background-media":"","overlay-type":"","overlay-color":"","overlay-opacity":"","overlay-gradient":""}},"ast-content-background-meta":{"desktop":{"background-color":"var(--ast-global-color-5)","background-image":"","background-repeat":"repeat","background-position":"center center","background-size":"auto","background-attachment":"scroll","background-type":"","background-media":"","overlay-type":"","overlay-color":"","overlay-opacity":"","overlay-gradient":""},"tablet":{"background-color":"var(--ast-global-color-5)","background-image":"","background-repeat":"repeat","background-position":"center center","background-size":"auto","background-attachment":"scroll","background-type":"","background-media":"","overlay-type":"","overlay-color":"","overlay-opacity":"","overlay-gradient":""},"mobile":{"background-color":"var(--ast-global-color-5)","background-image":"","background-repeat":"repeat","background-position":"center center","background-size":"auto","background-attachment":"scroll","background-type":"","background-media":"","overlay-type":"","overlay-color":"","overlay-opacity":"","overlay-gradient":""}},"footnotes":""},"categories":[8],"tags":[26001,1233,2320,26002],"class_list":["post-76506","post","type-post","status-publish","format-standard","has-post-thumbnail","hentry","category-noticias","tag-camara-alta","tag-luis-donaldo-colosio","tag-movimiento-ciudadano","tag-senado-primera-minoria"],"_links":{"self":[{"href":"https:\/\/losperiodistas.com.mx\/portal\/wp-json\/wp\/v2\/posts\/76506","targetHints":{"allow":["GET"]}}],"collection":[{"href":"https:\/\/losperiodistas.com.mx\/portal\/wp-json\/wp\/v2\/posts"}],"about":[{"href":"https:\/\/losperiodistas.com.mx\/portal\/wp-json\/wp\/v2\/types\/post"}],"author":[{"embeddable":true,"href":"https:\/\/losperiodistas.com.mx\/portal\/wp-json\/wp\/v2\/users\/1"}],"replies":[{"embeddable":true,"href":"https:\/\/losperiodistas.com.mx\/portal\/wp-json\/wp\/v2\/comments?post=76506"}],"version-history":[{"count":1,"href":"https:\/\/losperiodistas.com.mx\/portal\/wp-json\/wp\/v2\/posts\/76506\/revisions"}],"predecessor-version":[{"id":76509,"href":"https:\/\/losperiodistas.com.mx\/portal\/wp-json\/wp\/v2\/posts\/76506\/revisions\/76509"}],"wp:featuredmedia":[{"embeddable":true,"href":"https:\/\/losperiodistas.com.mx\/portal\/wp-json\/wp\/v2\/media\/76508"}],"wp:attachment":[{"href":"https:\/\/losperiodistas.com.mx\/portal\/wp-json\/wp\/v2\/media?parent=76506"}],"wp:term":[{"taxonomy":"category","embeddable":true,"href":"https:\/\/losperiodistas.com.mx\/portal\/wp-json\/wp\/v2\/categories?post=76506"},{"taxonomy":"post_tag","embeddable":true,"href":"https:\/\/losperiodistas.com.mx\/portal\/wp-json\/wp\/v2\/tags?post=76506"}],"curies":[{"name":"wp","href":"https:\/\/api.w.org\/{rel}","templated":true}]}}