{"id":76410,"date":"2024-06-07T16:43:01","date_gmt":"2024-06-07T21:43:01","guid":{"rendered":"http:\/\/losperiodistas.com.mx\/portal\/?p=76410"},"modified":"2024-06-07T16:46:36","modified_gmt":"2024-06-07T21:46:36","slug":"pepe-chedraui-recibe-constancia-como-presidente-municipal-electo","status":"publish","type":"post","link":"https:\/\/losperiodistas.com.mx\/portal\/pepe-chedraui-recibe-constancia-como-presidente-municipal-electo\/","title":{"rendered":"Pepe Chedraui recibe constancia como presidente municipal electo de Puebla | E-Consulta"},"content":{"rendered":"\n<p>El morenista dio a conocer los nombres de los regidores que lo acompa\u00f1aran en su administraci\u00f3n<\/p>\n\n\n\n<figure class=\"wp-block-image size-full\"><img fetchpriority=\"high\" decoding=\"async\" width=\"955\" height=\"637\" src=\"https:\/\/losperiodistas.com.mx\/portal\/wp-content\/uploads\/2024\/06\/Captura-de-pantalla-2024-06-07-153756.png\" alt=\"Pepe Chedraui y Esposa\" class=\"wp-image-76411\" srcset=\"https:\/\/losperiodistas.com.mx\/portal\/wp-content\/uploads\/2024\/06\/Captura-de-pantalla-2024-06-07-153756.png 955w, https:\/\/losperiodistas.com.mx\/portal\/wp-content\/uploads\/2024\/06\/Captura-de-pantalla-2024-06-07-153756-300x200.png 300w, https:\/\/losperiodistas.com.mx\/portal\/wp-content\/uploads\/2024\/06\/Captura-de-pantalla-2024-06-07-153756-768x512.png 768w\" sizes=\"(max-width: 955px) 100vw, 955px\" \/><figcaption>Pepe Chedraui recibe constancia. Foto: Gran Angular<\/figcaption><\/figure>\n\n\n\n<p class=\"has-vivid-red-color has-text-color\">Daniel Sandoval \/ E-Consulta<\/p>\n\n\n\n<p><strong>Jos\u00e9 Chedraui Budib<\/strong>, abanderado de <strong>Morena<\/strong>, es el nuevo presidente municipal electo de <strong>Puebla<\/strong>, luego de recibir su constancia como ganador por parte del <strong>Consejo Municipal<\/strong>, tras imponerse a su rival en la elecci\u00f3n, el panista <strong>Mario Gerardo Riestra Pi\u00f1a<\/strong>.<\/p>\n\n\n\n<p>Durante la sesi\u00f3n del \u00f3rgano electoral este 7 de junio se le entreg\u00f3 el documento a <strong>Jos\u00e9 Chedraui<\/strong>, as\u00ed como a su planilla de <strong>16 regidores y regidoras<\/strong>, entre las que destacan Gabriel Biestro, Iv\u00e1n Herrera y Leobardo Rodr\u00edguez, as\u00ed como la s\u00edndico, <strong>M\u00f3nica Silva Ru\u00edz<\/strong>.<\/p>\n\n\n\n<blockquote class=\"twitter-tweet\"><p lang=\"es\" dir=\"ltr\">&#x1f534;<a href=\"https:\/\/twitter.com\/hashtag\/AlMomento?src=hash&amp;ref_src=twsrc%5Etfw\">#AlMomento<\/a> | \u201cTodas las obras que est\u00e9n bien hechas y sean buenas para la ciudadan\u00eda, se mantendr\u00e1n en esta administraci\u00f3n\u201d, afirm\u00f3 el nuevo alcalde electo de <a href=\"https:\/\/twitter.com\/hashtag\/Puebla?src=hash&amp;ref_src=twsrc%5Etfw\">#Puebla<\/a>, Pepe Chedraui Budib (<a href=\"https:\/\/twitter.com\/pepechedraui?ref_src=twsrc%5Etfw\">@pepechedraui<\/a>).<br>V\u00eda <a href=\"https:\/\/twitter.com\/ODanielSandoval?ref_src=twsrc%5Etfw\">@ODanielSandoval<\/a> <a href=\"https:\/\/t.co\/KmbhlcS7PS\">pic.twitter.com\/KmbhlcS7PS<\/a><\/p>&mdash; Peri\u00f3dico e-consulta (@e_consulta) <a href=\"https:\/\/twitter.com\/e_consulta\/status\/1799130874094690354?ref_src=twsrc%5Etfw\">June 7, 2024<\/a><\/blockquote> <script async src=\"https:\/\/platform.twitter.com\/widgets.js\" charset=\"utf-8\"><\/script> \n\n\n\n<p>Chedraui agradeci\u00f3 a quienes confiaron en su proyecto y le dieron su voto, as\u00ed como a los que no; pidi\u00f3 <strong>paciencia para convencerlos<\/strong> de que fue la mejor opci\u00f3n para la administraci\u00f3n municipal de Puebla para los pr\u00f3ximos tres a\u00f1os.<\/p>\n\n\n\n<p>Asegur\u00f3 que todo su equipo se volcar\u00e1 a trabajar por Puebla <em>\u201csin distingos partidistas, ni prejuicios pol\u00edticos\u201d<\/em>. Asegur\u00f3 que su administraci\u00f3n priorizar\u00e1 desde ahora <strong>los planes y proyectos iniciales para la capital<\/strong>.<\/p>\n\n\n\n<blockquote class=\"twitter-tweet\"><p lang=\"es\" dir=\"ltr\">Con profundo orgullo y agradecimiento, hoy recibo la Constancia de Mayor\u00eda que me acredita como Presidente Municipal Electo de <a href=\"https:\/\/twitter.com\/hashtag\/Puebla?src=hash&amp;ref_src=twsrc%5Etfw\">#Puebla<\/a>.<br><br>Mi reconocimiento al Consejo Municipal del Instituto Electoral del Estado, por todos los esfuerzos realizados para llevar a cabo este proceso. <a href=\"https:\/\/t.co\/mvwIzFKNE1\">pic.twitter.com\/mvwIzFKNE1<\/a><\/p>&mdash; Pepe Chedraui &#x1f1f2;&#x1f1fd; (@pepechedraui) <a href=\"https:\/\/twitter.com\/pepechedraui\/status\/1799176665094127961?ref_src=twsrc%5Etfw\">June 7, 2024<\/a><\/blockquote> <script async src=\"https:\/\/platform.twitter.com\/widgets.js\" charset=\"utf-8\"><\/script> \n\n\n\n<h2 class=\"wp-block-heading\"><strong>Regidores de la administraci\u00f3n de Chedraui<\/strong><\/h2>\n\n\n\n<p>La planilla de regidores y regidoras que ganaron junto con Chedraui qued\u00f3 de la siguiente manera.<\/p>\n\n\n\n<ul class=\"wp-block-list\"><li>Juan Pablo Caso Andrade, en la suplencia.<\/li><li>Marisela Reyes.<\/li><li>Carlos Tepox.<\/li><li>Alondra M\u00e9ndez.<\/li><li>Francisco Ayala.<\/li><li>Gabriela S\u00e1nchez.<\/li><li>Samuel Hern\u00e1ndez.<\/li><li>Mariana Sol\u00eds.<\/li><li>Ricardo Espinoza Chavero.<\/li><li>Gabriel Biestro.<\/li><li>Lourdes Villavicencio.<\/li><li>Rodrigo Dur\u00e1n.<\/li><li>Lupita Silva.<\/li><li>Iv\u00e1n Herrera.<\/li><li>Magnolia Enr\u00edquez.<\/li><li>Leobardo Rodr\u00edguez.<\/li><li>Mar\u00eda Teresa Rivera Vivanco.<\/li><li>M\u00f3nica Silva Ru\u00edz, en la sindicatura.<\/li><\/ul>\n\n\n\n<p>Al finalizar el evento, el presidente municipal electo mand\u00f3 un saludo al ganador por la gubernatura de Puebla, <strong>Alejandro Armenta Mier<\/strong>, y afirm\u00f3 que \u201ccuanto antes\u201d se reunir\u00e1 con \u00e9l para empezar a pactar proyectos. (JRLM)<\/p>\n\n\n\n<p>Fuente: <a href=\"https:\/\/www.e-consulta.com\/nota\/2024-06-07\/elecciones\/jose-chedraui-recibe-constancia-como-presidente-municipal-electo-de\" target=\"_blank\" rel=\"noreferrer noopener\">E-Consulta<\/a><\/p>\n","protected":false},"excerpt":{"rendered":"<p>El morenista dio a conocer los nombres de los regidores que lo acompa\u00f1aran en su administraci\u00f3n <\/p>\n","protected":false},"author":1,"featured_media":76411,"comment_status":"open","ping_status":"open","sticky":false,"template":"","format":"standard","meta":{"site-sidebar-layout":"default","site-content-layout":"","ast-site-content-layout":"default","site-content-style":"default","site-sidebar-style":"default","ast-global-header-display":"","ast-banner-title-visibility":"","ast-main-header-display":"","ast-hfb-above-header-display":"","ast-hfb-below-header-display":"","ast-hfb-mobile-header-display":"","site-post-title":"","ast-breadcrumbs-content":"","ast-featured-img":"","footer-sml-layout":"","theme-transparent-header-meta":"","adv-header-id-meta":"","stick-header-meta":"","header-above-stick-meta":"","header-main-stick-meta":"","header-below-stick-meta":"","astra-migrate-meta-layouts":"default","ast-page-background-enabled":"default","ast-page-background-meta":{"desktop":{"background-color":"var(--ast-global-color-4)","background-image":"","background-repeat":"repeat","background-position":"center center","background-size":"auto","background-attachment":"scroll","background-type":"","background-media":"","overlay-type":"","overlay-color":"","overlay-opacity":"","overlay-gradient":""},"tablet":{"background-color":"","background-image":"","background-repeat":"repeat","background-position":"center center","background-size":"auto","background-attachment":"scroll","background-type":"","background-media":"","overlay-type":"","overlay-color":"","overlay-opacity":"","overlay-gradient":""},"mobile":{"background-color":"","background-image":"","background-repeat":"repeat","background-position":"center center","background-size":"auto","background-attachment":"scroll","background-type":"","background-media":"","overlay-type":"","overlay-color":"","overlay-opacity":"","overlay-gradient":""}},"ast-content-background-meta":{"desktop":{"background-color":"var(--ast-global-color-5)","background-image":"","background-repeat":"repeat","background-position":"center center","background-size":"auto","background-attachment":"scroll","background-type":"","background-media":"","overlay-type":"","overlay-color":"","overlay-opacity":"","overlay-gradient":""},"tablet":{"background-color":"var(--ast-global-color-5)","background-image":"","background-repeat":"repeat","background-position":"center center","background-size":"auto","background-attachment":"scroll","background-type":"","background-media":"","overlay-type":"","overlay-color":"","overlay-opacity":"","overlay-gradient":""},"mobile":{"background-color":"var(--ast-global-color-5)","background-image":"","background-repeat":"repeat","background-position":"center center","background-size":"auto","background-attachment":"scroll","background-type":"","background-media":"","overlay-type":"","overlay-color":"","overlay-opacity":"","overlay-gradient":""}},"footnotes":""},"categories":[8],"tags":[13297,25960,247,14193,25958,25959],"class_list":["post-76410","post","type-post","status-publish","format-standard","has-post-thumbnail","hentry","category-noticias","tag-iee","tag-monica-silva-ruiz","tag-morena","tag-pepe-chedraui","tag-presidente-electo","tag-regidores"],"_links":{"self":[{"href":"https:\/\/losperiodistas.com.mx\/portal\/wp-json\/wp\/v2\/posts\/76410","targetHints":{"allow":["GET"]}}],"collection":[{"href":"https:\/\/losperiodistas.com.mx\/portal\/wp-json\/wp\/v2\/posts"}],"about":[{"href":"https:\/\/losperiodistas.com.mx\/portal\/wp-json\/wp\/v2\/types\/post"}],"author":[{"embeddable":true,"href":"https:\/\/losperiodistas.com.mx\/portal\/wp-json\/wp\/v2\/users\/1"}],"replies":[{"embeddable":true,"href":"https:\/\/losperiodistas.com.mx\/portal\/wp-json\/wp\/v2\/comments?post=76410"}],"version-history":[{"count":2,"href":"https:\/\/losperiodistas.com.mx\/portal\/wp-json\/wp\/v2\/posts\/76410\/revisions"}],"predecessor-version":[{"id":76413,"href":"https:\/\/losperiodistas.com.mx\/portal\/wp-json\/wp\/v2\/posts\/76410\/revisions\/76413"}],"wp:featuredmedia":[{"embeddable":true,"href":"https:\/\/losperiodistas.com.mx\/portal\/wp-json\/wp\/v2\/media\/76411"}],"wp:attachment":[{"href":"https:\/\/losperiodistas.com.mx\/portal\/wp-json\/wp\/v2\/media?parent=76410"}],"wp:term":[{"taxonomy":"category","embeddable":true,"href":"https:\/\/losperiodistas.com.mx\/portal\/wp-json\/wp\/v2\/categories?post=76410"},{"taxonomy":"post_tag","embeddable":true,"href":"https:\/\/losperiodistas.com.mx\/portal\/wp-json\/wp\/v2\/tags?post=76410"}],"curies":[{"name":"wp","href":"https:\/\/api.w.org\/{rel}","templated":true}]}}