{"id":764,"date":"2020-11-02T06:07:42","date_gmt":"2020-11-02T12:07:42","guid":{"rendered":"http:\/\/losperiodistas.com.mx\/portal\/?p=764"},"modified":"2020-11-02T06:07:42","modified_gmt":"2020-11-02T12:07:42","slug":"coronavirus-en-mexico-en-24-horas-se-registraron-4430-casos-nuevos-y-142-decesos","status":"publish","type":"post","link":"https:\/\/losperiodistas.com.mx\/portal\/coronavirus-en-mexico-en-24-horas-se-registraron-4430-casos-nuevos-y-142-decesos\/","title":{"rendered":"Coronavirus en M\u00e9xico: en 24 horas se registraron 4,430 casos nuevos y 142 decesos"},"content":{"rendered":"\n<p style=\"font-size:18px\"><em>Las autoridades federales informan diariamente el avance de la pandemia de COVID-19 en la Rep\u00fablica mexicana<\/em><\/p>\n\n\n\n<p class=\"has-vivid-cyan-blue-color has-text-color has-medium-font-size\">INFOBAE<\/p>\n\n\n\n<p>La Secretar\u00eda de Salud (SSa) inform\u00f3 el avance diario de la pandemia de COVID-19 en M\u00e9xico, donde el primer d\u00eda de noviembre se registraron<strong>&nbsp;4,430 casos confirmados<\/strong>&nbsp;respecto al 31 de octubre. Adem\u00e1s, en el mismo periodo de tiempo,&nbsp;<strong>hubo un incremento 142 decesos.<\/strong><\/p>\n\n\n\n<p>Esto quiere decir que, de acuerdo con el reporte t\u00e9cnico de la dependencia federal,&nbsp;<strong>en M\u00e9xico hay total de 929,392 casos acumulados y 91,895 muertes<\/strong>&nbsp;relacionadas directamente con la nueva cepa de coronavirus, misma que lleg\u00f3 a M\u00e9xico el pasado 27 de febrero y fue confirmada por el Instituto Nacional de Enfermedades Respiratorias (INER) en la Ciudad de M\u00e9xico.<\/p>\n\n\n\n<p>Cabe recordar que ni el 1 ni el 2 de noviembre se realizar\u00e1 la conferencia de prensa vespertina en la que&nbsp;<strong>Hugo L\u00f3pez-Gatell<\/strong>, subsecretario de prevenci\u00f3n y promoci\u00f3n de la salud, ni&nbsp;<strong>Jos\u00e9 Luis Alom\u00eda<\/strong>, director de Epidemiolog\u00eda, explican los datos del avance de la pandemia desde Palacio Nacional; sin embargo, la SSa pone en l\u00ednea los avances reportados hasta las 19:00 horas (tiempo del centro de M\u00e9xico) de cada d\u00eda por las instituciones sanitarias.<img fetchpriority=\"high\" decoding=\"async\" alt=\"Avance del COVID-19 en M\u00e9xico al 1 de noviembre del 2020 (Foto: Cortes\u00eda SSa)\" height=\"415\" src=\"https:\/\/www.infobae.com\/new-resizer\/OqQqZ5mCMkxqgAgAm8hFeuTe_GY=\/420x236\/filters:format(jpg):quality(85)\/\/cloudfront-us-east-1.images.arcpublishing.com\/infobae\/ALPB5Y4A3VGOJEVTKXORDG3IVM.JPG\" width=\"797\">Avance del COVID-19 en M\u00e9xico al 1 de noviembre del 2020 (Foto: Cortes\u00eda SSa)<\/p>\n\n\n\n<p>En el reporte t\u00e9cnico de este domingo se puede precisar cu\u00e1les han sido las entidades con mayor incidencia de casos por SARS-CoV-2, donde la Ciudad de M\u00e9xico contin\u00faa registrando la mayor parte de los casos acumulados del pa\u00eds y representa por s\u00ed sola 18% de todos los casos registrados por entidad de residencia.<\/p>\n\n\n\n<p><strong>Tambi\u00e9n, en el&nbsp;<\/strong><a href=\"https:\/\/www.gob.mx\/cms\/uploads\/attachment\/file\/589816\/Comunicado_Tecnico_Diario_COVID-19_2020.11.01.pdf\" target=\"_blank\" rel=\"noreferrer noopener\"><em><strong>comunicado&nbsp;<\/strong><\/em><\/a><strong>se refieren cu\u00e1ntos pacientes se consideran activos y dan la cantidad de 30,570.<\/strong>&nbsp;Se consideran casos activos, aquellos casos positivos por laboratorio y casos por asociaci\u00f3n cl\u00ednica epidemiol\u00f3gica que iniciaron s\u00edntomas en los \u00faltimos 14 d\u00edas, permitiendo identificar donde hay mayor actividad viral y por consecuencia aumento en la transmisi\u00f3n.<\/p>\n\n\n\n<p>Tambi\u00e9n se infiere que la mayor parte de la poblaci\u00f3n infectada activa se encuentra en la&nbsp;<strong>Ciudad de M\u00e9xico<\/strong>&nbsp;y en los estados de&nbsp;<strong>Nuevo Le\u00f3n, Guanajuato, Coahuila y Durango<\/strong>. Por el otro lado, los estados que ahora cuentan con menor poblaci\u00f3n activa son Morelos, Tlaxcala, Nayarit, Campeche y Chiapas.<\/p>\n\n\n\n<p>En cuanto a los decesos, la capital nacional encabeza el listado de muertes acumuladas con&nbsp;<strong>15,202, le sigue el Estado de M\u00e9xico con 10,710, Veracruz con 4,839, Puebla con 4,779 y Jalisco con 4,076<\/strong>.<img decoding=\"async\" alt=\"Gr\u00e1fica de la mayor carga epidemiol\u00f3gica en M\u00e9xico al primero de noviembre del 2020 (Foto: Cortes\u00eda SSa)\" height=\"328\" src=\"https:\/\/www.infobae.com\/new-resizer\/r-uX82GsUkctuxjD2UiQFJzX4WM=\/420x187\/filters:format(jpg):quality(85)\/\/cloudfront-us-east-1.images.arcpublishing.com\/infobae\/EAMI2KTOBFCDLLRL544GY24W6U.JPG\" width=\"742\">Gr\u00e1fica de la mayor carga epidemiol\u00f3gica en M\u00e9xico al primero de noviembre del 2020 (Foto: Cortes\u00eda SSa)<\/p>\n\n\n\n<p>Las acciones del gobierno para dar legitimidad a todos los procesos de detecci\u00f3n de la enfermedad, as\u00ed como las medidas para combatirla, est\u00e1n basadas en recomendaciones de la Organizaci\u00f3n Mundial de la Salud (OMS), de ah\u00ed la necesidad de establecer estrictos niveles normativos para la entrada de cualquier indumentaria que sirva para el combate de la pandemia, pues a penas el s\u00e1bado 31 de octubre,&nbsp;<strong>se decomisaron 10,950 piezas de pruebas m\u00e9dicas para COVID-19 que pretend\u00edan ser ingresadas a territorio mexicano de manera ilegal<\/strong>.<\/p>\n\n\n\n<p>De acuerdo con el reporte, el cargamento ven\u00eda de Estados Unidos y fue detectado en Chihuahua; tambi\u00e9n fueron incautadas 2,000 lancetas para muestreo de sangre.&nbsp;<strong>El total de los insumos m\u00e9dicos alcanza un valor de un mill\u00f3n 861 mil pesos<\/strong>.<\/p>\n\n\n\n<p>\u201cPersonal de aduanas y de la Guardia Nacional realizaron la inspecci\u00f3n a un tractocami\u00f3n que pretend\u00eda ingresar el material m\u00e9dico a M\u00e9xico de manera ilegal. En doble fondo hallaron 20 cajas de cart\u00f3n envueltas en pl\u00e1stico negro\u201d, refiri\u00f3 el comunicado de Horacio Duarte Olivares, Administrador General de Aduanas.<\/p>\n\n\n\n<p>Fuente: https:\/\/www.infobae.com\/america\/mexico\/2020\/11\/02\/coronavirus-en-mexico-en-24-horas-se-registraron-4430-casos-nuevos-y-142-decesos\/<\/p>\n","protected":false},"excerpt":{"rendered":"<p>Las autoridades federales informan diariamente el avance de la pandemia de COVID-19 en la Rep\u00fablica mexicana INFOBAE La Secretar\u00eda de [&hellip;]<\/p>\n","protected":false},"author":1,"featured_media":765,"comment_status":"open","ping_status":"open","sticky":false,"template":"","format":"standard","meta":{"site-sidebar-layout":"default","site-content-layout":"","ast-site-content-layout":"default","site-content-style":"default","site-sidebar-style":"default","ast-global-header-display":"","ast-banner-title-visibility":"","ast-main-header-display":"","ast-hfb-above-header-display":"","ast-hfb-below-header-display":"","ast-hfb-mobile-header-display":"","site-post-title":"","ast-breadcrumbs-content":"","ast-featured-img":"","footer-sml-layout":"","theme-transparent-header-meta":"","adv-header-id-meta":"","stick-header-meta":"","header-above-stick-meta":"","header-main-stick-meta":"","header-below-stick-meta":"","astra-migrate-meta-layouts":"default","ast-page-background-enabled":"default","ast-page-background-meta":{"desktop":{"background-color":"var(--ast-global-color-4)","background-image":"","background-repeat":"repeat","background-position":"center center","background-size":"auto","background-attachment":"scroll","background-type":"","background-media":"","overlay-type":"","overlay-color":"","overlay-opacity":"","overlay-gradient":""},"tablet":{"background-color":"","background-image":"","background-repeat":"repeat","background-position":"center center","background-size":"auto","background-attachment":"scroll","background-type":"","background-media":"","overlay-type":"","overlay-color":"","overlay-opacity":"","overlay-gradient":""},"mobile":{"background-color":"","background-image":"","background-repeat":"repeat","background-position":"center center","background-size":"auto","background-attachment":"scroll","background-type":"","background-media":"","overlay-type":"","overlay-color":"","overlay-opacity":"","overlay-gradient":""}},"ast-content-background-meta":{"desktop":{"background-color":"var(--ast-global-color-5)","background-image":"","background-repeat":"repeat","background-position":"center center","background-size":"auto","background-attachment":"scroll","background-type":"","background-media":"","overlay-type":"","overlay-color":"","overlay-opacity":"","overlay-gradient":""},"tablet":{"background-color":"var(--ast-global-color-5)","background-image":"","background-repeat":"repeat","background-position":"center center","background-size":"auto","background-attachment":"scroll","background-type":"","background-media":"","overlay-type":"","overlay-color":"","overlay-opacity":"","overlay-gradient":""},"mobile":{"background-color":"var(--ast-global-color-5)","background-image":"","background-repeat":"repeat","background-position":"center center","background-size":"auto","background-attachment":"scroll","background-type":"","background-media":"","overlay-type":"","overlay-color":"","overlay-opacity":"","overlay-gradient":""}},"footnotes":""},"categories":[8],"tags":[],"class_list":["post-764","post","type-post","status-publish","format-standard","has-post-thumbnail","hentry","category-noticias"],"_links":{"self":[{"href":"https:\/\/losperiodistas.com.mx\/portal\/wp-json\/wp\/v2\/posts\/764","targetHints":{"allow":["GET"]}}],"collection":[{"href":"https:\/\/losperiodistas.com.mx\/portal\/wp-json\/wp\/v2\/posts"}],"about":[{"href":"https:\/\/losperiodistas.com.mx\/portal\/wp-json\/wp\/v2\/types\/post"}],"author":[{"embeddable":true,"href":"https:\/\/losperiodistas.com.mx\/portal\/wp-json\/wp\/v2\/users\/1"}],"replies":[{"embeddable":true,"href":"https:\/\/losperiodistas.com.mx\/portal\/wp-json\/wp\/v2\/comments?post=764"}],"version-history":[{"count":1,"href":"https:\/\/losperiodistas.com.mx\/portal\/wp-json\/wp\/v2\/posts\/764\/revisions"}],"predecessor-version":[{"id":766,"href":"https:\/\/losperiodistas.com.mx\/portal\/wp-json\/wp\/v2\/posts\/764\/revisions\/766"}],"wp:featuredmedia":[{"embeddable":true,"href":"https:\/\/losperiodistas.com.mx\/portal\/wp-json\/wp\/v2\/media\/765"}],"wp:attachment":[{"href":"https:\/\/losperiodistas.com.mx\/portal\/wp-json\/wp\/v2\/media?parent=764"}],"wp:term":[{"taxonomy":"category","embeddable":true,"href":"https:\/\/losperiodistas.com.mx\/portal\/wp-json\/wp\/v2\/categories?post=764"},{"taxonomy":"post_tag","embeddable":true,"href":"https:\/\/losperiodistas.com.mx\/portal\/wp-json\/wp\/v2\/tags?post=764"}],"curies":[{"name":"wp","href":"https:\/\/api.w.org\/{rel}","templated":true}]}}