{"id":76398,"date":"2024-06-07T12:15:51","date_gmt":"2024-06-07T17:15:51","guid":{"rendered":"https:\/\/losperiodistas.com.mx\/portal\/?p=76398"},"modified":"2024-06-07T12:15:53","modified_gmt":"2024-06-07T17:15:53","slug":"cuba-confirma-la-llegada-de-tres-barcos-y-un-submarino-nuclear-rusos-la-proxima-semana-abc","status":"publish","type":"post","link":"https:\/\/losperiodistas.com.mx\/portal\/cuba-confirma-la-llegada-de-tres-barcos-y-un-submarino-nuclear-rusos-la-proxima-semana-abc\/","title":{"rendered":"Cuba confirma la llegada de tres barcos y un submarino nuclear rusos la pr\u00f3xima semana | ABC"},"content":{"rendered":"\n<h2 class=\"has-medium-font-size wp-block-heading\">El Ministerio de Exteriores ha informado en un comunicado de la visita, pero no habla de ejercicios<\/h2>\n\n\n\n<figure class=\"wp-block-image size-large\"><img fetchpriority=\"high\" decoding=\"async\" width=\"1024\" height=\"717\" src=\"https:\/\/losperiodistas.com.mx\/portal\/wp-content\/uploads\/2024\/06\/Barcos-kTRB-U6026355181554EC-1200x840@diario_abc-1024x717.jpg\" alt=\"\" class=\"wp-image-76399\" srcset=\"https:\/\/losperiodistas.com.mx\/portal\/wp-content\/uploads\/2024\/06\/Barcos-kTRB-U6026355181554EC-1200x840@diario_abc-1024x717.jpg 1024w, https:\/\/losperiodistas.com.mx\/portal\/wp-content\/uploads\/2024\/06\/Barcos-kTRB-U6026355181554EC-1200x840@diario_abc-300x210.jpg 300w, https:\/\/losperiodistas.com.mx\/portal\/wp-content\/uploads\/2024\/06\/Barcos-kTRB-U6026355181554EC-1200x840@diario_abc-768x538.jpg 768w, https:\/\/losperiodistas.com.mx\/portal\/wp-content\/uploads\/2024\/06\/Barcos-kTRB-U6026355181554EC-1200x840@diario_abc.jpg 1200w\" sizes=\"(max-width: 1024px) 100vw, 1024px\" \/><figcaption>Buques de la Marina de Guerra de Rusia arriban al puerto de La Habana, Cuba, en una fotograf\u00eda de archivo\u00a0EFE<\/figcaption><\/figure>\n\n\n\n<p class=\"has-vivid-red-color has-text-color has-medium-font-size\"><strong>Camila Acosta \/ Corresponsal en La Habana \/ ABC<\/strong><\/p>\n\n\n\n<p>Tres buques y un submarino nuclear de la Marina de Guerra de la Federaci\u00f3n de Rusia llegar\u00e1n a&nbsp;<a href=\"https:\/\/www.abc.es\/temas\/cuba\/\">Cuba<\/a>&nbsp;entre los d\u00edas 12 y 17 de junio pr\u00f3ximos en una \u00abvisita oficial al puerto de La Habana\u00bb, inform\u00f3 este jueves el Ministerio de las Fuerzas Armadas (Minfar) en un comunicado. Seg\u00fan la nota oficial, el destacamento se compone de la fragata Gorshkov, el submarino de propulsi\u00f3n nuclear Kazan, el buque petrolero de la flota Pashin y el remolcador de salvamento Nikolai Chiker.<\/p>\n\n\n\n<p>\u00abEsta visita se corresponde con las hist\u00f3ricas relaciones de amistad entre Cuba y la Federaci\u00f3n de Rusia y se acoge estrictamente a las regulaciones internacionales de las cuales Cuba es Estado parte\u00bb, detalla la informaci\u00f3n, que aclara que \u00abninguno de los los nav\u00edos es portador de armas nucleares, por lo que su escala en nuestro pa\u00eds no representa amenaza para la regi\u00f3n\u00bb. Algunos medios se\u00f1alan que pudiera tratarse de una excusa para realizar maniobras militares en las que participe lo mejor de la flota rusa.<\/p>\n\n\n\n<p>Seg\u00fan informa Efe, la fragata rusa Almirante Gorshkov, la nave l\u00edder de la \u00faltima generaci\u00f3n de fragatas de la armada rusa, efectu\u00f3 en enero de 2023 un ejercicio para entrenar el lanzamiento de<strong>\u00a0misiles hipers\u00f3nicos Tsirkon<\/strong>\u00a0en el Atl\u00e1ntico mediante una simulaci\u00f3n por ordenador. Asimismo, en febrero de 2023 particip\u00f3 en unos ejercicios conjuntos junto a Sud\u00e1frica y China y un mes m\u00e1s tarde se sum\u00f3 a los ejercicios conjuntos que llevaron a cabo las armadas de China, Ir\u00e1n y Rusia en el golfo de Om\u00e1n.<\/p>\n\n\n\n<p>NOTICIA RELACIONADA<\/p>\n\n\n\n<div class=\"wp-block-image\"><figure class=\"alignleft\"><a href=\"https:\/\/www.abc.es\/espana\/armada-continua-vigilancia-submarino-ruso-salida-aguas-20231219140701-nt.html#vca=modulo-rel-uno&amp;vso=abc&amp;vmc=noticias-rel&amp;vli=internacional\"><img decoding=\"async\" src=\"https:\/\/s2.abcstatics.com\/abc\/www\/multimedia\/espana\/2023\/12\/19\/Santa-Mara-U73263246020Tja-366x256@abc.jpg\" alt=\"La Armada contin\u00faa la vigilancia de un submarino ruso hasta su salida de aguas espa\u00f1olas\"\/><\/a><\/figure><\/div>\n\n\n\n<h3 class=\"wp-block-heading\"><a href=\"https:\/\/www.abc.es\/espana\/armada-continua-vigilancia-submarino-ruso-salida-aguas-20231219140701-nt.html#vca=modulo-rel-uno&amp;vso=abc&amp;vmc=noticias-rel&amp;vli=internacional\">La Armada contin\u00faa la vigilancia de un submarino ruso hasta su salida de aguas espa\u00f1olas<\/a><\/h3>\n\n\n\n<p>PILAR DE LA CUESTA<\/p>\n\n\n\n<p><\/p>\n\n\n\n<p><\/p>\n\n\n\n<p><\/p>\n\n\n\n<p>Primero lo monitoriz\u00f3 a su paso por el norte de Espa\u00f1a y retom\u00f3 la vigilancia en el Atl\u00e1ntico<\/p>\n\n\n\n<p>Por su parte, el Kazan es un submarino de propulsi\u00f3n nuclear con capacidad para disparar misiles de crucero y entr\u00f3 en funcionamiento en 2021.<\/p>\n\n\n\n<p>Durante su estancia en la isla, los marinos rusos \u00abcumplir\u00e1n un programa de actividades que incluye visitas de cortes\u00eda al Jefe de la Marina de Guerra Revolucionaria y a la Gobernadora de La Habana. Adem\u00e1s recorrer\u00e1n lugares de inter\u00e9s hist\u00f3rico y cultural\u00bb.<\/p>\n\n\n\n<p>Asimismo, refieren que \u00ab<strong>ser\u00e1n disparadas 21 salvas<\/strong>\u00a0desde una de las naves de la agrupaci\u00f3n de buques como saludo a la Naci\u00f3n\u00ab, que ser\u00e1n contestadas por una bater\u00eda de artiller\u00eda de las Fuerzas Armadas Revolucionarias desde la Fortaleza San Carlos de La Caba\u00f1a.<\/p>\n\n\n\n<figure class=\"wp-block-embed is-type-rich is-provider-twitter wp-block-embed-twitter\"><div class=\"wp-block-embed__wrapper\">\nhttps:\/\/twitter.com\/CubaMINREX\/status\/1798721426662543794?ref_src=twsrc%5Etfw%7Ctwcamp%5Etweetembed%7Ctwterm%5E1798721426662543794%7Ctwgr%5E98ba16b2f938273ad3f85799cab7107672449329%7Ctwcon%5Es1_c10&#038;ref_url=https%3A%2F%2Fwww.abc.es%2Finternacional%2Fcuba-confirma-llegada-tres-barcos-submarino-nuclear-20240606175622-nt.html\n<\/div><\/figure>\n\n\n\n<p>No es esta la primera ocasi\u00f3n que, en medio del conflicto armado entre Rusia y Ucrania, un buque de guerra ruso llega a Cuba. En julio del pasado a\u00f1o La Habana tambi\u00e9n recibi\u00f3 durante tres d\u00edas al buque de entrenamiento Perekop, perteneciente a la Flota del B\u00e1ltico de la Marina Rusa.<\/p>\n\n\n\n<p>En ese momento, el primer ministro cubano,&nbsp;<strong>Manuel Marrero Cruz,<\/strong>&nbsp;se\u00f1al\u00f3 que tanto Rusia como Cuba se enfrentaban \u00aba la tarea de elevar las relaciones comerciales y econ\u00f3micas al nivel en el que se encuentran las relaciones pol\u00edticas, que son muy fuertes\u00bb.<\/p>\n\n\n\n<p>La alianza entre los reg\u00edmenes de Cuba y Rusia Putin se ha intensificado en los \u00faltimos a\u00f1os con la firma de varios acuerdos de cooperaci\u00f3n en diversas \u00e1reas de inter\u00e9s comercial y pol\u00edtico.<\/p>\n\n\n\n<p>Desde la invasi\u00f3n rusa a Ucrania, La Habana ha apoyado al Kremlin incluso&nbsp;<a href=\"https:\/\/www.abc.es\/internacional\/cuba-trata-desarticular-red-reclutaba-nacionales-mercenarios-20230905082843-nt.html\">con hombres para integrar el ej\u00e9rcito ruso.<\/a><\/p>\n\n\n\n<p>Hace menos de un mes, el mandatario cubano\u00a0<a href=\"https:\/\/www.abc.es\/especiales\/dictadores-comunistas-siglo-xxi\/miguel-diaz-canel\/\">Miguel D\u00edaz-Canel<\/a>\u00a0visit\u00f3 Rusia, se reuni\u00f3 con Putin y particip\u00f3 de los festejos oficiales por el D\u00eda de la Victoria, lleg\u00e1ndole a desear p\u00fablicamente \u00ab\u00e9xitos a a la Federaci\u00f3n Rusa en la operaci\u00f3n militar especial\u00bb, eufemismo con el que catalogan la invasi\u00f3n a Ucrania.<\/p>\n\n\n\n<p>Fuente: <a href=\"https:\/\/www.abc.es\/internacional\/cuba-confirma-llegada-tres-barcos-submarino-nuclear-20240606175622-nt.html\">https:\/\/www.abc.es\/internacional\/cuba-confirma-llegada-tres-barcos-submarino-nuclear-20240606175622-nt.html<\/a><\/p>\n","protected":false},"excerpt":{"rendered":"<p>El Ministerio de Exteriores ha informado en un comunicado de la visita, pero no habla de ejercicios Camila Acosta \/ [&hellip;]<\/p>\n","protected":false},"author":1,"featured_media":76399,"comment_status":"open","ping_status":"open","sticky":false,"template":"","format":"standard","meta":{"site-sidebar-layout":"default","site-content-layout":"","ast-site-content-layout":"default","site-content-style":"default","site-sidebar-style":"default","ast-global-header-display":"","ast-banner-title-visibility":"","ast-main-header-display":"","ast-hfb-above-header-display":"","ast-hfb-below-header-display":"","ast-hfb-mobile-header-display":"","site-post-title":"","ast-breadcrumbs-content":"","ast-featured-img":"","footer-sml-layout":"","theme-transparent-header-meta":"","adv-header-id-meta":"","stick-header-meta":"","header-above-stick-meta":"","header-main-stick-meta":"","header-below-stick-meta":"","astra-migrate-meta-layouts":"default","ast-page-background-enabled":"default","ast-page-background-meta":{"desktop":{"background-color":"var(--ast-global-color-4)","background-image":"","background-repeat":"repeat","background-position":"center center","background-size":"auto","background-attachment":"scroll","background-type":"","background-media":"","overlay-type":"","overlay-color":"","overlay-opacity":"","overlay-gradient":""},"tablet":{"background-color":"","background-image":"","background-repeat":"repeat","background-position":"center center","background-size":"auto","background-attachment":"scroll","background-type":"","background-media":"","overlay-type":"","overlay-color":"","overlay-opacity":"","overlay-gradient":""},"mobile":{"background-color":"","background-image":"","background-repeat":"repeat","background-position":"center center","background-size":"auto","background-attachment":"scroll","background-type":"","background-media":"","overlay-type":"","overlay-color":"","overlay-opacity":"","overlay-gradient":""}},"ast-content-background-meta":{"desktop":{"background-color":"var(--ast-global-color-5)","background-image":"","background-repeat":"repeat","background-position":"center center","background-size":"auto","background-attachment":"scroll","background-type":"","background-media":"","overlay-type":"","overlay-color":"","overlay-opacity":"","overlay-gradient":""},"tablet":{"background-color":"var(--ast-global-color-5)","background-image":"","background-repeat":"repeat","background-position":"center center","background-size":"auto","background-attachment":"scroll","background-type":"","background-media":"","overlay-type":"","overlay-color":"","overlay-opacity":"","overlay-gradient":""},"mobile":{"background-color":"var(--ast-global-color-5)","background-image":"","background-repeat":"repeat","background-position":"center center","background-size":"auto","background-attachment":"scroll","background-type":"","background-media":"","overlay-type":"","overlay-color":"","overlay-opacity":"","overlay-gradient":""}},"footnotes":""},"categories":[8],"tags":[25956,25957],"class_list":["post-76398","post","type-post","status-publish","format-standard","has-post-thumbnail","hentry","category-noticias","tag-fortaleza-san-carlos-de-la-cabana","tag-submarino-nuclear-ruso"],"_links":{"self":[{"href":"https:\/\/losperiodistas.com.mx\/portal\/wp-json\/wp\/v2\/posts\/76398","targetHints":{"allow":["GET"]}}],"collection":[{"href":"https:\/\/losperiodistas.com.mx\/portal\/wp-json\/wp\/v2\/posts"}],"about":[{"href":"https:\/\/losperiodistas.com.mx\/portal\/wp-json\/wp\/v2\/types\/post"}],"author":[{"embeddable":true,"href":"https:\/\/losperiodistas.com.mx\/portal\/wp-json\/wp\/v2\/users\/1"}],"replies":[{"embeddable":true,"href":"https:\/\/losperiodistas.com.mx\/portal\/wp-json\/wp\/v2\/comments?post=76398"}],"version-history":[{"count":1,"href":"https:\/\/losperiodistas.com.mx\/portal\/wp-json\/wp\/v2\/posts\/76398\/revisions"}],"predecessor-version":[{"id":76401,"href":"https:\/\/losperiodistas.com.mx\/portal\/wp-json\/wp\/v2\/posts\/76398\/revisions\/76401"}],"wp:featuredmedia":[{"embeddable":true,"href":"https:\/\/losperiodistas.com.mx\/portal\/wp-json\/wp\/v2\/media\/76399"}],"wp:attachment":[{"href":"https:\/\/losperiodistas.com.mx\/portal\/wp-json\/wp\/v2\/media?parent=76398"}],"wp:term":[{"taxonomy":"category","embeddable":true,"href":"https:\/\/losperiodistas.com.mx\/portal\/wp-json\/wp\/v2\/categories?post=76398"},{"taxonomy":"post_tag","embeddable":true,"href":"https:\/\/losperiodistas.com.mx\/portal\/wp-json\/wp\/v2\/tags?post=76398"}],"curies":[{"name":"wp","href":"https:\/\/api.w.org\/{rel}","templated":true}]}}