{"id":7639,"date":"2021-05-05T07:40:10","date_gmt":"2021-05-05T12:40:10","guid":{"rendered":"http:\/\/losperiodistas.com.mx\/portal\/?p=7639"},"modified":"2021-05-05T07:40:12","modified_gmt":"2021-05-05T12:40:12","slug":"campana-negra-en-mi-contra-por-miedo-de-mis-adversarios-rivera-e-consulta","status":"publish","type":"post","link":"https:\/\/losperiodistas.com.mx\/portal\/campana-negra-en-mi-contra-por-miedo-de-mis-adversarios-rivera-e-consulta\/","title":{"rendered":"Campa\u00f1a negra en mi contra por miedo de mis adversarios: Rivera | E-Consulta"},"content":{"rendered":"\n<p style=\"font-size:18px\"><em>La alcaldesa ya impugn\u00f3 las sanciones del TEEP.<\/em><\/p>\n\n\n\n<p><\/p>\n\n\n\n<figure class=\"wp-block-image size-large\"><img fetchpriority=\"high\" decoding=\"async\" width=\"1024\" height=\"685\" src=\"https:\/\/losperiodistas.com.mx\/portal\/wp-content\/uploads\/2021\/05\/Captura-de-Pantalla-2021-05-05-a-las-7.26.00-1024x685.jpg\" alt=\"\" class=\"wp-image-7640\" srcset=\"https:\/\/losperiodistas.com.mx\/portal\/wp-content\/uploads\/2021\/05\/Captura-de-Pantalla-2021-05-05-a-las-7.26.00-1024x685.jpg 1024w, https:\/\/losperiodistas.com.mx\/portal\/wp-content\/uploads\/2021\/05\/Captura-de-Pantalla-2021-05-05-a-las-7.26.00-300x201.jpg 300w, https:\/\/losperiodistas.com.mx\/portal\/wp-content\/uploads\/2021\/05\/Captura-de-Pantalla-2021-05-05-a-las-7.26.00-768x514.jpg 768w, https:\/\/losperiodistas.com.mx\/portal\/wp-content\/uploads\/2021\/05\/Captura-de-Pantalla-2021-05-05-a-las-7.26.00-1536x1028.jpg 1536w, https:\/\/losperiodistas.com.mx\/portal\/wp-content\/uploads\/2021\/05\/Captura-de-Pantalla-2021-05-05-a-las-7.26.00-2048x1371.jpg 2048w\" sizes=\"(max-width: 1024px) 100vw, 1024px\" \/><\/figure>\n\n\n\n<p><\/p>\n\n\n\n<p class=\"has-vivid-cyan-blue-color has-text-color has-medium-font-size\">H\u00c9CTOR LLORAME \/ E-CONSULTA<\/p>\n\n\n\n<p>La alcaldesa de Puebla con licencia,&nbsp;<strong>Claudia Rivera Vivanco<\/strong>, denunci\u00f3 campa\u00f1as negras en su<strong>&nbsp;contra pagadas con recursos p\u00fablicos<\/strong>&nbsp;por \u201cmezquinos\u201d que tienen miedo de su reelecci\u00f3n.<\/p>\n\n\n\n<p><br>En su primer acto de campa\u00f1a este martes, la candidata de la coalici\u00f3n Juntos Haremos Historia (Morena-PT) se\u00f1al\u00f3 que ya se\u00a0<strong>investigan los ataques en su contra, as\u00ed como las llamadas que se hicieron a su nombre la madrugada del lunes.<\/strong><br><br>Tras recorrer las calles de San Pablo Xochimehuac\u00e1n se disculp\u00f3 con la ciudadan\u00eda por las llamadas telef\u00f3nicas que se hicieron con la intenci\u00f3n de realizar un\u00a0<strong>falso proselitismo, del cual se deslind\u00f3.<\/strong><br><br><strong>\u201cEvidentemente es un ataque<\/strong>. Yo les digo a los ciudadanos, me disculpo por lo que aquellos mezquinos intentan hacer para desprestigiar y para atacar la transformaci\u00f3n de una naci\u00f3n desde el municipio. A esos no hay que tenerles ninguna consideraci\u00f3n\u201d sentenci\u00f3.<br><br>La presidenta municipal consider\u00f3 que este y otros actos que buscan denostarla se realizan porque\u00a0<strong>sus opositores \u201ctienen miedo\u201d<\/strong>, aunque no nombr\u00f3 a los responsables.<br><br>De nuevo pidi\u00f3 el apoyo de la ciudadan\u00eda como en 2018 al afirmar que\u00a0<strong>se mantiene \u201cfuerte y firme\u201d en su lucha,<\/strong>\u00a0adem\u00e1s de que se comprometi\u00f3 a\u00a0<strong>competir con disciplina y respetar las reglas.<\/strong><br><br>\u201cJugaremos con amor, con pasi\u00f3n, con respeto de todas las reglas. No importa que nos quieran atacar, no importa que nos hagan todas las campa\u00f1as negras y que paguen lo que quieran. Hoy s\u00ed hay quienes pagan campa\u00f1as negras con el dinero que no es de su bolsa. Pero ya lo evidenciamos, les pido su acompa\u00f1amiento para seguir dando esta lucha fuertes\u201d, expres\u00f3.<br>La alcaldesa con licencia iniciar\u00eda su campa\u00f1a el primer minuto de\u00a0este martes, pero cancel\u00f3 su evento debido a que el Instituto Electoral del Estado (IEE) aprob\u00f3 los registros de candidaturas con varias horas de retraso.\u00a0<\/p>\n\n\n\n<p>Fuente: https:\/\/www.e-consulta.com\/nota\/2021-05-04\/elecciones\/campana-negra-en-mi-contra-por-miedo-de-mis-adversarios-rivera<\/p>\n","protected":false},"excerpt":{"rendered":"<p>La alcaldesa ya impugn\u00f3 las sanciones del TEEP. H\u00c9CTOR LLORAME \/ E-CONSULTA La alcaldesa de Puebla con licencia,&nbsp;Claudia Rivera Vivanco, [&hellip;]<\/p>\n","protected":false},"author":1,"featured_media":7640,"comment_status":"open","ping_status":"open","sticky":false,"template":"","format":"standard","meta":{"site-sidebar-layout":"default","site-content-layout":"","ast-site-content-layout":"default","site-content-style":"default","site-sidebar-style":"default","ast-global-header-display":"","ast-banner-title-visibility":"","ast-main-header-display":"","ast-hfb-above-header-display":"","ast-hfb-below-header-display":"","ast-hfb-mobile-header-display":"","site-post-title":"","ast-breadcrumbs-content":"","ast-featured-img":"","footer-sml-layout":"","theme-transparent-header-meta":"","adv-header-id-meta":"","stick-header-meta":"","header-above-stick-meta":"","header-main-stick-meta":"","header-below-stick-meta":"","astra-migrate-meta-layouts":"default","ast-page-background-enabled":"default","ast-page-background-meta":{"desktop":{"background-color":"var(--ast-global-color-4)","background-image":"","background-repeat":"repeat","background-position":"center center","background-size":"auto","background-attachment":"scroll","background-type":"","background-media":"","overlay-type":"","overlay-color":"","overlay-opacity":"","overlay-gradient":""},"tablet":{"background-color":"","background-image":"","background-repeat":"repeat","background-position":"center center","background-size":"auto","background-attachment":"scroll","background-type":"","background-media":"","overlay-type":"","overlay-color":"","overlay-opacity":"","overlay-gradient":""},"mobile":{"background-color":"","background-image":"","background-repeat":"repeat","background-position":"center center","background-size":"auto","background-attachment":"scroll","background-type":"","background-media":"","overlay-type":"","overlay-color":"","overlay-opacity":"","overlay-gradient":""}},"ast-content-background-meta":{"desktop":{"background-color":"var(--ast-global-color-5)","background-image":"","background-repeat":"repeat","background-position":"center center","background-size":"auto","background-attachment":"scroll","background-type":"","background-media":"","overlay-type":"","overlay-color":"","overlay-opacity":"","overlay-gradient":""},"tablet":{"background-color":"var(--ast-global-color-5)","background-image":"","background-repeat":"repeat","background-position":"center center","background-size":"auto","background-attachment":"scroll","background-type":"","background-media":"","overlay-type":"","overlay-color":"","overlay-opacity":"","overlay-gradient":""},"mobile":{"background-color":"var(--ast-global-color-5)","background-image":"","background-repeat":"repeat","background-position":"center center","background-size":"auto","background-attachment":"scroll","background-type":"","background-media":"","overlay-type":"","overlay-color":"","overlay-opacity":"","overlay-gradient":""}},"footnotes":""},"categories":[8],"tags":[1333],"class_list":["post-7639","post","type-post","status-publish","format-standard","has-post-thumbnail","hentry","category-noticias","tag-claudia-riveera-reeleccion-puebla"],"_links":{"self":[{"href":"https:\/\/losperiodistas.com.mx\/portal\/wp-json\/wp\/v2\/posts\/7639","targetHints":{"allow":["GET"]}}],"collection":[{"href":"https:\/\/losperiodistas.com.mx\/portal\/wp-json\/wp\/v2\/posts"}],"about":[{"href":"https:\/\/losperiodistas.com.mx\/portal\/wp-json\/wp\/v2\/types\/post"}],"author":[{"embeddable":true,"href":"https:\/\/losperiodistas.com.mx\/portal\/wp-json\/wp\/v2\/users\/1"}],"replies":[{"embeddable":true,"href":"https:\/\/losperiodistas.com.mx\/portal\/wp-json\/wp\/v2\/comments?post=7639"}],"version-history":[{"count":1,"href":"https:\/\/losperiodistas.com.mx\/portal\/wp-json\/wp\/v2\/posts\/7639\/revisions"}],"predecessor-version":[{"id":7641,"href":"https:\/\/losperiodistas.com.mx\/portal\/wp-json\/wp\/v2\/posts\/7639\/revisions\/7641"}],"wp:featuredmedia":[{"embeddable":true,"href":"https:\/\/losperiodistas.com.mx\/portal\/wp-json\/wp\/v2\/media\/7640"}],"wp:attachment":[{"href":"https:\/\/losperiodistas.com.mx\/portal\/wp-json\/wp\/v2\/media?parent=7639"}],"wp:term":[{"taxonomy":"category","embeddable":true,"href":"https:\/\/losperiodistas.com.mx\/portal\/wp-json\/wp\/v2\/categories?post=7639"},{"taxonomy":"post_tag","embeddable":true,"href":"https:\/\/losperiodistas.com.mx\/portal\/wp-json\/wp\/v2\/tags?post=7639"}],"curies":[{"name":"wp","href":"https:\/\/api.w.org\/{rel}","templated":true}]}}