{"id":76380,"date":"2024-06-07T09:39:16","date_gmt":"2024-06-07T14:39:16","guid":{"rendered":"https:\/\/losperiodistas.com.mx\/portal\/?p=76380"},"modified":"2024-06-07T09:39:18","modified_gmt":"2024-06-07T14:39:18","slug":"borja-jimenez-ser-torero-es-vocacional-porque-es-imposible-jugarte-la-vida-delante-de-un-toro-simplemente-por-dinero-ld","status":"publish","type":"post","link":"https:\/\/losperiodistas.com.mx\/portal\/borja-jimenez-ser-torero-es-vocacional-porque-es-imposible-jugarte-la-vida-delante-de-un-toro-simplemente-por-dinero-ld\/","title":{"rendered":"Borja Jim\u00e9nez: \u00abSer torero es vocacional porque es imposible jugarte la vida delante de un toro simplemente por dinero\u00bb | LD"},"content":{"rendered":"\n<h2 class=\"has-background has-medium-font-size wp-block-heading\" style=\"background-color:#f58585\">El matador de toros visita esRadio entre la Corrida de la Prensa que lidi\u00f3 el mi\u00e9rcoles y la del viernes, en la que comparte cartel con Roca Rey<\/h2>\n\n\n\n<figure class=\"wp-block-image size-large\"><img fetchpriority=\"high\" decoding=\"async\" width=\"1024\" height=\"682\" src=\"https:\/\/losperiodistas.com.mx\/portal\/wp-content\/uploads\/2024\/06\/Captura-de-Pantalla-2024-06-07-a-las-8.32.22-1024x682.jpg\" alt=\"\" class=\"wp-image-76381\" srcset=\"https:\/\/losperiodistas.com.mx\/portal\/wp-content\/uploads\/2024\/06\/Captura-de-Pantalla-2024-06-07-a-las-8.32.22-1024x682.jpg 1024w, https:\/\/losperiodistas.com.mx\/portal\/wp-content\/uploads\/2024\/06\/Captura-de-Pantalla-2024-06-07-a-las-8.32.22-300x200.jpg 300w, https:\/\/losperiodistas.com.mx\/portal\/wp-content\/uploads\/2024\/06\/Captura-de-Pantalla-2024-06-07-a-las-8.32.22-768x511.jpg 768w, https:\/\/losperiodistas.com.mx\/portal\/wp-content\/uploads\/2024\/06\/Captura-de-Pantalla-2024-06-07-a-las-8.32.22.jpg 1430w\" sizes=\"(max-width: 1024px) 100vw, 1024px\" \/><\/figure>\n\n\n\n<p><\/p>\n\n\n\n<p><a href=\"https:\/\/esradio.libertaddigital.com\/fonoteca\/embed\/7134463.html\">AUDIO<\/a><\/p>\n\n\n\n<p class=\"has-vivid-red-color has-text-color has-medium-font-size\"><strong>J. ROMERO JORNDANO \/ Libertad Digital<\/strong><\/p>\n\n\n\n<p>El matador de toros revelaci\u00f3n de la temporada 2023,&nbsp;<a href=\"https:\/\/www.libertaddigital.com\/cultura\/toros\/2023-12-06\/borja-jimenez-torero-revelacion-de-2023-los-toreros-que-triunfamos-nos-merecemos-la-respuesta-de-los-empresarios-7076876\/\"><strong>Borja Jim\u00e9nez<\/strong><\/a>&nbsp;(Espartinas, Sevilla, 1992) est\u00e1 en la campa\u00f1a presente recogiendo los r\u00e9ditos de lo logrado hace unos meses. Su participaci\u00f3n en la&nbsp;<a href=\"https:\/\/www.libertaddigital.com\/cultura\/toros\/2024-02-01\/carteles-oficiales-feria-san-isidro-2024-7092929\/\"><strong>Feria de San Isidro 2024<\/strong><\/a>&nbsp;por partida triple, bien colocado y con toros con posibilidades de triunfo es uno de esos premios. Ya debut\u00f3 en el serial cortando una oreja a un gran toro de Santiago Domecq el viernes 31 de mayo y qued\u00f3 en buen lugar en la Corrida de la Prensa del pasado mi\u00e9rcoles en el mano a mano con&nbsp;<strong>Paco Ure\u00f1a<\/strong>&nbsp;con toros de&nbsp;<strong>Victorino Mart\u00edn<\/strong>&nbsp;en presencia de&nbsp;<strong>Felipe VI<\/strong>. S\u00f3lo le queda la corrida del viernes 7 de junio en la que lidiar\u00e1 toros de&nbsp;<strong>Victoriano del R\u00edo<\/strong>&nbsp;con&nbsp;<strong>Emilio de Justo<\/strong>&nbsp;y&nbsp;<strong>Roca Rey<\/strong>, uno de los carteles del a\u00f1o.<\/p>\n\n\n\n<p>Borja Jim\u00e9nez ha aprovechado la jornada libre entre la Corrida de la Prensa y su \u00faltima participaci\u00f3n en San Isidro 2024 para acercarse al programa\u00a0<a href=\"https:\/\/esradio.libertaddigital.com\/es-la-manana-de-federico\/\"><em><strong>Es la Ma\u00f1ana de Federico<\/strong><\/em><\/a>\u00a0de esRadio junto a\u00a0<strong>Jim\u00e9nez Losantos<\/strong>\u00a0y\u00a0<strong>Andr\u00e9s Amor\u00f3s<\/strong>, que triunfan cada ma\u00f1ana con la secci\u00f3n taurina\u00a0<a href=\"https:\/\/esradio.libertaddigital.com\/fonoteca\/2024-06-06\/al-alimon-asi-fue-la-corrida-de-la-prensa-de-san-isidro-2024-vista-por-borja-jimenez-p20-s7008515-7134463.html?_ga=2.66368046.1418001741.1717394982-1789186899.1624605770&amp;_gl=1*1qashz3*_ga*MTc4OTE4Njg5OS4xNjI0NjA1Nzcw*_ga_69R48LF3TL*MTcxNzY4MjE5MS4xNTkyLjEuMTcxNzY4MjQxNC41Ny4wLjA.\"><em><strong>Al Alim\u00f3n<\/strong><\/em><\/a>. El torero de Espartinas ha hablado del festejo de la tarde anterior y ha asegurado que \u00ab<strong>fue una corrida muy exigente<\/strong>. De las que salen de Victorino exigentes y duras, pero hay tardes y tardes. Igual que el a\u00f1o pasado en la del 8 de octubre sali\u00f3 una corrida buena a la que le pude cortar tres orejas ayer se vivi\u00f3 la otra cara, la parte de la dureza\u00bb. Ha hablado de su forma de entrar a matar y ha dicho que empez\u00f3 \u00aba entrar un poco de largo y es verdad que estoy matando toros muy bien as\u00ed. Ayer no fue el caso, pero me encuentro c\u00f3modo entrando de esa manera. A lo mejor me puse un poquito m\u00e1s largo de la cuenta\u00bb.<\/p>\n\n\n\n<p><a href=\"https:\/\/www.libertaddigital.com\/cultura\/toros\/2024-02-01\/carteles-oficiales-feria-san-isidro-2024-7092929\/\">Todas las figuras se dan cita en San Isidro 2024 (Carteles oficiales)J. Romero<\/a><\/p>\n\n\n\n<p>Sobre la faena al segundo toro de la tarde que marr\u00f3 con la espada ha contado que vio \u00abcon el capote que el toro pod\u00eda tener opciones\u00bb. \u00abLo dej\u00e9 muy crudo en el caballo, pr\u00e1cticamente no lo piqu\u00e9, para que se moviera y apostarle, pero lo que hizo el toro fue orientarse cada vez m\u00e1s\u00bb, ha se\u00f1alado Jim\u00e9nez. Una de las consecuencias de esa decisi\u00f3n es que el animal \u00abdesarroll\u00f3 sentido\u00bb. \u00abLas dos primeras tandas empez\u00f3 a tirar para adelante, pero a partir del tercer muletazo ya le costaba much\u00edsimo trabajo pasar. Te buscaba por detr\u00e1s y se puso muy complicado\u00bb, ha a\u00f1adido. Ese toro era uno al que \u00abten\u00edas que apostarle una barbaridad para pegarle un muletazo porque son de&nbsp;<strong>esos toros de Victorino Mart\u00edn que se orientan muy r\u00e1pido<\/strong>&nbsp;y cualquier m\u00ednimo error van orient\u00e1ndose cada vez m\u00e1s. Apostamos lo que pudimos. Al principio pasaba m\u00e1s f\u00e1cil, en el momento que se le quit\u00f3 la inercia ya es cuando a \u00e9l empez\u00f3 a costarle m\u00e1s\u00bb.<\/p>\n\n\n\n<h3 class=\"wp-block-heading\">El origen de su afici\u00f3n<\/h3>\n\n\n\n<figure class=\"wp-block-image\"><a href=\"https:\/\/s.libertaddigital.com\/2024\/06\/06\/torero-borja-jimenez-esradio-060624-2.jpg\"><img decoding=\"async\" src=\"https:\/\/s.libertaddigital.com\/2024\/06\/06\/torero-borja-jimenez-esradio-060624-2.jpg\" alt=\"torero-borja-jimenez-esradio-060624-2.jpg\"\/><\/a><figcaption>Borja Jim\u00e9nez en esRadio<\/figcaption><\/figure>\n\n\n\n<p>Como natural de Espartinas, localidad natal de&nbsp;<strong>Juan Antonio Ruiz Espartaco<\/strong>, Borja Jim\u00e9nez comenz\u00f3 toreando en la escuela taurina que Espartaco padre ten\u00eda. \u00abLo primero que nos ense\u00f1\u00f3 nada m\u00e1s que entramos en la escuela fue la \u00e9tica del toreo, el respeto que hay que tener a esta profesi\u00f3n, los valores, el respeto al animal, el esfuerzo, el sacrificio y la dedicaci\u00f3n plena a esta profesi\u00f3n\u00bb, ha recordado el matador de toros. \u00abAl final&nbsp;<strong>nos ense\u00f1\u00f3 todo para poder funcionar en el mundo del toro<\/strong>. Todos esos valores que hay que tener para poder dar un paso m\u00e1s all\u00e1 cuando las cosas se ponen dif\u00edciles\u00bb, ha a\u00f1adido.<\/p>\n\n\n\n<p>El matador de toros, que tambi\u00e9n es ingeniero agr\u00f3nomo, pas\u00f3 muchos a\u00f1os en el banquillo esperando su oportunidad para triunfar y entrar en las grandes feria de la temporada. Sobre esta \u00e9poca ha contado que estuvo \u00abtrabajando un par de a\u00f1os en una certificadora de cerdo ib\u00e9rico cuando estaba toreando muy poco y all\u00ed era inspector de la campa\u00f1a de la bellota. Gracias a Dios ya lo dej\u00e9 a un lado y pude dedicarme a ser torero\u00bb. Borja Jim\u00e9nez ha dicho que torear era algo que \u00abnecesitaba\u00bb, pero \u00abno para comer sino porque esto al final es mi vida, donde me siento realizado\u00bb. \u00ab<strong>Soy feliz haciendo esto, toreando<\/strong>. No he encontrado ninguna cosa que se asimile al toreo, que te llene tanto como el toreo. Es una profesi\u00f3n muy dura, pero despu\u00e9s te da unas satisfacciones que no te las da otra profesi\u00f3n\u00bb, ha confesado.<\/p>\n\n\n\n<p><a href=\"https:\/\/www.libertaddigital.com\/cultura\/toros\/2023-12-06\/borja-jimenez-torero-revelacion-de-2023-los-toreros-que-triunfamos-nos-merecemos-la-respuesta-de-los-empresarios-7076876\/\">Borja Jim\u00e9nez: \u00abLos toreros que triunfamos nos merecemos la respuesta de los empresarios\u00bbJ. Romero<\/a><\/p>\n\n\n\n<h3 class=\"wp-block-heading\">La vocaci\u00f3n de un torero<\/h3>\n\n\n\n<p>\u00abYo empec\u00e9 muy temprano.&nbsp;<strong>Desde muy temprana edad querer ser torero<\/strong>\u00ab, ha explicado Borja Jim\u00e9nez que ha reiterado que \u00abmucha parte de culpa de esa afici\u00f3n\u00bb se la \u00abtraslad\u00f3 el maestro Espartaco padre cuando estaba en la escuela\u00bb. \u00abEra tant\u00edsima la afici\u00f3n que \u00e9l tiene\u00bb que la capt\u00f3 \u00abmuy r\u00e1pido\u00bb, ha dicho el matador de toros, que ha recordado que toda su infancia \u00abha sido en torno al toro, viendo toros, viendo much\u00edsimas corridas de toros y entrenando mucho\u00bb. Pese a todo recuerda esa etapa como \u00abmuy bonita\u00bb. \u00abAl final cuando uno hace lo que le gusta y se siente realizado con la profesi\u00f3n que tiene pues la disfruta aunque sea dura\u00bb, ha apuntado.<\/p>\n\n\n\n<figure class=\"wp-block-image\"><a href=\"https:\/\/s.libertaddigital.com\/2024\/06\/06\/feria-de-san-isidro-borja-jimenez-2024-victorino.jpg\"><img decoding=\"async\" src=\"https:\/\/s.libertaddigital.com\/2024\/06\/06\/feria-de-san-isidro-borja-jimenez-2024-victorino.jpg\" alt=\"feria-de-san-isidro-borja-jimenez-2024-victorino.jpg\"\/><\/a><figcaption>Borja Jim\u00e9nez en Las Ventas | EFE<\/figcaption><\/figure>\n\n\n\n<p>En este sentido, Borja Jim\u00e9nez ha dicho que eso se debe a \u00abla vocaci\u00f3n\u00bb y ha explicado que \u00abpara ser torero tiene que ser algo vocacional sino&nbsp;<strong>es pr\u00e1cticamente imposible jugarte la vida delante de un toro simplemente por dinero<\/strong>\u00ab. Ha destacado que \u00abantiguamente s\u00ed que se hac\u00eda por eso, pero hoy en d\u00eda hay muchos medios para poderte ganar la vida y si eres torero es porque de verdad lo sientes y quieres expresar algo que otra profesi\u00f3n no te lo deja expresar\u00bb. Sobre el sacrificio de ser torero ha contado que \u00abcuando era m\u00e1s ni\u00f1o, cuando mis amigos se iban de discoteca y yo me quedaba para entrenar era muy dif\u00edcil que te entiendan, pero cuando uno tiene las ideas muy claras, del sue\u00f1o que quiere conseguir y sabe lo dif\u00edcil que es este mundo para conseguir todos esos objetivos no cuesta trabajo. Al rev\u00e9s\u00bb.<\/p>\n\n\n\n<h2 class=\"wp-block-heading\">Relacionado<\/h2>\n\n\n\n<ul class=\"wp-block-list\"><li><a href=\"https:\/\/www.libertaddigital.com\/cultura\/toros\/2023-12-06\/borja-jimenez-torero-revelacion-de-2023-los-toreros-que-triunfamos-nos-merecemos-la-respuesta-de-los-empresarios-7076876\/\">Borja Jim\u00e9nez: \u00abLos toreros que triunfamos nos merecemos la respuesta de los empresarios\u00bb<\/a><\/li><\/ul>\n\n\n\n<p>Tras el \u00e9xito de la temporada 2023 no ha parado de recoger \u00abmuch\u00edsimos premios\u00bb. En este sentido, el matador de toros ha reconocido que \u00ab<strong>este invierno ha sido un poco locura<\/strong>, he estado en cerca de 50 actos recorriendo Espa\u00f1a de arriba a abajo\u00bb. \u00abHe tenido tambi\u00e9n la suerte que he hecho mucho campo e iba compaginando todo. Antes de irme a recoger los premios me iba a entrenar o a un tentadero. Despu\u00e9s, cuando volv\u00eda, hac\u00eda lo mismo y ha sido un poquito agotador en ese sentido, pero no hemos perdido ning\u00fan d\u00eda\u00bb, ha explicado. Sobre su entrenamiento ha contado que le echa \u00abbastantes horas\u00bb y que comienza el d\u00eda haciendo deporte y luego torea de sal\u00f3n \u00abpor la ma\u00f1ana dos o tres horas y por la tarde otro par de horas\u00bb.<\/p>\n\n\n\n<h3 class=\"wp-block-heading\">Amistades taurinas<\/h3>\n\n\n\n<p>El matador de toros ha comentado que \u00abfuera de la plaza\u00bb s\u00ed que tiene amigos toreros y no tiene \u00abning\u00fan problema con nadie\u00bb y se lleva \u00abbien\u00bb con sus compa\u00f1eros\u00bb. \u00abS\u00ed que es verdad que una vez que entras en la plaza ah\u00ed cada uno va a su historia porque si tu compa\u00f1ero est\u00e1 mejor que t\u00fa al final te est\u00e1 quitando tu puesto\u00bb, ha confesado.<\/p>\n\n\n\n<figure class=\"wp-block-image\"><a href=\"https:\/\/s.libertaddigital.com\/2024\/06\/03\/feria-de-san-isidro-borja-jimenez-2024.jpg\"><img decoding=\"async\" src=\"https:\/\/s.libertaddigital.com\/2024\/06\/03\/feria-de-san-isidro-borja-jimenez-2024.jpg\" alt=\"feria-de-san-isidro-borja-jimenez-2024.jpg\"\/><\/a><figcaption>Triunfo de Borja Jim\u00e9nez en Madrid | EFE<\/figcaption><\/figure>\n\n\n\n<p>Sobre dos de los grandes toreros de hoy d\u00eda,&nbsp;<strong>Daniel Luque y Andr\u00e9s Roca Rey,<\/strong>&nbsp;que tienen una relaci\u00f3n complicada entre amos, el matador de toros de Espartinas ha dicho que \u00abcomo toreros son dos fen\u00f3menos, muy distintos, que tienen un nivel\u2026 es muy dif\u00edcil estar al nivel que ellos est\u00e1n\u00bb. \u00abTanto Luque como Roca Rey&nbsp;<strong>son dos figuras del toreo que llevan muchos a\u00f1os en las ferias<\/strong>&nbsp;y que demuestran cada vez que van a la plaza por qu\u00e9 est\u00e1n en las ferias\u00bb. Tambi\u00e9n ha hablado de algunos de sus referentes taurinos. Ha dicho que le han gustado \u00abmucho el maestro Manzanares padre y el maestro Anto\u00f1ete\u00bb. Adem\u00e1s que ha visto \u00abmuchos v\u00eddeos de El Capea, un torero que siempre me ha llamado mucho la atenci\u00f3n\u00bb. Otros toreros que ha mencionado son \u00abPaco Camino y Julio Robles\u00bb y \u00abel maestro Espartaco, obviamente\u00bb.<\/p>\n\n\n\n<h3 class=\"wp-block-heading\">Experto en&nbsp;<em>victorinos<\/em><\/h3>\n\n\n\n<p>Una de sus se\u00f1as de identidad ha sido que no ha dejado de matar todo tipo de ganader\u00edas y encastes. Una de ellas es la de Victorino Mart\u00edn, con la que consigui\u00f3 su gran triunfo en la pasada Feria de Oto\u00f1o de Madrid. Esta temporada se est\u00e1 anunciando mucho con la ganader\u00eda extreme\u00f1a incluido una encerrona \u00abel 19 de julio en La L\u00ednea de la Concepci\u00f3n\u00bb cuando matar\u00e1 6 toros en solitario de este hierro. Tambi\u00e9n la lidiar\u00e1 en Alicante y en la plaza francesa de Mont de Marsan y esta temporada ha triunfado con ella en Castell\u00f3n y en Sevilla. Ha dicho que es \u00ab<strong>una ganader\u00eda muy compleja, muy complicada<\/strong>\u00bb y que \u00ablas tardes duras de Victorino Mart\u00edn son muy duras, pero cuando un toro te regala embestidas tiene embestidas totalmente distintas a las dem\u00e1s\u00bb.<\/p>\n\n\n\n<figure class=\"wp-block-image\"><a href=\"https:\/\/s.libertaddigital.com\/2023\/10\/09\/las-ventas-borja-jimenez-feria-otono-2023.jpg\"><img decoding=\"async\" src=\"https:\/\/s.libertaddigital.com\/2023\/10\/09\/las-ventas-borja-jimenez-feria-otono-2023.jpg\" alt=\"las-ventas-borja-jimenez-feria-otono-2023.jpg\"\/><\/a><figcaption>La Puerta Grande de Las Ventas de Borja Jim\u00e9nez en 2023<\/figcaption><\/figure>\n\n\n\n<p>Sobre si seguir\u00e1 muchos a\u00f1os de matador de toros ha dicho que \u00abeso nunca se sabe\u00bb y que espera \u00abque dure muchos a\u00f1os\u00bb. \u00abEl a\u00f1o pasado ha sido mi eclosi\u00f3n en el toreo, ahora estoy en todas las ferias y\u00a0<strong>espero dar motivos para estar muchos a\u00f1os aqu\u00ed<\/strong>\u00ab, ha apuntado. Borja Jim\u00e9nez, adem\u00e1s, ha dicho que lleva \u00abdos tardes en Madrid\u00bb este a\u00f1o que es su \u00abprimer San Isidro\u00bb desde que tom\u00f3 la alternativa. \u00abLa primera tarde s\u00ed pude cortar una oreja al toro de Santiago Domecq, pudieron ser dos si hubiese matado bien, pero ya es importante cortar una oreja en Madrid. Es la plaza m\u00e1s dif\u00edcil, es muy complicada, se tienen que reunir much\u00edsimas cosas para triunfar y esperemos que ma\u00f1ana se re\u00fanan esas cosas para que sea una tarde importante\u00bb, ha finalizado.<\/p>\n\n\n\n<p>Fuente: <a href=\"https:\/\/www.libertaddigital.com\/cultura\/toros\/2024-06-06\/borja-jimenez-ser-torero-es-vocacional-porque-es-imposible-jugarte-la-vida-delante-de-un-toro-simplemente-por-dinero-7134598\/\">https:\/\/www.libertaddigital.com\/cultura\/toros\/2024-06-06\/borja-jimenez-ser-torero-es-vocacional-porque-es-imposible-jugarte-la-vida-delante-de-un-toro-simplemente-por-dinero-7134598\/<\/a><\/p>\n","protected":false},"excerpt":{"rendered":"<p>El matador de toros visita esRadio entre la Corrida de la Prensa que lidi\u00f3 el mi\u00e9rcoles y la del viernes, [&hellip;]<\/p>\n","protected":false},"author":1,"featured_media":76381,"comment_status":"open","ping_status":"open","sticky":false,"template":"","format":"standard","meta":{"site-sidebar-layout":"default","site-content-layout":"","ast-site-content-layout":"default","site-content-style":"default","site-sidebar-style":"default","ast-global-header-display":"","ast-banner-title-visibility":"","ast-main-header-display":"","ast-hfb-above-header-display":"","ast-hfb-below-header-display":"","ast-hfb-mobile-header-display":"","site-post-title":"","ast-breadcrumbs-content":"","ast-featured-img":"","footer-sml-layout":"","theme-transparent-header-meta":"","adv-header-id-meta":"","stick-header-meta":"","header-above-stick-meta":"","header-main-stick-meta":"","header-below-stick-meta":"","astra-migrate-meta-layouts":"default","ast-page-background-enabled":"default","ast-page-background-meta":{"desktop":{"background-color":"var(--ast-global-color-4)","background-image":"","background-repeat":"repeat","background-position":"center center","background-size":"auto","background-attachment":"scroll","background-type":"","background-media":"","overlay-type":"","overlay-color":"","overlay-opacity":"","overlay-gradient":""},"tablet":{"background-color":"","background-image":"","background-repeat":"repeat","background-position":"center center","background-size":"auto","background-attachment":"scroll","background-type":"","background-media":"","overlay-type":"","overlay-color":"","overlay-opacity":"","overlay-gradient":""},"mobile":{"background-color":"","background-image":"","background-repeat":"repeat","background-position":"center center","background-size":"auto","background-attachment":"scroll","background-type":"","background-media":"","overlay-type":"","overlay-color":"","overlay-opacity":"","overlay-gradient":""}},"ast-content-background-meta":{"desktop":{"background-color":"var(--ast-global-color-5)","background-image":"","background-repeat":"repeat","background-position":"center center","background-size":"auto","background-attachment":"scroll","background-type":"","background-media":"","overlay-type":"","overlay-color":"","overlay-opacity":"","overlay-gradient":""},"tablet":{"background-color":"var(--ast-global-color-5)","background-image":"","background-repeat":"repeat","background-position":"center center","background-size":"auto","background-attachment":"scroll","background-type":"","background-media":"","overlay-type":"","overlay-color":"","overlay-opacity":"","overlay-gradient":""},"mobile":{"background-color":"var(--ast-global-color-5)","background-image":"","background-repeat":"repeat","background-position":"center center","background-size":"auto","background-attachment":"scroll","background-type":"","background-media":"","overlay-type":"","overlay-color":"","overlay-opacity":"","overlay-gradient":""}},"footnotes":""},"categories":[8],"tags":[25940,2745,25942,25941],"class_list":["post-76380","post","type-post","status-publish","format-standard","has-post-thumbnail","hentry","category-noticias","tag-borja-jimenez","tag-tauromaquia","tag-victorinos","tag-vocacion-de-torero"],"_links":{"self":[{"href":"https:\/\/losperiodistas.com.mx\/portal\/wp-json\/wp\/v2\/posts\/76380","targetHints":{"allow":["GET"]}}],"collection":[{"href":"https:\/\/losperiodistas.com.mx\/portal\/wp-json\/wp\/v2\/posts"}],"about":[{"href":"https:\/\/losperiodistas.com.mx\/portal\/wp-json\/wp\/v2\/types\/post"}],"author":[{"embeddable":true,"href":"https:\/\/losperiodistas.com.mx\/portal\/wp-json\/wp\/v2\/users\/1"}],"replies":[{"embeddable":true,"href":"https:\/\/losperiodistas.com.mx\/portal\/wp-json\/wp\/v2\/comments?post=76380"}],"version-history":[{"count":1,"href":"https:\/\/losperiodistas.com.mx\/portal\/wp-json\/wp\/v2\/posts\/76380\/revisions"}],"predecessor-version":[{"id":76382,"href":"https:\/\/losperiodistas.com.mx\/portal\/wp-json\/wp\/v2\/posts\/76380\/revisions\/76382"}],"wp:featuredmedia":[{"embeddable":true,"href":"https:\/\/losperiodistas.com.mx\/portal\/wp-json\/wp\/v2\/media\/76381"}],"wp:attachment":[{"href":"https:\/\/losperiodistas.com.mx\/portal\/wp-json\/wp\/v2\/media?parent=76380"}],"wp:term":[{"taxonomy":"category","embeddable":true,"href":"https:\/\/losperiodistas.com.mx\/portal\/wp-json\/wp\/v2\/categories?post=76380"},{"taxonomy":"post_tag","embeddable":true,"href":"https:\/\/losperiodistas.com.mx\/portal\/wp-json\/wp\/v2\/tags?post=76380"}],"curies":[{"name":"wp","href":"https:\/\/api.w.org\/{rel}","templated":true}]}}