{"id":76375,"date":"2024-06-07T09:20:14","date_gmt":"2024-06-07T14:20:14","guid":{"rendered":"https:\/\/losperiodistas.com.mx\/portal\/?p=76375"},"modified":"2024-06-07T09:20:16","modified_gmt":"2024-06-07T14:20:16","slug":"opinion-acciones-de-lawfare-en-america-latina","status":"publish","type":"post","link":"https:\/\/losperiodistas.com.mx\/portal\/opinion-acciones-de-lawfare-en-america-latina\/","title":{"rendered":"Opini\u00f3n | Acciones de lawfare en Am\u00e9rica Latina"},"content":{"rendered":"\n<p class=\"has-medium-font-size\">*En incendios de la Sierra Norte, apat\u00eda de gobiernos municipales<\/p>\n\n\n\n<figure class=\"wp-block-image size-full\"><img fetchpriority=\"high\" decoding=\"async\" width=\"629\" height=\"461\" src=\"https:\/\/losperiodistas.com.mx\/portal\/wp-content\/uploads\/2024\/06\/LAWFARE.jpeg\" alt=\"\" class=\"wp-image-76376\" srcset=\"https:\/\/losperiodistas.com.mx\/portal\/wp-content\/uploads\/2024\/06\/LAWFARE.jpeg 629w, https:\/\/losperiodistas.com.mx\/portal\/wp-content\/uploads\/2024\/06\/LAWFARE-300x220.jpeg 300w\" sizes=\"(max-width: 629px) 100vw, 629px\" \/><\/figure>\n\n\n\n<p class=\"has-vivid-red-color has-text-color\" style=\"font-size:26px\"><strong><em>Por Ra\u00fal Torres Salmer\u00f3n<\/em><\/strong><\/p>\n\n\n\n<p>Sergio Anzaldo Baeza, consultor y profesor de cultura y comunicaci\u00f3n pol\u00edtica de la UNAM, adem\u00e1s de colaborador de MVS Noticias, abord\u00f3 recientemente el asunto de lawfare en Am\u00e9rica Latina y lo relacion\u00f3 con la denuncia p\u00fablica de Manuel Bartlett y el caso de la Comisi\u00f3n federal de Seguridad (CFE) en M\u00e9xico.<\/p>\n\n\n\n<p>Anzaldo Baez expres\u00f3 lo siguiente:<\/p>\n\n\n\n<p>-El vocablo lawfare es una contracci\u00f3n gramatical de las palabras inglesas law, ley y wafare, guerra que alude al fen\u00f3meno de golpe de estado blando.<\/p>\n\n\n\n<p>-El lawfare es un concepto relativamente nuevo que sirve para describir la utilizaci\u00f3n abusiva o ilegal de instancias judiciales y la manipulaci\u00f3n de las redes sociales y de los medios de comunicaci\u00f3n para inhabilitar o promover el repudio popular de un oponente o de una causa espec\u00edfica que se est\u00e1 combatiendo.<\/p>\n\n\n\n<p>-En su libro sobre estrategia militar publicado en 1999, Unrestricted Warfare, los escritores chinos Qiao Liang y Wang Xiansui precisan que en esta guerra medi\u00e1tica los medios de comunicaci\u00f3n sirven como \u00f3rganos de propaganda con el fin de generar una gran presi\u00f3n p\u00fablica contra una persona, un grupo o una causa considerada como enemiga.<\/p>\n\n\n\n<p>-Su meta es debilitar la moral del enemigo y originar un apoyo popular para sustituir por la v\u00eda jur\u00eddica a quien gan\u00f3 en las urnas.<\/p>\n\n\n\n<p>-En Latinoam\u00e9rica el lawfare es particularmente grave. La recurrencia de este fen\u00f3meno motiv\u00f3 a un grupo de investigadores agrupados en el Centro Estrat\u00e9gico Latinoamericano de Geopol\u00edtica a constituir en 2021 el Observatorio de Lawfare CELAG, a fin de monitorear y analizar esta nueva modalidad de la batalla pol\u00edtica por el poder p\u00fablico en un r\u00e9gimen democr\u00e1tico.<\/p>\n\n\n\n<p>-Sus motivos no son pocos ni menores: Al golpe militar de 1964 en Brasil le sigui\u00f3 el procedimiento judicial contra Lula da Silva y la destituci\u00f3n de Dilma Rousseff en agosto de 2016, aunque en el 2022 el Ministerio P\u00fablico Federal de Brasil concluy\u00f3 que no hab\u00eda delito que perseguir.<\/p>\n\n\n\n<p>-Al golpe militar de Argentina de 1973, promovido por el finado Henry Kissinger, le sigui\u00f3 la inhabilitaci\u00f3n de Cristina Fern\u00e1ndez de Kirchner; al golpe de Paraguay de 1954 le sigui\u00f3 la destituci\u00f3n de Fernando Lugo en 2012; al golpe en el Per\u00fa en 1975 le sigui\u00f3 la destituci\u00f3n de Pedro Castillo en 2022; al golpe militar en Bolivia en 1971 le sigui\u00f3 la destituci\u00f3n de Evo Morales en 2019.<\/p>\n\n\n\n<p>-Primero fueron militares, ahora son jueces y medios de comunicaci\u00f3n quienes derrocan a gobiernos electos por la v\u00eda democr\u00e1tica.<\/p>\n\n\n\n<p>-Como se puede apreciar, una peculiaridad del lawfare es que, por lo menos en Am\u00e9rica Latina, se utiliza contra gobiernos de izquierda electos democr\u00e1ticamente, igual que en el pasado suced\u00eda con los golpes militares.<\/p>\n\n\n\n<p>-En pa\u00edses con tanta desigualdad como los latinoamericanos, el poder judicial se orienta a conservar privilegios y ventajas de una minor\u00eda frente a demandas de mayor\u00edas, incluso si \u00e9stas han logrado ganar el poder ejecutivo en las urnas.<\/p>\n\n\n\n<p>-Por ello, el observatorio de la CELAG define al lawfare como \u201cuna guerra pol\u00edtica por la v\u00eda judicial-medi\u00e1tica, con intereses econ\u00f3micos, pol\u00edticos y geopol\u00edticos ocultos a la opini\u00f3n p\u00fablica\u201d. Este grupo de investigadores precisa el modelo general de operaci\u00f3n del lawfare: \u201cEsta guerra opera \u201cdesde arriba\u201d, por medio de un aparato judicial que se \u201celeva\u201d por encima del Poder Legislativo y del Ejecutivo, ampliando el margen de maniobra y poder para los jueces, en detrimento de la p\u00e9rdida equilibrio entre poderes habilitando una creciente juristocracia y normalizando en muchos casos el doble rasero de la ley.<\/p>\n\n\n\n<p>-El lawfare proporciona un marco te\u00f3rico para dimensionar la actual disputa en M\u00e9xico entre el poder ejecutivo y el poder judicial, independientemente de las personalidades involucradas y de los gritos y sombrerazos ventilados en los medios de comunicaci\u00f3n.<\/p>\n\n\n\n<p>-M\u00e1s all\u00e1 de las finezas jur\u00eddicas, esta disputa representa una batalla sin cuartel sobre el papel del estado. Por un lado, el poder ejecutivo impulsa una agenda que convierta al Estado en un agente activo y responsable del bienestar social y por otro, el poder judicial se afana en detener esa agenda transformadora para mantener las reformas privatizadoras de ciertos sectores de la econom\u00eda que impulsaron los gobiernos anteriores, particularmente el de Pe\u00f1a Nieto.<\/p>\n\n\n\n<p>-Parafraseando al padrino, esta disputa no es personal, solo son negocios. Un caso reciente protagonizado por Manuel Bartlett, Director de la CFE, ilustra con claridad y ejemplifica la modalidad de lawfare en el que estamos inmersos en M\u00e9xico, como se public\u00f3 en la anterior columna.<\/p>\n\n\n\n<p>Hasta aqu\u00ed, lo que escribi\u00f3 Anzaldo Baeza.<\/p>\n\n\n\n<p>INCENDIOS EN LA SIERRA NORTE<\/p>\n\n\n\n<p>El Director de la Gaceta de la Sierra Norte, el Periodista Carlos Castel\u00e1n, informa sobre los incendios en aquella zona del estado y se\u00f1ala que es urgente crear una instituci\u00f3n intermunicipal de Ecolog\u00eda.<\/p>\n\n\n\n<p>Comenta que su vida period\u00edstica de m\u00e1s de 50 a\u00f1os, no se hab\u00eda visto y vivido la serie de incendios forestales como los de las \u00faltimas semanas.<\/p>\n\n\n\n<p>Son pr\u00e1cticamente incontrolables y los esfuerzos oficiales tienen m\u00ednima efectividad para combatirlos. Michuca, Tlalcoyunga, Necaxalt\u00e9pel, la Cuenca de Totolapa, Cuacuila, Papatlazolco, San Miguel, La Palpa y una decena m\u00e1s de lugares de municipios serranos acabaron con millares de \u00e1rboles, fauna y flora local que pone en grave riesgo el medio ambiente regional.<\/p>\n\n\n\n<p>Muchos r\u00edos se han secado, hay grave contaminaci\u00f3n, se ha perdido fauna, est\u00e1n ausentes las grandes parvadas y comenta Castel\u00e1n que el \u00c1rea Protegida de la Cuenca Hidrogr\u00e1fica R\u00edo Necaxa hoy d\u00eda las nuevas generaciones no la conocen.<\/p>\n\n\n\n<p>Hay dos factores principales: la apat\u00eda social y la ineptitud de gobiernos municipales. Urge hacer realidad la propuesta quien fuera candidato a Diputado Federal por Huauchinango C\u00e9sar Benavidez Manzano, para que se integre desde los ayuntamientos de esta comarca una Comisi\u00f3n Intermunicipal de Protecci\u00f3n Ecol\u00f3gica.<\/p>\n\n\n\n<p>Debe integrarse por expertos para remediar el grave da\u00f1o que en siete d\u00e9cadas hemos hecho a los bosques, a los r\u00edos, a la fauna, adem\u00e1s de castigar con severidad los delitos ambientales. Las autoridades, finaliza Castel\u00e1n, tienen la palabra.<\/p>\n\n\n\n<p>En fin, como escribi\u00f3 Manuel Acu\u00f1a (M\u00e9xico, 1849-1873), en su poema Cinco de Mayo:<\/p>\n\n\n\n<p>Sin ver que en lid tan sangrienta<\/p>\n\n\n\n<p>tu brazo era m\u00e1s peque\u00f1o,<\/p>\n\n\n\n<p>la lid encarn\u00f3 en su empe\u00f1o<\/p>\n\n\n\n<p>la redenci\u00f3n de tu afrenta,<\/p>\n\n\n\n<p>brot\u00f3 en luz amarillenta<\/p>\n\n\n\n<p>la llama de sus ca\u00f1ones,<\/p>\n\n\n\n<p>y el mundo vio a tus legiones<\/p>\n\n\n\n<p>entrando al combate rudo,<\/p>\n\n\n\n<p>llevando por solo escudo<\/p>\n\n\n\n<p>su escudo de corazones.<\/p>\n\n\n\n<p>raultorress@hotmail.com<\/p>\n","protected":false},"excerpt":{"rendered":"<p>*En incendios de la Sierra Norte, apat\u00eda de gobiernos municipales Por Ra\u00fal Torres Salmer\u00f3n Sergio Anzaldo Baeza, consultor y profesor [&hellip;]<\/p>\n","protected":false},"author":1,"featured_media":76376,"comment_status":"open","ping_status":"open","sticky":false,"template":"","format":"standard","meta":{"site-sidebar-layout":"default","site-content-layout":"","ast-site-content-layout":"default","site-content-style":"default","site-sidebar-style":"default","ast-global-header-display":"","ast-banner-title-visibility":"","ast-main-header-display":"","ast-hfb-above-header-display":"","ast-hfb-below-header-display":"","ast-hfb-mobile-header-display":"","site-post-title":"","ast-breadcrumbs-content":"","ast-featured-img":"","footer-sml-layout":"","theme-transparent-header-meta":"","adv-header-id-meta":"","stick-header-meta":"","header-above-stick-meta":"","header-main-stick-meta":"","header-below-stick-meta":"","astra-migrate-meta-layouts":"default","ast-page-background-enabled":"default","ast-page-background-meta":{"desktop":{"background-color":"var(--ast-global-color-4)","background-image":"","background-repeat":"repeat","background-position":"center center","background-size":"auto","background-attachment":"scroll","background-type":"","background-media":"","overlay-type":"","overlay-color":"","overlay-opacity":"","overlay-gradient":""},"tablet":{"background-color":"","background-image":"","background-repeat":"repeat","background-position":"center center","background-size":"auto","background-attachment":"scroll","background-type":"","background-media":"","overlay-type":"","overlay-color":"","overlay-opacity":"","overlay-gradient":""},"mobile":{"background-color":"","background-image":"","background-repeat":"repeat","background-position":"center center","background-size":"auto","background-attachment":"scroll","background-type":"","background-media":"","overlay-type":"","overlay-color":"","overlay-opacity":"","overlay-gradient":""}},"ast-content-background-meta":{"desktop":{"background-color":"var(--ast-global-color-5)","background-image":"","background-repeat":"repeat","background-position":"center center","background-size":"auto","background-attachment":"scroll","background-type":"","background-media":"","overlay-type":"","overlay-color":"","overlay-opacity":"","overlay-gradient":""},"tablet":{"background-color":"var(--ast-global-color-5)","background-image":"","background-repeat":"repeat","background-position":"center center","background-size":"auto","background-attachment":"scroll","background-type":"","background-media":"","overlay-type":"","overlay-color":"","overlay-opacity":"","overlay-gradient":""},"mobile":{"background-color":"var(--ast-global-color-5)","background-image":"","background-repeat":"repeat","background-position":"center center","background-size":"auto","background-attachment":"scroll","background-type":"","background-media":"","overlay-type":"","overlay-color":"","overlay-opacity":"","overlay-gradient":""}},"footnotes":""},"categories":[8],"tags":[18256,274],"class_list":["post-76375","post","type-post","status-publish","format-standard","has-post-thumbnail","hentry","category-noticias","tag-lawfare","tag-manuel-bartlett"],"_links":{"self":[{"href":"https:\/\/losperiodistas.com.mx\/portal\/wp-json\/wp\/v2\/posts\/76375","targetHints":{"allow":["GET"]}}],"collection":[{"href":"https:\/\/losperiodistas.com.mx\/portal\/wp-json\/wp\/v2\/posts"}],"about":[{"href":"https:\/\/losperiodistas.com.mx\/portal\/wp-json\/wp\/v2\/types\/post"}],"author":[{"embeddable":true,"href":"https:\/\/losperiodistas.com.mx\/portal\/wp-json\/wp\/v2\/users\/1"}],"replies":[{"embeddable":true,"href":"https:\/\/losperiodistas.com.mx\/portal\/wp-json\/wp\/v2\/comments?post=76375"}],"version-history":[{"count":1,"href":"https:\/\/losperiodistas.com.mx\/portal\/wp-json\/wp\/v2\/posts\/76375\/revisions"}],"predecessor-version":[{"id":76377,"href":"https:\/\/losperiodistas.com.mx\/portal\/wp-json\/wp\/v2\/posts\/76375\/revisions\/76377"}],"wp:featuredmedia":[{"embeddable":true,"href":"https:\/\/losperiodistas.com.mx\/portal\/wp-json\/wp\/v2\/media\/76376"}],"wp:attachment":[{"href":"https:\/\/losperiodistas.com.mx\/portal\/wp-json\/wp\/v2\/media?parent=76375"}],"wp:term":[{"taxonomy":"category","embeddable":true,"href":"https:\/\/losperiodistas.com.mx\/portal\/wp-json\/wp\/v2\/categories?post=76375"},{"taxonomy":"post_tag","embeddable":true,"href":"https:\/\/losperiodistas.com.mx\/portal\/wp-json\/wp\/v2\/tags?post=76375"}],"curies":[{"name":"wp","href":"https:\/\/api.w.org\/{rel}","templated":true}]}}