{"id":76372,"date":"2024-06-07T09:13:22","date_gmt":"2024-06-07T14:13:22","guid":{"rendered":"https:\/\/losperiodistas.com.mx\/portal\/?p=76372"},"modified":"2024-06-07T09:13:24","modified_gmt":"2024-06-07T14:13:24","slug":"dia-mundial-de-concienciacion-del-sindrome-de-tourette-did","status":"publish","type":"post","link":"https:\/\/losperiodistas.com.mx\/portal\/dia-mundial-de-concienciacion-del-sindrome-de-tourette-did\/","title":{"rendered":"D\u00eda Mundial de Concienciaci\u00f3n del S\u00edndrome de Tourette | DID"},"content":{"rendered":"\n<div class=\"wp-block-image\"><figure class=\"alignright is-resized\"><img fetchpriority=\"high\" decoding=\"async\" src=\"https:\/\/www.diainternacionalde.com\/imagenes\/dias\/06-07_dia-mundial-sindrome-tourette.jpg\" alt=\"D\u00eda Mundial de Concienciaci\u00f3n del S\u00edndrome de Tourette\" width=\"458\" height=\"305\" title=\"D\u00eda Mundial de Concienciaci\u00f3n del S\u00edndrome de Tourette\"\/><\/figure><\/div>\n\n\n\n<p><\/p>\n\n\n\n<p class=\"has-vivid-red-color has-text-color has-medium-font-size\"><strong>REDACCI\u00d3N D\u00cdA INTERNACIONAL DE<\/strong><\/p>\n\n\n\n<p><strong>Cada 7 de junio se celebra el D\u00eda Mundial de Concienciaci\u00f3n del S\u00edndrome de Tourette<\/strong>, para sensibilizar a la poblaci\u00f3n acerca de este trastorno neurol\u00f3gico que afecta al cerebro.<\/p>\n\n\n\n<p>Generalmente las personas que han sido diagnosticadas con esta enfermedad son objeto de acoso, discriminaci\u00f3n y rechazo.<\/p>\n\n\n\n<p>Es por ello que con la celebraci\u00f3n de esta efem\u00e9ride se pretende divulgar informaci\u00f3n acerca del S\u00edndrome de Tourette, as\u00ed como brindar apoyo a los pacientes y familiares.<\/p>\n\n\n\n<h2 class=\"wp-block-heading\" id=\"resTit_1\">Origen del D\u00eda Mundial del S\u00edndrome de Tourette<\/h2>\n\n\n\n<p>La creaci\u00f3n de esta efem\u00e9ride ha sido por iniciativa de la&nbsp;<strong>Sociedad Europea para el Estudio del S\u00edndrome de Tourette<\/strong>&nbsp;en honor a la dra. Mary Robertson, quien ha dedicado su trayectoria profesional a la investigaci\u00f3n y tratamiento de pacientes que padecen el S\u00edndrome de Tourette.<\/p>\n\n\n\n<p>La selecci\u00f3n de la fecha de este d\u00eda mundial coincide con el d\u00eda de nacimiento de la dra. Robertson, el 7 de junio.<\/p>\n\n\n\n<h2 class=\"wp-block-heading\" id=\"resTit_2\">\u00bfQu\u00e9 es el S\u00edndrome de Tourette?<\/h2>\n\n\n\n<p>El&nbsp;<strong>S\u00edndrome de Gilles de la Tourette<\/strong>, m\u00e1s conocido como&nbsp;<strong>S\u00edndrome de Tourette<\/strong>&nbsp;o&nbsp;<strong>ST<\/strong>&nbsp;es un trastorno neurol\u00f3gico que se caracteriza por la presencia de m\u00faltiples, r\u00e1pidos y repetitivos sonidos vocales (ruidos) y movimientos que no pueden ser controlados por las personas que la padecen, conocidos como&nbsp;<strong>tics<\/strong>.<\/p>\n\n\n\n<p>Generalmente los primeros&nbsp;<strong>s\u00edntomas de esta enfermedad<\/strong>&nbsp;se manifiestan antes de los 18 a\u00f1os de edad, mediante sonidos y movimientos involuntarios e incontrolables (tics) de la cara, brazos o del t\u00f3rax al menos por un a\u00f1o y varias veces al d\u00eda:<\/p>\n\n\n\n<ul class=\"wp-block-list\"><li>Parpadeo repetitivo.<\/li><li>Encogerse de hombros.<\/li><li>Tics vocales: taratear, tartamudear, gritar frases o palabras, aclararse la garganta.<\/li><li>Comportamiento compulsivo.<\/li><li>Falta de autocontrol.<\/li><li>Hiperactividad.<\/li><li>Repetici\u00f3n compulsiva e incoherente de palabras obscenas.<\/li><li>Espasmos musculares o movimientos involuntarios.<\/li><\/ul>\n\n\n\n<p>Los s\u00edntomas evolucionan con periodos de relativa agravaci\u00f3n y remisi\u00f3n, observando cierta mejor\u00eda al finalizar la etapa de adolescencia. Sin embargo, en un tercio de los pacientes los s\u00edntomas pueden persistir hasta la edad adulta.<\/p>\n\n\n\n<p>En el diagn\u00f3stico del S\u00edndrome de Tourette el origen de los tics no debe ser producto del consumo de medicamentos y sustancias estupefacientes, enfermedades y otras afecciones tales como convulsiones, encefalitis posviral o enfermedad de Huntington.<\/p>\n\n\n\n<p>Las personas que padecen este s\u00edndrome pueden llevar una vida productiva, siendo fundamental el apoyo y tolerancia por parte de las personas que conforman su entorno familiar, laboral y social.<\/p>\n\n\n\n<h2 class=\"wp-block-heading\" id=\"resTit_3\">\u00bfQui\u00e9n es Mary Robertson?<\/h2>\n\n\n\n<p><strong>Mary Robertson<\/strong>&nbsp;es una m\u00e9dica de la Universidad de Cape Town, especializ\u00e1ndose en trastornos neurol\u00f3gicos y psicol\u00f3gicos.<\/p>\n\n\n\n<p>En sus inicios como profesional de la medicina comenz\u00f3 a trabajar en el Hospital Nacional de Neurolog\u00eda y Neurocirug\u00eda de Londres, estudiando sus primeros casos de personas con S\u00edndrome de Tourette.<\/p>\n\n\n\n<p>En la d\u00e9cada de los ochenta realiz\u00f3 investigaciones para determinar las causas neurobiol\u00f3gicas y gen\u00e9ticas de este s\u00edndrome.<\/p>\n\n\n\n<p>Ha escrito m\u00e1s de cien art\u00edculos cient\u00edficos sobre este tema. Cre\u00f3 la&nbsp;<em><strong>Asociaci\u00f3n de S\u00edndrome de Tourette del Reino Unido<\/strong><\/em>&nbsp;y particip\u00f3 en la formaci\u00f3n de la&nbsp;<em><strong>Sociedad Europea del S\u00edndrome de Tourette<\/strong><\/em>.<\/p>\n\n\n\n<p>Comparte informaci\u00f3n \u00fatil e interesante sobre el\u00a0<strong>D\u00eda Mundial de Concienciaci\u00f3n del S\u00edndrome de Tourette<\/strong>\u00a0en las redes sociales. Utiliza el hashtag\u00a0<em><strong>#TouretteAwarenessDay<\/strong><\/em><\/p>\n\n\n\n<p>Fuente: <a href=\"https:\/\/www.diainternacionalde.com\/ficha\/dia-mundial-sindrome-tourette\">https:\/\/www.diainternacionalde.com\/ficha\/dia-mundial-sindrome-tourette<\/a><\/p>\n","protected":false},"excerpt":{"rendered":"<p>REDACCI\u00d3N D\u00cdA INTERNACIONAL DE Cada 7 de junio se celebra el D\u00eda Mundial de Concienciaci\u00f3n del S\u00edndrome de Tourette, para [&hellip;]<\/p>\n","protected":false},"author":1,"featured_media":76373,"comment_status":"open","ping_status":"open","sticky":false,"template":"","format":"standard","meta":{"site-sidebar-layout":"default","site-content-layout":"","ast-site-content-layout":"default","site-content-style":"default","site-sidebar-style":"default","ast-global-header-display":"","ast-banner-title-visibility":"","ast-main-header-display":"","ast-hfb-above-header-display":"","ast-hfb-below-header-display":"","ast-hfb-mobile-header-display":"","site-post-title":"","ast-breadcrumbs-content":"","ast-featured-img":"","footer-sml-layout":"","theme-transparent-header-meta":"","adv-header-id-meta":"","stick-header-meta":"","header-above-stick-meta":"","header-main-stick-meta":"","header-below-stick-meta":"","astra-migrate-meta-layouts":"default","ast-page-background-enabled":"default","ast-page-background-meta":{"desktop":{"background-color":"var(--ast-global-color-4)","background-image":"","background-repeat":"repeat","background-position":"center center","background-size":"auto","background-attachment":"scroll","background-type":"","background-media":"","overlay-type":"","overlay-color":"","overlay-opacity":"","overlay-gradient":""},"tablet":{"background-color":"","background-image":"","background-repeat":"repeat","background-position":"center center","background-size":"auto","background-attachment":"scroll","background-type":"","background-media":"","overlay-type":"","overlay-color":"","overlay-opacity":"","overlay-gradient":""},"mobile":{"background-color":"","background-image":"","background-repeat":"repeat","background-position":"center center","background-size":"auto","background-attachment":"scroll","background-type":"","background-media":"","overlay-type":"","overlay-color":"","overlay-opacity":"","overlay-gradient":""}},"ast-content-background-meta":{"desktop":{"background-color":"var(--ast-global-color-5)","background-image":"","background-repeat":"repeat","background-position":"center center","background-size":"auto","background-attachment":"scroll","background-type":"","background-media":"","overlay-type":"","overlay-color":"","overlay-opacity":"","overlay-gradient":""},"tablet":{"background-color":"var(--ast-global-color-5)","background-image":"","background-repeat":"repeat","background-position":"center center","background-size":"auto","background-attachment":"scroll","background-type":"","background-media":"","overlay-type":"","overlay-color":"","overlay-opacity":"","overlay-gradient":""},"mobile":{"background-color":"var(--ast-global-color-5)","background-image":"","background-repeat":"repeat","background-position":"center center","background-size":"auto","background-attachment":"scroll","background-type":"","background-media":"","overlay-type":"","overlay-color":"","overlay-opacity":"","overlay-gradient":""}},"footnotes":""},"categories":[8],"tags":[25939,25938],"class_list":["post-76372","post","type-post","status-publish","format-standard","has-post-thumbnail","hentry","category-noticias","tag-sindromedetourette","tag-touretteawarenessday"],"_links":{"self":[{"href":"https:\/\/losperiodistas.com.mx\/portal\/wp-json\/wp\/v2\/posts\/76372","targetHints":{"allow":["GET"]}}],"collection":[{"href":"https:\/\/losperiodistas.com.mx\/portal\/wp-json\/wp\/v2\/posts"}],"about":[{"href":"https:\/\/losperiodistas.com.mx\/portal\/wp-json\/wp\/v2\/types\/post"}],"author":[{"embeddable":true,"href":"https:\/\/losperiodistas.com.mx\/portal\/wp-json\/wp\/v2\/users\/1"}],"replies":[{"embeddable":true,"href":"https:\/\/losperiodistas.com.mx\/portal\/wp-json\/wp\/v2\/comments?post=76372"}],"version-history":[{"count":1,"href":"https:\/\/losperiodistas.com.mx\/portal\/wp-json\/wp\/v2\/posts\/76372\/revisions"}],"predecessor-version":[{"id":76374,"href":"https:\/\/losperiodistas.com.mx\/portal\/wp-json\/wp\/v2\/posts\/76372\/revisions\/76374"}],"wp:featuredmedia":[{"embeddable":true,"href":"https:\/\/losperiodistas.com.mx\/portal\/wp-json\/wp\/v2\/media\/76373"}],"wp:attachment":[{"href":"https:\/\/losperiodistas.com.mx\/portal\/wp-json\/wp\/v2\/media?parent=76372"}],"wp:term":[{"taxonomy":"category","embeddable":true,"href":"https:\/\/losperiodistas.com.mx\/portal\/wp-json\/wp\/v2\/categories?post=76372"},{"taxonomy":"post_tag","embeddable":true,"href":"https:\/\/losperiodistas.com.mx\/portal\/wp-json\/wp\/v2\/tags?post=76372"}],"curies":[{"name":"wp","href":"https:\/\/api.w.org\/{rel}","templated":true}]}}