{"id":76369,"date":"2024-06-07T08:36:10","date_gmt":"2024-06-07T13:36:10","guid":{"rendered":"https:\/\/losperiodistas.com.mx\/portal\/?p=76369"},"modified":"2024-06-07T08:36:13","modified_gmt":"2024-06-07T13:36:13","slug":"el-historico-pri-ya-es-irrelevante-en-mexico-el-pais","status":"publish","type":"post","link":"https:\/\/losperiodistas.com.mx\/portal\/el-historico-pri-ya-es-irrelevante-en-mexico-el-pais\/","title":{"rendered":"El hist\u00f3rico PRI ya es irrelevante en M\u00e9xico | El Pa\u00eds"},"content":{"rendered":"\n<h2 class=\"has-medium-font-size wp-block-heading\">El partido \u00fanico, el de L\u00e1zaro C\u00e1rdenas y las matanzas de Tlatelolco, consigue votos, pero ha perdido su m\u00fasculo pol\u00edtico<\/h2>\n\n\n\n<figure class=\"wp-block-image size-large\"><img fetchpriority=\"high\" decoding=\"async\" width=\"1024\" height=\"641\" src=\"https:\/\/losperiodistas.com.mx\/portal\/wp-content\/uploads\/2024\/06\/Captura-de-Pantalla-2024-06-07-a-las-7.32.49-1024x641.jpg\" alt=\"\" class=\"wp-image-76370\" srcset=\"https:\/\/losperiodistas.com.mx\/portal\/wp-content\/uploads\/2024\/06\/Captura-de-Pantalla-2024-06-07-a-las-7.32.49-1024x641.jpg 1024w, https:\/\/losperiodistas.com.mx\/portal\/wp-content\/uploads\/2024\/06\/Captura-de-Pantalla-2024-06-07-a-las-7.32.49-300x188.jpg 300w, https:\/\/losperiodistas.com.mx\/portal\/wp-content\/uploads\/2024\/06\/Captura-de-Pantalla-2024-06-07-a-las-7.32.49-768x481.jpg 768w, https:\/\/losperiodistas.com.mx\/portal\/wp-content\/uploads\/2024\/06\/Captura-de-Pantalla-2024-06-07-a-las-7.32.49-1536x961.jpg 1536w, https:\/\/losperiodistas.com.mx\/portal\/wp-content\/uploads\/2024\/06\/Captura-de-Pantalla-2024-06-07-a-las-7.32.49-2048x1282.jpg 2048w\" sizes=\"(max-width: 1024px) 100vw, 1024px\" \/><figcaption>Asamble\u00edstas del PRI en M\u00e9rida (Estado de Yucat\u00e1n), el 15 de febrero.MART\u00cdN ZETINA (CUARTOSCURO)<\/figcaption><\/figure>\n\n\n\n<p class=\"has-vivid-red-color has-text-color has-medium-font-size\"><strong>Carmen Mor\u00e1n Bre\u00f1a \/ El Pa\u00eds<\/strong><\/p>\n\n\n\n<p>Las elecciones celebradas en M\u00e9xico el domingo 2 de junio arrojaron un resultado tan amplio para el joven partido del Gobierno, Morena, que a ellos mismos debi\u00f3 sorprenderles. Se esperaba que la presidenta electa, Claudia Sheinbaum, ganara con ventaja, pero quiz\u00e1 no tanto que consiguieran&nbsp;<a href=\"https:\/\/elpais.com\/mexico\/elecciones-mexicanas\/2024-06-06\/la-penultima-batalla-electoral-la-oposicion-busca-evitar-la-mayoria-calificada-y-morena-presiona-en-los-estados.html\">la enorme mayor\u00eda que han logrado&nbsp;<\/a>en las C\u00e1maras legislativas. Es ah\u00ed donde se observa la situaci\u00f3n cr\u00edtica que atraviesa el Partido Revolucionario Institucional, el PRI que gobern\u00f3 M\u00e9xico durante siete d\u00e9cadas como opci\u00f3n \u00fanica, el de la bandera tricolor. M\u00e9xico era el PRI y el PRI era M\u00e9xico, una dictadura perfecta, como la calific\u00f3 acertadamente el premio nobel Vargas Llosa. En los recientes comicios, el PRI ha obtenido algo m\u00e1s de 5,4 millones de votos, menos del 10%, con una participaci\u00f3n del 60% de los 98 millones de electores, que se traducen en alrededor de 34 diputados de un total de 500, la quinta fuerza en esa C\u00e1mara, y 17 senadores, el tercer puesto. Los datos no se han cerrado del todo a\u00fan y estos d\u00edas el partido se esmera recontando actas para ara\u00f1ar alg\u00fan esca\u00f1o m\u00e1s, que en nada variar\u00e1 su endeble resultado.<\/p>\n\n\n\n<p>\u201cLa situaci\u00f3n es cr\u00edtica, muy delicada, su descenso es consistente durante a\u00f1os, no nos puede extra\u00f1ar, ya el a\u00f1o pasado&nbsp;<a href=\"https:\/\/elpais.com\/mexico\/elecciones-mexicanas\/2023-06-07\/los-resultados-electorales-de-las-elecciones-del-estado-de-mexico-calle-a-calle.html\">perdieron el Estado de M\u00e9xico\u201d,&nbsp;<\/a>dice Dulce Mar\u00eda Sauri, de 72 a\u00f1os, una hist\u00f3rica del partido, que fue presidenta de su Consejo Nacional e integrante del Consejo Pol\u00edtico. Ha sido legisladora, gobernadora en Yucat\u00e1n y presidenta en la C\u00e1mara de Diputados. Menciona el Estado de M\u00e9xico poque ha sido por siempre el gran basti\u00f3n del partido y cuna de varios presidentes. La \u00faltima candidata que tuvieron a la gubernatura en esa entidad, Alejandra del Moral, acaba de pasarse a Morena y su antecesor, el&nbsp;<a href=\"https:\/\/elpais.com\/mexico\/elecciones-mexicanas\/2024-05-31\/el-pri-expulsa-de-sus-filas-al-exgobernador-del-estado-de-mexico-alfredo-del-mazo.html\">gobernador Alfredo del Mazo<\/a>, expulsado del partido hace una semana por \u201ctraidor\u201d, acusaron en la direcci\u00f3n. El PRI apenas conserva dos Estados de 32, Durango y Coahuila.<\/p>\n\n\n\n<figure class=\"wp-block-image\"><img decoding=\"async\" src=\"https:\/\/imagenes.elpais.com\/resizer\/v2\/SZUKYAUJKZHN5JIP7KUF6J6QHE.jpg?auth=28c85a1d4faad0d39c8f1057b055b5276f9d76850d71a2c14032fc09c846277c&amp;width=414\" alt=\"El pri\u00edsta Alfredo del Mazo junto a Delfina G\u00f3mez, de Morena, que le reemplaz\u00f3 como gobernadora, en septiembre en Toluca (Estado de M\u00e9xico).\"\/><figcaption>El pri\u00edsta Alfredo del Mazo junto a Delfina G\u00f3mez, de Morena, que le reemplaz\u00f3 como gobernadora, en septiembre en Toluca (Estado de M\u00e9xico).ARTURO HERNANDEZ (GETTY IMAGES)<\/figcaption><\/figure>\n\n\n\n<p>En julio del a\u00f1o pasado, un grupo de senadores, entre ellos algunos hist\u00f3ricos, abandonaron el partido por discrepancias con la direcci\u00f3n y&nbsp;<a href=\"https:\/\/elpais.com\/mexico\/2023-07-03\/crisis-en-el-pri-un-grupo-de-senadores-encabezado-por-osorio-chong-renuncian-al-partido.html\">con ellos se fueron 320 priistas.&nbsp;<\/a>Nadie parece capaz de cortar la sangr\u00eda que esta desfondado al partido, con muchos de sus militantes calz\u00e1ndose la camiseta de otras formaciones pol\u00edticas. Una de las senadoras que abandon\u00f3 aquel d\u00eda era Claudia Ruiz Massieu, hija de un dirigente hist\u00f3rico asesinado. En una de las salas nobles de la inmensa sede nacional del partido, una especie de b\u00fanker nacionalsocialista, el cuadro de Ruiz Massieu ya ha sido descolgado. Ella fue secretaria general y despu\u00e9s presidenta entre 2017 y 2019, y ministra con Enrique Pe\u00f1a Nieto.<\/p>\n\n\n\n<p>Tras el triunfo de Pe\u00f1a Nieto en 2012, despu\u00e9s de dos sexenios de gobiernos del partido Acci\u00f3n Nacional (PAN), el PRI vivi\u00f3 la ilusi\u00f3n de una vuelta al escenario pol\u00edtico, pero la gran victoria del presidente actual, Andr\u00e9s Manuel L\u00f3pez Obrador, en 2018, les dio un golpe de realidad del que no se han recuperado. La fuerza que exhibe Morena y la decadencia del PRI configuran en M\u00e9xico una especie de nuevo sistema de partidos, una suerte de transici\u00f3n. En lugar de salir a buscar un diagn\u00f3stico y su medicina, el partido inici\u00f3 una nueva presidencia bajo la figura pol\u00e9mica del&nbsp;<a href=\"https:\/\/elpais.com\/mexico\/elecciones-mexicanas\/2024-05-14\/alito-moreno-ofrece-renunciar-a-la-presidencia-del-pri-si-alvarez-maynez-declina-a-favor-de-xochitl-galvez.html\">Alejandro Moreno, el famoso Alito<\/a>, como le llaman, y un cambio estatutario \u201cque concentr\u00f3 el poder e impidi\u00f3 tomar decisiones colegiadas\u201d, sostiene Dulce Mar\u00eda Sauri. El periodo de Alito, que no supo conservar tampoco su Estado natal, Campeche, est\u00e1 cercano a su fin, pero no acaba de ponerle fecha. Muy al contrario, estos d\u00edas trabaja sin descanso con las boletas electorales para encontrar votos perdidos que a\u00f1adan alguna res a su reba\u00f1o. \u00c9l no ha dimitido, al rev\u00e9s, se situ\u00f3 en las listas para obtener un esca\u00f1o indisputable en el Senado, lo mismo que han hecho otros l\u00edderes de la oposici\u00f3n. El PRI no es el \u00fanico partido en crisis, pero s\u00ed el que \u201cacumula deudas hist\u00f3ricas con el pueblo mexicano\u201d, dice Sauri y menciona la oportunidad desperdiciada con la ciudadan\u00eda, \u201centre corrupci\u00f3n y frivolidad\u201d, del gobierno de Pe\u00f1a Nieto. \u201cHoy el partido es irrelevante\u201d, a\u00f1ade, aunque conserva una pizca de optimismo.<\/p>\n\n\n\n<p>El \u201cexitoso desempe\u00f1o econ\u00f3mico y la destacada estabilidad pol\u00edtica que proporcion\u00f3\u201d el partido en el M\u00e9xico del siglo XX, aunado a un pa\u00eds que todav\u00eda no conoc\u00eda la violencia que ahora le desangra, son las circunstancias que sembraron la tolerancia con este partido, menciona Rogelio Hern\u00e1ndez, profesor del Colegio de M\u00e9xico, buen conocedor de la realidad pol\u00edtica mexicana y autor de<em>&nbsp;Historia m\u00ednima del Partido Revolucionario Institucional<\/em>. \u201cNo era deseable, pero tampoco repudiable\u201d, afirma. A los gobiernos priistas \u201cse le acumularon conflictos sociales, pol\u00edticos y econ\u00f3micos en los a\u00f1os setenta y concentr\u00f3 las peores pr\u00e1cticas pol\u00edticas, lo que le gener\u00f3 un enorme desprestigio\u201d que perdura hoy en d\u00eda. Es el partido m\u00e1s rechazado por los ciudadanos en todas las encuestas, muy por delante de los dem\u00e1s. \u201cEl PAN cometi\u00f3 errores, pero pudieron deberse en alguna medida a su inexperiencia, o as\u00ed lo ve\u00edan los ciudadanos\u201d, algo que no pod\u00eda justificar la actitud del hegem\u00f3nico PRI. Hern\u00e1ndez menciona el \u00faltimo gobierno priista, el de Pe\u00f1a Nieto, como una \u00faltima patada de ahogado: \u201cNo fue del todo mal en el plano econ\u00f3mico, pero adoleci\u00f3 de inexperiencia pol\u00edtica, corrupci\u00f3n y frivolidad\u201d, que finalmente, desemboc\u00f3 en la oscura noche de Iguala, con la&nbsp;<a href=\"https:\/\/elpais.com\/mexico\/2024-05-14\/lopez-obrador-promete-impugnar-la-liberacion-de-los-ocho-militares-investigados-por-el-caso-ayotzinapa.html\">desaparici\u00f3n de 43 estudiantes normalistas&nbsp;<\/a>en Guerrero, un asunto irresuelto que colea repartiendo latigazos a todos los gobiernos. El caso Ayotzinapa lo mencionan muchos como el principio del fin del PRI. Pe\u00f1a Nieto acab\u00f3 su gobierno con \u00ednfimos niveles de popularidad.<\/p>\n\n\n\n<figure class=\"wp-block-image\"><img decoding=\"async\" src=\"https:\/\/imagenes.elpais.com\/resizer\/v2\/7OS25WKWHBCF7N5P434QCZWZJM.jpg?auth=807fad0c74de4e2f5607f45a9bbe61d1df8407b492b934236003f93508d5cb73&amp;width=414\" alt=\"Alejandro Moreno C\u00e1rdenas con otros integrantes del partido, en agosto de 2023 en Ciudad de M\u00e9xico.\"\/><figcaption>Alejandro Moreno C\u00e1rdenas con otros integrantes del partido, en agosto de 2023 en Ciudad de M\u00e9xico.LUIS BARRON (GETTY IMAGES)<\/figcaption><\/figure>\n\n\n\n<p>Exceso de confianza, ignorancia para leer la enorme diversidad mexicana de norte a sur que han manifestado algunos de sus dirigentes o cuadros gobernantes, incompetencia y soberbia pol\u00edticas, as\u00ed como la mala fama y su sola apuesta a los fracasos panistas, son algunas de las causas que le fueron desgastando, seg\u00fan Hern\u00e1ndez, y que dieron paso la arrolladora victoria de L\u00f3pez Obrador. De ah\u00ed en adelante todo lo que Morena iba ganando lo perd\u00eda el PRI y no ha vuelto a levantar cabeza. Como la energ\u00eda, el PRI no se crea ni se destruye, solo se transforma, dicen algunos en M\u00e9xico, y ven en las hegem\u00f3nicas mayor\u00edas del actual partido en el Gobierno una reedici\u00f3n del antiguo sistema del nacionalismo revolucionario, \u201ccon sus pr\u00e1cticas populistas clientelares y el viejo principio de que el Estado solo sirve para beneficiar a los m\u00e1s necesitados\u201d, afirma el profesor Hern\u00e1ndez. Como vasos comunicantes, donde Morena se da un ba\u00f1o de multitudes, el PRI es ya solo \u201ctestimonial\u201d.<\/p>\n\n\n\n<p>Lo que queda de aquellas hogueras de vanidad priista, sin embargo, no son solo cenizas. Aunque pierde m\u00fasculo pol\u00edtico a chorros, no se puede a\u00fan subestimar del todo su peso pol\u00edtico calle a calle. Conserva todav\u00eda redes caciquiles por barrios que mueven el voto. No est\u00e1 muerto, y puede que aguante, pero ha perdido, sostiene Hern\u00e1ndez, su capacidad de reciclaje en la direcci\u00f3n y de reclutamiento de militantes, algo que conserva el PAN, quiz\u00e1 llamado a nuclear la oposici\u00f3n en un pa\u00eds que parece encaminarse al bipartidismo. Si L\u00f3pez Obrador elimina del sistema electoral, como ha propuesto, las candidaturas plurinominales, que se consiguen sin adscripci\u00f3n pol\u00edtica y sin presentarse a las elecciones y re\u00fanen cierta pluralidad social en las C\u00e1maras, podr\u00eda ser un \u00faltimo golpe mortal para el PRI como partido minoritario en que se est\u00e1 convirtiendo, explica Hern\u00e1ndez.<\/p>\n\n\n\n<p>\u201cEl PRI nunca fue un partido pol\u00edtico cl\u00e1sico, tradicional, era m\u00e1s bien un modo de hacer pol\u00edtica\u201d, empieza Otto Granados, quien fue secretario de Educaci\u00f3n con Pe\u00f1a Nieto, y en eso lo compara tambi\u00e9n con Morena, que, \u201ccomo su propio nombre indica, es m\u00e1s un movimiento que un partido org\u00e1nico, por eso muchas familias priistas han ido a parar all\u00ed\u201d, dice. Entre las causas del sostenido declive, Granados menciona \u201cla inmadurez del PRI para convertirse en un partido aut\u00f3nomo que no dependa de las decisiones presidenciales. La dirigencia ha cometido el error de creer que del control del aparato deriva la efectividad electoral. El electorado est\u00e1 afuera\u201d, pero el PRI parece haber perdido la conexi\u00f3n con la ciudadan\u00eda.<\/p>\n\n\n\n<p>\u00bfCu\u00e1l es la ideolog\u00eda de un partido que fue pr\u00e1cticamente \u00fanico en el espectro pol\u00edtico? Caben todas, las m\u00e1s conservadoras y las m\u00e1s progresistas, pasando por el centro. Y esa es una de las causas de que en M\u00e9xico las izquierdas y las derechas tal cual se entienden en otros lugares tengan aqu\u00ed un car\u00e1cter difuso. Es un pa\u00eds m\u00e1s de l\u00edderes que de partidos ideologizados todav\u00eda. Con todo, Morena ha ido copando las bases program\u00e1ticas de la izquierda y el panismo las de derechas. En ese bocadillo, el PRI aparece a\u00fan m\u00e1s desdibujado. \u201cY sin capacidad para leer un M\u00e9xico muy diverso, con una poblaci\u00f3n de edad media en los 30 a\u00f1os, escolarizada, urbanizada. No ha sabido elegir estrategias m\u00e1s moderadas y focalizar el nuevo discurso\u201d, dice Granados como ejemplos de lo que podr\u00eda hacer para sobrevivir y encarar el futuro.<\/p>\n\n\n\n<p>Dulce Mar\u00eda Sauri tambi\u00e9n quiere hablar de futuro. Aunque sostiene que podr\u00eda desaparecer en las elecciones de 2030, no se da por vencida. Pero para ello, explica, \u201chay que afrontar una verdadera resignificaci\u00f3n del partido, que no pasa por cambiarle el nombre\u201d, como han propuesto\u00a0<a href=\"https:\/\/elpais.com\/mexico\/2024-06-04\/de-referente-de-la-izquierda-a-la-irrelevancia-el-prd-al-borde-de-la-extincion.html\">otras formaciones en riesgo de perder el registro pol\u00edtico<\/a>, algo que ocurrir\u00e1 cuando no alcancen el 3% de los votos. Acusa a la dirigencia del partido de copar los puestos en las candidaturas para las C\u00e1maras, para ellos y para sus incondicionales. \u201cHay que cambiar la manera de caminar de los \u00faltimos a\u00f1os, hay gente joven que puede hacerlo, enfrentar la realidad con modestia y antes de replantearse si caminamos solos o en coalici\u00f3n con otras fuerzas, como ahora, tenemos que arreglar la propia casa\u201d, defiende. Antes de cortar la conversaci\u00f3n telef\u00f3nica, Sauri dir\u00e1: \u201cHay que liberar al PRI, aunque su Consejo Pol\u00edtico se aferre a la dirigencia con u\u00f1as y dientes. Pero yo creo en los milagros\u201d.<\/p>\n\n\n\n<p>Fuente: <a href=\"https:\/\/elpais.com\/mexico\/elecciones-mexicanas\/2024-06-07\/el-historico-pri-ya-es-irrelevante-en-mexico.html\">https:\/\/elpais.com\/mexico\/elecciones-mexicanas\/2024-06-07\/el-historico-pri-ya-es-irrelevante-en-mexico.html<\/a><\/p>\n","protected":false},"excerpt":{"rendered":"<p>El partido \u00fanico, el de L\u00e1zaro C\u00e1rdenas y las matanzas de Tlatelolco, consigue votos, pero ha perdido su m\u00fasculo pol\u00edtico [&hellip;]<\/p>\n","protected":false},"author":1,"featured_media":76370,"comment_status":"open","ping_status":"open","sticky":false,"template":"","format":"standard","meta":{"site-sidebar-layout":"default","site-content-layout":"","ast-site-content-layout":"default","site-content-style":"default","site-sidebar-style":"default","ast-global-header-display":"","ast-banner-title-visibility":"","ast-main-header-display":"","ast-hfb-above-header-display":"","ast-hfb-below-header-display":"","ast-hfb-mobile-header-display":"","site-post-title":"","ast-breadcrumbs-content":"","ast-featured-img":"","footer-sml-layout":"","theme-transparent-header-meta":"","adv-header-id-meta":"","stick-header-meta":"","header-above-stick-meta":"","header-main-stick-meta":"","header-below-stick-meta":"","astra-migrate-meta-layouts":"default","ast-page-background-enabled":"default","ast-page-background-meta":{"desktop":{"background-color":"var(--ast-global-color-4)","background-image":"","background-repeat":"repeat","background-position":"center center","background-size":"auto","background-attachment":"scroll","background-type":"","background-media":"","overlay-type":"","overlay-color":"","overlay-opacity":"","overlay-gradient":""},"tablet":{"background-color":"","background-image":"","background-repeat":"repeat","background-position":"center center","background-size":"auto","background-attachment":"scroll","background-type":"","background-media":"","overlay-type":"","overlay-color":"","overlay-opacity":"","overlay-gradient":""},"mobile":{"background-color":"","background-image":"","background-repeat":"repeat","background-position":"center center","background-size":"auto","background-attachment":"scroll","background-type":"","background-media":"","overlay-type":"","overlay-color":"","overlay-opacity":"","overlay-gradient":""}},"ast-content-background-meta":{"desktop":{"background-color":"var(--ast-global-color-5)","background-image":"","background-repeat":"repeat","background-position":"center center","background-size":"auto","background-attachment":"scroll","background-type":"","background-media":"","overlay-type":"","overlay-color":"","overlay-opacity":"","overlay-gradient":""},"tablet":{"background-color":"var(--ast-global-color-5)","background-image":"","background-repeat":"repeat","background-position":"center center","background-size":"auto","background-attachment":"scroll","background-type":"","background-media":"","overlay-type":"","overlay-color":"","overlay-opacity":"","overlay-gradient":""},"mobile":{"background-color":"var(--ast-global-color-5)","background-image":"","background-repeat":"repeat","background-position":"center center","background-size":"auto","background-attachment":"scroll","background-type":"","background-media":"","overlay-type":"","overlay-color":"","overlay-opacity":"","overlay-gradient":""}},"footnotes":""},"categories":[8],"tags":[8052,25936,25935],"class_list":["post-76369","post","type-post","status-publish","format-standard","has-post-thumbnail","hentry","category-noticias","tag-lazaro-cardenas","tag-pri-a-la-baja","tag-pri-pierde-musculo-politico"],"_links":{"self":[{"href":"https:\/\/losperiodistas.com.mx\/portal\/wp-json\/wp\/v2\/posts\/76369","targetHints":{"allow":["GET"]}}],"collection":[{"href":"https:\/\/losperiodistas.com.mx\/portal\/wp-json\/wp\/v2\/posts"}],"about":[{"href":"https:\/\/losperiodistas.com.mx\/portal\/wp-json\/wp\/v2\/types\/post"}],"author":[{"embeddable":true,"href":"https:\/\/losperiodistas.com.mx\/portal\/wp-json\/wp\/v2\/users\/1"}],"replies":[{"embeddable":true,"href":"https:\/\/losperiodistas.com.mx\/portal\/wp-json\/wp\/v2\/comments?post=76369"}],"version-history":[{"count":1,"href":"https:\/\/losperiodistas.com.mx\/portal\/wp-json\/wp\/v2\/posts\/76369\/revisions"}],"predecessor-version":[{"id":76371,"href":"https:\/\/losperiodistas.com.mx\/portal\/wp-json\/wp\/v2\/posts\/76369\/revisions\/76371"}],"wp:featuredmedia":[{"embeddable":true,"href":"https:\/\/losperiodistas.com.mx\/portal\/wp-json\/wp\/v2\/media\/76370"}],"wp:attachment":[{"href":"https:\/\/losperiodistas.com.mx\/portal\/wp-json\/wp\/v2\/media?parent=76369"}],"wp:term":[{"taxonomy":"category","embeddable":true,"href":"https:\/\/losperiodistas.com.mx\/portal\/wp-json\/wp\/v2\/categories?post=76369"},{"taxonomy":"post_tag","embeddable":true,"href":"https:\/\/losperiodistas.com.mx\/portal\/wp-json\/wp\/v2\/tags?post=76369"}],"curies":[{"name":"wp","href":"https:\/\/api.w.org\/{rel}","templated":true}]}}