{"id":76366,"date":"2024-06-07T08:20:33","date_gmt":"2024-06-07T13:20:33","guid":{"rendered":"https:\/\/losperiodistas.com.mx\/portal\/?p=76366"},"modified":"2024-06-07T08:20:35","modified_gmt":"2024-06-07T13:20:35","slug":"checo-perez-quiere-retirarse-en-red-bull-pero-en-dos-anos-motorsport","status":"publish","type":"post","link":"https:\/\/losperiodistas.com.mx\/portal\/checo-perez-quiere-retirarse-en-red-bull-pero-en-dos-anos-motorsport\/","title":{"rendered":"Checo P\u00e9rez quiere retirarse en Red Bull, pero en dos a\u00f1os | Motorsport"},"content":{"rendered":"\n<p><\/p>\n\n\n\n<p class=\"has-luminous-vivid-orange-background-color has-background has-medium-font-size\"><strong>Sergio P\u00e9rez confes\u00f3 el jueves en la previa del GP de Canad\u00e1 que su deseo es terminar su carrera en la F\u00f3rmula 1 como piloto de Red Bull, aunque no cree haber firmado su \u00faltimo contrato en la m\u00e1xima categor\u00eda.<\/strong><\/p>\n\n\n\n<p><\/p>\n\n\n\n<p><img fetchpriority=\"high\" decoding=\"async\" width=\"1000\" height=\"666\" src=\"https:\/\/cdn-2.motorsport.com\/images\/amp\/0qXxZxk6\/s1000\/sergio-perez-red-bull-racing-h.jpg\" alt=\"Sergio P\u00e9rez, Red Bull Racing, habla con los medios de comunicaci\u00f3n \"><\/p>\n\n\n\n<h2 class=\"has-medium-font-size wp-block-heading\">Foto de: Mark Sutton \/ Motorsport Images<\/h2>\n\n\n\n<p><\/p>\n\n\n\n<p><a href=\"https:\/\/lat.motorsport.com\/info\/about-us\/federico_faturos\/97346\/\">Federico Faturos<\/a><a href=\"https:\/\/lat.motorsport.com\/info\/about-us\/jake_boxall-legge\/97537\/\"> \/ Jake Boxall-Legge<\/a> \/ Motorsport<\/p>\n\n\n\n<p><a href=\"https:\/\/lat.motorsport.com\/driver\/sergio-perez\/463641\/\" target=\"_blank\" rel=\"noreferrer noopener\">Sergio P\u00e9rez<\/a>&nbsp;fue confirmado esta semana como piloto de&nbsp;<strong>Red Bull<\/strong>&nbsp;para las pr\u00f3ximas dos temporadas, lo que lo llevar\u00e1 a extender su per\u00edodo en la escuder\u00eda de Milton Keynes hasta finales de 2026 tras haberse unido al equipo en 2021.<\/p>\n\n\n\n<p>En caso de cumplir su contrato con Red Bull, P\u00e9rez tendr\u00e1 36 a\u00f1os al finalizar su nuevo acuerdo, muy pr\u00f3ximo a cumplir 37, y habr\u00e1 estado 16 temporadas consecutivas corriendo al m\u00e1ximo nivel en la F1 tras haber debutado en 2011.<\/p>\n\n\n\n<p>Preguntado por&nbsp;<strong>Motorsport.com<\/strong>&nbsp;este jueves en la conferencia de prensa previa al<strong>&nbsp;Gran Premio de Canad\u00e1<\/strong>&nbsp;si ve\u00eda su nuevo v\u00ednculo como su \u00faltimo contrato en la m\u00e1xima categor\u00eda,&nbsp;<strong>\u00abCheco\u00bb P\u00e9rez<\/strong>&nbsp;inicialmente record\u00f3 los casos de Fernando Alonso y Lewis Hamilton, quienes este a\u00f1o firmaron nuevos contratos multianuales y tienen 42 y 39 a\u00f1os, respectivamente.<\/p>\n\n\n\n<p>\u00abCiertamente, si nos fijamos en Fernando (Alonso) o incluso en Lewis (Hamilton), queda mucho camino por recorrer\u00bb, dijo el mexicano entre risas.<\/p>\n\n\n\n<p>\u00abPero creo que no he firmado mi \u00faltimo contrato. No creo haber hecho eso. No creo que sea algo que sientas, ya sabes, porque cuando te comprometes a dos a\u00f1os en la F\u00f3rmula 1, es mucho tiempo, mucha energ\u00eda, y es un largo camino por recorrer. As\u00ed que s\u00ed, para ser honesto, realmente no pienso en eso. Pero de lo que estoy bastante seguro es de que quiero terminar mi carrera en Red Bull\u00bb, asegur\u00f3.<img decoding=\"async\" src=\"https:\/\/cdn.motorsport.com\/images\/mgl\/6D1pMG90\/s1000\/sergio-perez-red-bull-racing-g.jpg\" alt=\"Sergio P\u00e9rez, Red Bull Racing, saluda a Lando Norris, McLaren F1 Team, en el paddock de Montreal.\" width=\"1200\" height=\"800\"><\/p>\n\n\n\n<p>Sergio P\u00e9rez, Red Bull Racing, saluda a Lando Norris, McLaren F1 Team, en el paddock de Montreal.<\/p>\n\n\n\n<p>Photo by: Mark Sutton \/&nbsp;<a href=\"https:\/\/www.motorsportimages.com\/\" target=\"_blank\" rel=\"noreferrer noopener\">Motorsport Images<\/a><\/p>\n\n\n\n<p>Pese a su claro deseo de permanecer en Red Bull, P\u00e9rez indic\u00f3 que tuvo charlas con otros equipos, pero dej\u00f3 en claro que su \u00fanica idea era continuar bajo el techo de su actual escuder\u00eda.<\/p>\n\n\n\n<p>\u00abSiempre est\u00e1s hablando con diferentes equipos. Hab\u00eda otras opciones, pero para m\u00ed, mi plan A, B y C era definitivamente quedarme en Red Bull. Quiero terminar mi carrera aqu\u00ed. Es un equipo que me ha dado tanto en mi carrera que estoy muy feliz. Y s\u00ed, quiero dar lo mejor de m\u00ed a este equipo hasta mi \u00faltima vuelta\u00bb, coment\u00f3.<\/p>\n\n\n\n<p>Respecto al proceso de negociaciones, P\u00e9rez se\u00f1al\u00f3 la dificultad de tener que conversar en medio de la temporada con una carrera detr\u00e1s de la otra, por lo que se mostr\u00f3 aliviado de no tener m\u00e1s ese tema en la cabeza y poder enfocarse 100% en lo que sucede en la pista.<\/p>\n\n\n\n<p>\u00abCreo que, como en cualquier negociaci\u00f3n, siempre hay que pasar por un proceso, y no siempre es agradable hacerlo entre una carrera y otra, cuando todo va a fondo. As\u00ed que es muy bueno, ya sabes, sacar esta distracci\u00f3n para el equipo y para m\u00ed fuera del camino, para que podamos centrarnos en el rendimiento puro. Y creo que eso es lo mejor para nuestro equipo\u00bb, dijo.<\/p>\n\n\n\n<p>\u00abFue una negociaci\u00f3n muy sencilla. Obviamente, ya llevo unos cuantos a\u00f1os en el equipo. Cuando ya est\u00e1s all\u00ed, es mucho m\u00e1s f\u00e1cil llegar a un acuerdo\u00bb, finaliz\u00f3.<\/p>\n\n\n\n<p>Fuente: <a href=\"https:\/\/lat.motorsport.com\/f1\/news\/checo-perez-retiro-f1-red-bull\/10620321\/\">https:\/\/lat.motorsport.com\/f1\/news\/checo-perez-retiro-f1-red-bull\/10620321\/<\/a><\/p>\n","protected":false},"excerpt":{"rendered":"<p>Sergio P\u00e9rez confes\u00f3 el jueves en la previa del GP de Canad\u00e1 que su deseo es terminar su carrera en [&hellip;]<\/p>\n","protected":false},"author":1,"featured_media":76367,"comment_status":"open","ping_status":"open","sticky":false,"template":"","format":"standard","meta":{"site-sidebar-layout":"default","site-content-layout":"","ast-site-content-layout":"default","site-content-style":"default","site-sidebar-style":"default","ast-global-header-display":"","ast-banner-title-visibility":"","ast-main-header-display":"","ast-hfb-above-header-display":"","ast-hfb-below-header-display":"","ast-hfb-mobile-header-display":"","site-post-title":"","ast-breadcrumbs-content":"","ast-featured-img":"","footer-sml-layout":"","theme-transparent-header-meta":"","adv-header-id-meta":"","stick-header-meta":"","header-above-stick-meta":"","header-main-stick-meta":"","header-below-stick-meta":"","astra-migrate-meta-layouts":"default","ast-page-background-enabled":"default","ast-page-background-meta":{"desktop":{"background-color":"var(--ast-global-color-4)","background-image":"","background-repeat":"repeat","background-position":"center center","background-size":"auto","background-attachment":"scroll","background-type":"","background-media":"","overlay-type":"","overlay-color":"","overlay-opacity":"","overlay-gradient":""},"tablet":{"background-color":"","background-image":"","background-repeat":"repeat","background-position":"center center","background-size":"auto","background-attachment":"scroll","background-type":"","background-media":"","overlay-type":"","overlay-color":"","overlay-opacity":"","overlay-gradient":""},"mobile":{"background-color":"","background-image":"","background-repeat":"repeat","background-position":"center center","background-size":"auto","background-attachment":"scroll","background-type":"","background-media":"","overlay-type":"","overlay-color":"","overlay-opacity":"","overlay-gradient":""}},"ast-content-background-meta":{"desktop":{"background-color":"var(--ast-global-color-5)","background-image":"","background-repeat":"repeat","background-position":"center center","background-size":"auto","background-attachment":"scroll","background-type":"","background-media":"","overlay-type":"","overlay-color":"","overlay-opacity":"","overlay-gradient":""},"tablet":{"background-color":"var(--ast-global-color-5)","background-image":"","background-repeat":"repeat","background-position":"center center","background-size":"auto","background-attachment":"scroll","background-type":"","background-media":"","overlay-type":"","overlay-color":"","overlay-opacity":"","overlay-gradient":""},"mobile":{"background-color":"var(--ast-global-color-5)","background-image":"","background-repeat":"repeat","background-position":"center center","background-size":"auto","background-attachment":"scroll","background-type":"","background-media":"","overlay-type":"","overlay-color":"","overlay-opacity":"","overlay-gradient":""}},"footnotes":""},"categories":[8],"tags":[25934,466],"class_list":["post-76366","post","type-post","status-publish","format-standard","has-post-thumbnail","hentry","category-noticias","tag-checo-perez-f1","tag-red-bull"],"_links":{"self":[{"href":"https:\/\/losperiodistas.com.mx\/portal\/wp-json\/wp\/v2\/posts\/76366","targetHints":{"allow":["GET"]}}],"collection":[{"href":"https:\/\/losperiodistas.com.mx\/portal\/wp-json\/wp\/v2\/posts"}],"about":[{"href":"https:\/\/losperiodistas.com.mx\/portal\/wp-json\/wp\/v2\/types\/post"}],"author":[{"embeddable":true,"href":"https:\/\/losperiodistas.com.mx\/portal\/wp-json\/wp\/v2\/users\/1"}],"replies":[{"embeddable":true,"href":"https:\/\/losperiodistas.com.mx\/portal\/wp-json\/wp\/v2\/comments?post=76366"}],"version-history":[{"count":1,"href":"https:\/\/losperiodistas.com.mx\/portal\/wp-json\/wp\/v2\/posts\/76366\/revisions"}],"predecessor-version":[{"id":76368,"href":"https:\/\/losperiodistas.com.mx\/portal\/wp-json\/wp\/v2\/posts\/76366\/revisions\/76368"}],"wp:featuredmedia":[{"embeddable":true,"href":"https:\/\/losperiodistas.com.mx\/portal\/wp-json\/wp\/v2\/media\/76367"}],"wp:attachment":[{"href":"https:\/\/losperiodistas.com.mx\/portal\/wp-json\/wp\/v2\/media?parent=76366"}],"wp:term":[{"taxonomy":"category","embeddable":true,"href":"https:\/\/losperiodistas.com.mx\/portal\/wp-json\/wp\/v2\/categories?post=76366"},{"taxonomy":"post_tag","embeddable":true,"href":"https:\/\/losperiodistas.com.mx\/portal\/wp-json\/wp\/v2\/tags?post=76366"}],"curies":[{"name":"wp","href":"https:\/\/api.w.org\/{rel}","templated":true}]}}