{"id":76350,"date":"2024-06-07T07:36:05","date_gmt":"2024-06-07T12:36:05","guid":{"rendered":"https:\/\/losperiodistas.com.mx\/portal\/?p=76350"},"modified":"2024-06-07T07:36:07","modified_gmt":"2024-06-07T12:36:07","slug":"hoy-la-iglesia-celebra-la-solemnidad-del-sagrado-corazon-de-jesus-aci","status":"publish","type":"post","link":"https:\/\/losperiodistas.com.mx\/portal\/hoy-la-iglesia-celebra-la-solemnidad-del-sagrado-corazon-de-jesus-aci\/","title":{"rendered":"Hoy la Iglesia celebra la Solemnidad del Sagrado Coraz\u00f3n de Jes\u00fas | ACI"},"content":{"rendered":"\n<figure class=\"wp-block-image size-large\"><img fetchpriority=\"high\" decoding=\"async\" width=\"1024\" height=\"685\" src=\"https:\/\/losperiodistas.com.mx\/portal\/wp-content\/uploads\/2024\/06\/Captura-de-Pantalla-2024-06-07-a-las-6.32.07-1024x685.jpg\" alt=\"\" class=\"wp-image-76351\" srcset=\"https:\/\/losperiodistas.com.mx\/portal\/wp-content\/uploads\/2024\/06\/Captura-de-Pantalla-2024-06-07-a-las-6.32.07-1024x685.jpg 1024w, https:\/\/losperiodistas.com.mx\/portal\/wp-content\/uploads\/2024\/06\/Captura-de-Pantalla-2024-06-07-a-las-6.32.07-300x201.jpg 300w, https:\/\/losperiodistas.com.mx\/portal\/wp-content\/uploads\/2024\/06\/Captura-de-Pantalla-2024-06-07-a-las-6.32.07-768x514.jpg 768w, https:\/\/losperiodistas.com.mx\/portal\/wp-content\/uploads\/2024\/06\/Captura-de-Pantalla-2024-06-07-a-las-6.32.07.jpg 1340w\" sizes=\"(max-width: 1024px) 100vw, 1024px\" \/><figcaption>Sagrado Coraz\u00f3n de Jes\u00fas 2024 \/ ACI Prensa<\/figcaption><\/figure>\n\n\n\n<p class=\"has-vivid-red-color has-text-color has-medium-font-size\"><strong>Redacci\u00f3n ACI Prensa<\/strong><\/p>\n\n\n\n<p>La Iglesia universal celebra hoy, 7 de junio, la Solemnidad del Sagrado Coraz\u00f3n de Jes\u00fas&nbsp; por pedido expl\u00edcito del mismo Cristo, revelado de manera particular a Santa Margarita Mar\u00eda de Alacoque. El Papa San Juan Pablo II se\u00f1al\u00f3 que \u201cesta fiesta recuerda el misterio del Amor que Dios alberga por los hombres de todos los tiempos\u201d.<\/p>\n\n\n\n<p>Por ser fiesta de primera clase, de acuerdo a la reforma lit\u00fargica del Papa San Juan XXIII, la celebraci\u00f3n del Sacrat\u00edsimo Coraz\u00f3n de Jes\u00fas posee rango de \u2018Solemnidad\u2019.<\/p>\n\n\n\n<h2 class=\"wp-block-heading\"><strong>Santa Mar\u00eda Margarita Alacoque (1647-1690)<\/strong><\/h2>\n\n\n\n<p>\u201cTe pido que el primer viernes despu\u00e9s de la octava del&nbsp;<em>Corpus&nbsp;<\/em>[<em>Christi<\/em>] se celebre una fiesta especial para honrar a mi Coraz\u00f3n, y que se comulgue dicho d\u00eda para pedirle perd\u00f3n y reparar los ultrajes por \u00e9l recibidos durante el tiempo que ha permanecido expuesto en los altares\u201d, dijo el Se\u00f1or a Santa Margarita de Alacoque en junio de 1675 para, despu\u00e9s, establecer una solemn\u00edsima promesa:<\/p>\n\n\n\n<p>\u201cTambi\u00e9n te prometo que mi Coraz\u00f3n se dilatar\u00e1 para esparcir en abundancia las influencias de su divino amor sobre quienes le hagan ese honor y procuren que se le tribute\u201d.<\/p>\n\n\n\n<p>En virtud de revelaciones como esta, de car\u00e1cter privado, Santa Margarita se convertir\u00eda en la gran divulgadora de los mensajes del Sagrado Coraz\u00f3n de Jes\u00fas a la humanidad y en la principal promotora de la devoci\u00f3n que naci\u00f3 a partir de estos. Margarita de Alacoque estuvo acompa\u00f1ada en este santo prop\u00f3sito por su director espiritual, el sacerdote jesuita San Claudio de la Colombiere.<\/p>\n\n\n\n<p>Posteriormente la Compa\u00f1\u00eda de Jes\u00fas tomar\u00eda la posta en la difusi\u00f3n de la devoci\u00f3n al Coraz\u00f3n de Jes\u00fas, tarea que hizo posible que se hiciera muy popular entre los pueblos de Am\u00e9rica Latina.<\/p>\n\n\n\n<h2 class=\"wp-block-heading\"><strong>Intervenci\u00f3n del papado en los \u00faltimos siglos<\/strong><\/h2>\n\n\n\n<p>El Beato Papa P\u00edo IX, en 1856, fue quien estableci\u00f3 de manera oficial la fiesta del \u2018Sacrat\u00edsimo Coraz\u00f3n de Jes\u00fas\u2019 para toda la Iglesia. En 1899, el Papa Le\u00f3n XIII public\u00f3 la enc\u00edclica \u201c<em>Annum Sacrum<\/em>\u201d [el a\u00f1o santo] sobre la consagraci\u00f3n del g\u00e9nero humano al Sagrado Coraz\u00f3n de Jes\u00fas, acto que se llevar\u00eda a cabo ese mismo a\u00f1o.<\/p>\n\n\n\n<p>Asimismo, P\u00edo XI, en 1928, escribi\u00f3 la \u201c<em>Miserentissimus Redemptor<\/em>\u201d [Redentor misericordioso], enc\u00edclica que versa sobre la reparaci\u00f3n que todos los fieles deben al Sagrado Coraz\u00f3n de Jes\u00fas a causa de los pecados cometidos por el g\u00e9nero humano. Por su parte, su sucesor, el Papa P\u00edo XII, public\u00f3 en 1956 la enc\u00edclica \u201c<em>Haurietis Aquas<\/em>\u201d [\u201cBeber\u00e9is las aguas\u2026], cuyo texto sugiere los lineamientos propios del culto al Sagrado Coraz\u00f3n.<\/p>\n\n\n\n<p>San Juan Pablo II, finalmente, estableci\u00f3 que en el d\u00eda de la fiesta del Sagrado Coraz\u00f3n de Jes\u00fas se realice siempre la \u201cJornada Mundial de Oraci\u00f3n por la santificaci\u00f3n de los sacerdotes\u201d.<\/p>\n\n\n\n<h2 class=\"wp-block-heading\"><strong>En el coraz\u00f3n de la Iglesia<\/strong><\/h2>\n\n\n\n<p>Muchos grupos, movimientos, \u00f3rdenes y congregaciones religiosas, desde hace siglos, se han puesto bajo la protecci\u00f3n del Sagrado Coraz\u00f3n de Jes\u00fas. En Roma se encuentra la Bas\u00edlica del \u201c<em>Sacro Cuore<\/em>\u201d [Sagrado Coraz\u00f3n] cuya construcci\u00f3n fue encargada a San Juan Bosco por el Papa Le\u00f3n XIII. La realizaci\u00f3n de dicho proyecto fue posible gracias a las donaciones de los devotos alrededor del mundo.<\/p>\n\n\n\n<p>\u00a1Feliz d\u00eda del Sagrado Coraz\u00f3n de Jes\u00fas!<\/p>\n\n\n\n<p>Fuente: <a href=\"https:\/\/www.aciprensa.com\/noticias\/55880\/solemnidad-del-sagrado-corazon-de-jesus\">https:\/\/www.aciprensa.com\/noticias\/55880\/solemnidad-del-sagrado-corazon-de-jesus<\/a><\/p>\n","protected":false},"excerpt":{"rendered":"<p>Redacci\u00f3n ACI Prensa La Iglesia universal celebra hoy, 7 de junio, la Solemnidad del Sagrado Coraz\u00f3n de Jes\u00fas&nbsp; por pedido [&hellip;]<\/p>\n","protected":false},"author":1,"featured_media":76351,"comment_status":"open","ping_status":"open","sticky":false,"template":"","format":"standard","meta":{"site-sidebar-layout":"default","site-content-layout":"","ast-site-content-layout":"default","site-content-style":"default","site-sidebar-style":"default","ast-global-header-display":"","ast-banner-title-visibility":"","ast-main-header-display":"","ast-hfb-above-header-display":"","ast-hfb-below-header-display":"","ast-hfb-mobile-header-display":"","site-post-title":"","ast-breadcrumbs-content":"","ast-featured-img":"","footer-sml-layout":"","theme-transparent-header-meta":"","adv-header-id-meta":"","stick-header-meta":"","header-above-stick-meta":"","header-main-stick-meta":"","header-below-stick-meta":"","astra-migrate-meta-layouts":"default","ast-page-background-enabled":"default","ast-page-background-meta":{"desktop":{"background-color":"var(--ast-global-color-4)","background-image":"","background-repeat":"repeat","background-position":"center center","background-size":"auto","background-attachment":"scroll","background-type":"","background-media":"","overlay-type":"","overlay-color":"","overlay-opacity":"","overlay-gradient":""},"tablet":{"background-color":"","background-image":"","background-repeat":"repeat","background-position":"center center","background-size":"auto","background-attachment":"scroll","background-type":"","background-media":"","overlay-type":"","overlay-color":"","overlay-opacity":"","overlay-gradient":""},"mobile":{"background-color":"","background-image":"","background-repeat":"repeat","background-position":"center center","background-size":"auto","background-attachment":"scroll","background-type":"","background-media":"","overlay-type":"","overlay-color":"","overlay-opacity":"","overlay-gradient":""}},"ast-content-background-meta":{"desktop":{"background-color":"var(--ast-global-color-5)","background-image":"","background-repeat":"repeat","background-position":"center center","background-size":"auto","background-attachment":"scroll","background-type":"","background-media":"","overlay-type":"","overlay-color":"","overlay-opacity":"","overlay-gradient":""},"tablet":{"background-color":"var(--ast-global-color-5)","background-image":"","background-repeat":"repeat","background-position":"center center","background-size":"auto","background-attachment":"scroll","background-type":"","background-media":"","overlay-type":"","overlay-color":"","overlay-opacity":"","overlay-gradient":""},"mobile":{"background-color":"var(--ast-global-color-5)","background-image":"","background-repeat":"repeat","background-position":"center center","background-size":"auto","background-attachment":"scroll","background-type":"","background-media":"","overlay-type":"","overlay-color":"","overlay-opacity":"","overlay-gradient":""}},"footnotes":""},"categories":[8],"tags":[10536,25932],"class_list":["post-76350","post","type-post","status-publish","format-standard","has-post-thumbnail","hentry","category-noticias","tag-sagrado-corazon-de-jesus","tag-santa-margarita-maria-de-alacoque"],"_links":{"self":[{"href":"https:\/\/losperiodistas.com.mx\/portal\/wp-json\/wp\/v2\/posts\/76350","targetHints":{"allow":["GET"]}}],"collection":[{"href":"https:\/\/losperiodistas.com.mx\/portal\/wp-json\/wp\/v2\/posts"}],"about":[{"href":"https:\/\/losperiodistas.com.mx\/portal\/wp-json\/wp\/v2\/types\/post"}],"author":[{"embeddable":true,"href":"https:\/\/losperiodistas.com.mx\/portal\/wp-json\/wp\/v2\/users\/1"}],"replies":[{"embeddable":true,"href":"https:\/\/losperiodistas.com.mx\/portal\/wp-json\/wp\/v2\/comments?post=76350"}],"version-history":[{"count":1,"href":"https:\/\/losperiodistas.com.mx\/portal\/wp-json\/wp\/v2\/posts\/76350\/revisions"}],"predecessor-version":[{"id":76352,"href":"https:\/\/losperiodistas.com.mx\/portal\/wp-json\/wp\/v2\/posts\/76350\/revisions\/76352"}],"wp:featuredmedia":[{"embeddable":true,"href":"https:\/\/losperiodistas.com.mx\/portal\/wp-json\/wp\/v2\/media\/76351"}],"wp:attachment":[{"href":"https:\/\/losperiodistas.com.mx\/portal\/wp-json\/wp\/v2\/media?parent=76350"}],"wp:term":[{"taxonomy":"category","embeddable":true,"href":"https:\/\/losperiodistas.com.mx\/portal\/wp-json\/wp\/v2\/categories?post=76350"},{"taxonomy":"post_tag","embeddable":true,"href":"https:\/\/losperiodistas.com.mx\/portal\/wp-json\/wp\/v2\/tags?post=76350"}],"curies":[{"name":"wp","href":"https:\/\/api.w.org\/{rel}","templated":true}]}}