{"id":7635,"date":"2021-05-05T06:37:59","date_gmt":"2021-05-05T11:37:59","guid":{"rendered":"http:\/\/losperiodistas.com.mx\/portal\/?p=7635"},"modified":"2021-05-05T06:38:00","modified_gmt":"2021-05-05T11:38:00","slug":"lider-sindical-del-metro-asegura-que-se-advirtio-de-deficiencias-en-la-linea-12","status":"publish","type":"post","link":"https:\/\/losperiodistas.com.mx\/portal\/lider-sindical-del-metro-asegura-que-se-advirtio-de-deficiencias-en-la-linea-12\/","title":{"rendered":"L\u00edder sindical del Metro asegura que se advirti\u00f3 de deficiencias en la L\u00ednea 12 |"},"content":{"rendered":"\n<p style=\"font-size:18px\"><em>Fernando Espino Ar\u00e9valo, del Sindicato Nacional de Trabajadores del Metro, asegura que el accidente se debi\u00f3 a una \u201cfalla de la obra civil\u201d y que el mantenimiento lo hace una empresa extranjera.<\/em><\/p>\n\n\n\n<p><\/p>\n\n\n\n<figure class=\"wp-block-image size-large\"><img fetchpriority=\"high\" decoding=\"async\" width=\"1024\" height=\"752\" src=\"https:\/\/losperiodistas.com.mx\/portal\/wp-content\/uploads\/2021\/05\/Captura-de-Pantalla-2021-05-05-a-las-6.32.56-1024x752.jpg\" alt=\"\" class=\"wp-image-7636\" srcset=\"https:\/\/losperiodistas.com.mx\/portal\/wp-content\/uploads\/2021\/05\/Captura-de-Pantalla-2021-05-05-a-las-6.32.56-1024x752.jpg 1024w, https:\/\/losperiodistas.com.mx\/portal\/wp-content\/uploads\/2021\/05\/Captura-de-Pantalla-2021-05-05-a-las-6.32.56-300x220.jpg 300w, https:\/\/losperiodistas.com.mx\/portal\/wp-content\/uploads\/2021\/05\/Captura-de-Pantalla-2021-05-05-a-las-6.32.56-768x564.jpg 768w, https:\/\/losperiodistas.com.mx\/portal\/wp-content\/uploads\/2021\/05\/Captura-de-Pantalla-2021-05-05-a-las-6.32.56.jpg 1174w\" sizes=\"(max-width: 1024px) 100vw, 1024px\" \/><\/figure>\n\n\n\n<p><\/p>\n\n\n\n<p class=\"has-vivid-cyan-blue-color has-text-color has-medium-font-size\">EXPANSI\u00d3N POL\u00cdTICA<\/p>\n\n\n\n<p>El accidente en la L\u00ednea 12 del Metro de la Ciudad de M\u00e9xico, que ha dejado 23 fallecidos y m\u00e1s de 70 lesionados, es consecuencia de una \u201cfalla de la obra civil\u201d y tiene que realizarse un estudio profundo para saber el motivo. As\u00ed lo consider\u00f3 Fernando Espino Ar\u00e9valo, del Sindicato Nacional de Trabajadores del Metro, al se\u00f1alar que debi\u00f3 haber indicios previos de que se estaba flexionando la trabe que se desplom\u00f3 y caus\u00f3 la \u00abtragedia\u00bb.<\/p>\n\n\n\n<p>\u201cUna obra tan nueva, de ocho o nueve a\u00f1os, no tiene por qu\u00e9 sufrir una situaci\u00f3n de esta naturaleza. Creo que s\u00ed fue falla de la obra civil, debi\u00f3 de haber indicios de que se estaba flexionando la trabe, tambi\u00e9n debi\u00f3 de registrarse los movimientos irregulares de las v\u00edas\u201d, coment\u00f3 en entrevista en\u00a0<em>Radio F\u00f3rmula<\/em>.<br><\/p>\n\n\n\n<figure class=\"wp-block-embed is-type-video is-provider-youtube wp-block-embed-youtube wp-embed-aspect-16-9 wp-has-aspect-ratio\"><div class=\"wp-block-embed__wrapper\">\n<iframe title=\"Colapsa puente con vag\u00f3n de pasajeros en metro de la CDMX\" width=\"500\" height=\"281\" src=\"https:\/\/www.youtube.com\/embed\/HV0l_L7bTfU?feature=oembed\" frameborder=\"0\" allow=\"accelerometer; autoplay; clipboard-write; encrypted-media; gyroscope; picture-in-picture; web-share\" referrerpolicy=\"strict-origin-when-cross-origin\" allowfullscreen><\/iframe>\n<\/div><\/figure>\n\n\n\n<p>La noche del lunes, un tren de la L\u00ednea 12 se desplom\u00f3 entre las estaciones Los Olivos y Tezonco, en la alcald\u00eda de Tl\u00e1huac, debido al vencimiento de una trabe. La jefa de gobierno, Claudia Sheinbaum, se\u00f1al\u00f3 que todos los d\u00edas se da mantenimiento y revisi\u00f3n a la L\u00ednea del Metro, pero que se tendr\u00e1 que esperar a que se realice el peritaje externo que permita conocer las causas del accidente de este tramo elevado.<\/p>\n\n\n\n<p>Adicionalmenrte, en entrevista con&nbsp;<em>Milenio<\/em>, Espino Ar\u00e9valo detall\u00f3 que su hip\u00f3tesis es que al ser muy pesados los trenes que se utilizan en la L\u00ednea 12, y al tomar un impulso excesivo en curvas, podr\u00eda haberse dado un contacto con las paredes de la \u201cballena\u201d, lo que ocasion\u00f3 el desplome.<\/p>\n\n\n\n<p>\u201cEstos trenes deben ser reemplazados por otros m\u00e1s ligeros y ser reubicados en otras l\u00edneas menos conflictivas\u201d, dijo el l\u00edder sindicar, quien asegur\u00f3 que desde 2019 las autoridades capitalinas recibieron un estudio sobre las irregularidades de la L\u00ednea 12 por el exceso de curvas y uso extraordinario de los trenes.<\/p>\n\n\n\n<h3 class=\"wp-block-heading\">Conoce m\u00e1s:<\/h3>\n\n\n\n<figure class=\"wp-block-image\"><a href=\"https:\/\/politica.expansion.mx\/presidencia\/2021\/05\/04\/lamananera-sheinbaum-anuncia-peritaje-internacional-por-accidente-en-la-l12?utm_source=internal&amp;utm_medium=branded\" target=\"_blank\" rel=\"noreferrer noopener\"><img decoding=\"async\" src=\"https:\/\/cdn-3.expansion.mx\/dims4\/default\/a98b35b\/2147483647\/strip\/true\/crop\/1277x720+2+0\/resize\/172x97!\/quality\/90\/?url=https%3A%2F%2Fcdn-3.expansion.mx%2F18%2Fc2%2F3132608d41e892d9eb0b7e263462%2F2021-05-04.png\" alt=\"\"\/><\/a><\/figure>\n\n\n\n<p><a href=\"https:\/\/politica.expansion.mx\/presidencia\" target=\"_blank\" rel=\"noreferrer noopener\">PRESIDENCIA<\/a><\/p>\n\n\n\n<h3 class=\"wp-block-heading\"><a href=\"https:\/\/politica.expansion.mx\/presidencia\/2021\/05\/04\/lamananera-sheinbaum-anuncia-peritaje-internacional-por-accidente-en-la-l12?utm_source=internal&amp;utm_medium=branded\" target=\"_blank\" rel=\"noreferrer noopener\">Sheinbaum anuncia peritaje internacional por accidente en la L12<\/a><\/h3>\n\n\n\n<p>Detall\u00f3 que en el documento, del cual ten\u00edan conocimiento las dos \u00faltimas administraciones, se dejaba claro que el mantenimiento lo lleva a cabo la empresa francesa TSO (Tricand Soci\u00e8t\u00e9 Organis\u00e9e, por sus siglas en franc\u00e9s), que no cuenta con la debida experiencia en la operaci\u00f3n de trenes y menos, del estado que guardan las instalaciones, aunque insisti\u00f3 en Radio F\u00f3rmula que se trat\u00f3 de la obra.<\/p>\n\n\n\n<p>\u201cSe est\u00e1 dando efectivamente el mantenimiento en las v\u00edas por una empresa externa, creo que es una empresa francesa que la da mantenimiento a las v\u00edas, pero aqu\u00ed lo que se vio fue en la parte de la obra civil, fue donde se dio la falla\u201d, afirm\u00f3.<\/p>\n\n\n\n<p>De acuerdo con Espino, el personal que da mantenimiento a las v\u00edas debi\u00f3 registrar algunos movimientos irregulares, pero que esperar\u00e1 el peritaje al respecto. Tambi\u00e9n dijo que ellos han pedido que las revisiones de las v\u00edas y la infraestructura las hagan t\u00e9cnicos mexicanos.<\/p>\n\n\n\n<p>\u201cNosotros hemos solicitado a las autoridades que la revisi\u00f3n de v\u00edas e infraestructura se lleve a cabo con t\u00e9cnicos mexicanos, toda vez que ellos son los que conocen d\u00f3nde hay excesos de curvas y posibilidad de que se d\u00e9 un descarrilamiento que golpee las paredes de las llamadas \u2018ballenas\u2019\u201d, coment\u00f3 en&nbsp;<em>Milenio<\/em>.<\/p>\n\n\n\n<p><strong><em>Ve tambi\u00e9n:&nbsp;<a href=\"https:\/\/politica.expansion.mx\/cdmx\/2021\/05\/04\/accidente-en-la-linea-12-del-metro-deja-al-menos-23-muertos-y-65-hospitalizados\">Accidente en la L\u00ednea 12 del Metro deja al menos 23 muertos y 79 hospitalizados<\/a><\/em><\/strong><\/p>\n\n\n\n<p>Aunado a que en&nbsp;<em>Radio F\u00f3rmula&nbsp;<\/em>asegur\u00f3 que desde anoche los dejaron fuera de toda actividad en este tramo, pues todo qued\u00f3 a cargo de la milicia, Marina, polic\u00eda, al igual que la revisi\u00f3n del tren y llevarlo a los talleres.<\/p>\n\n\n\n<p>Fernando Espino, quien ocupa la Secretar\u00eda General del Metro desde hace m\u00e1s de 43 a\u00f1os, resalt\u00f3 que se han envido un n\u00famero indeterminado de oficios sobre el estr\u00e9s al que est\u00e1n sometido los trabajadores de esta l\u00ednea y que no hab\u00eda condiciones normales para laborar.<video poster=\"https:\/\/cdn-3.expansion.mx\/7f\/a0\/937eb1cc4d67a674ee81ab2ca846\/thumbnail\/reacciones-mananera-sitio.0000000.jpg\" preload=\"auto\" autoplay=\"\" muted=\"muted\" src=\"blob:https:\/\/politica.expansion.mx\/a79cc21c-6ede-46b2-8269-73be4ec2e0c0\"><\/p>\n\n\n\n<p><\/p>\n\n\n\n<p><\/p>\n\n\n\n<p>Actualmente el Metro de la Ciudad de M\u00e9xico tiene el presupuesto m\u00e1s bajo en los \u00faltimos seis a\u00f1os, con 15,081 millones 871,997 pesos, apenas 19 millones m\u00e1s de lo que recibi\u00f3 en 2015 y 2,467.8 mdp menos de lo recibido en 2018.<\/p>\n\n\n\n<p>Desde ese a\u00f1o el presupuesto comenz\u00f3 a disminuir con el inicio de la administraci\u00f3n de Sheinbaum en la capital mexicana. No obstante, el Congreso local aprob\u00f3 uno de los mayores recursos para la modernizaci\u00f3n del Metro en diciembre de 2019 por 38,734 millones de pesos, los cuales ser\u00e1n pagados a 19 a\u00f1os con ingresos propios y participaciones federales, es decir de este a\u00f1o hasta 2039.<\/p>\n\n\n\n<p>El prop\u00f3sito es construir 30 nuevos trenes, la modernizaci\u00f3n del pilotaje autom\u00e1tico, rehabilitaci\u00f3n y mantenimiento de v\u00edas e instalaciones electr\u00f3nicas.<\/p>\n\n\n\n<p>Fuente: https:\/\/politica.expansion.mx\/cdmx\/2021\/05\/04\/lider-sindical-del-metro-asegura-que-se-advirtio-de-deficiencias-en-la-linea-12<\/p>\n","protected":false},"excerpt":{"rendered":"<p>Fernando Espino Ar\u00e9valo, del Sindicato Nacional de Trabajadores del Metro, asegura que el accidente se debi\u00f3 a una \u201cfalla de [&hellip;]<\/p>\n","protected":false},"author":1,"featured_media":7636,"comment_status":"open","ping_status":"open","sticky":false,"template":"","format":"standard","meta":{"site-sidebar-layout":"default","site-content-layout":"","ast-site-content-layout":"default","site-content-style":"default","site-sidebar-style":"default","ast-global-header-display":"","ast-banner-title-visibility":"","ast-main-header-display":"","ast-hfb-above-header-display":"","ast-hfb-below-header-display":"","ast-hfb-mobile-header-display":"","site-post-title":"","ast-breadcrumbs-content":"","ast-featured-img":"","footer-sml-layout":"","theme-transparent-header-meta":"","adv-header-id-meta":"","stick-header-meta":"","header-above-stick-meta":"","header-main-stick-meta":"","header-below-stick-meta":"","astra-migrate-meta-layouts":"default","ast-page-background-enabled":"default","ast-page-background-meta":{"desktop":{"background-color":"var(--ast-global-color-4)","background-image":"","background-repeat":"repeat","background-position":"center center","background-size":"auto","background-attachment":"scroll","background-type":"","background-media":"","overlay-type":"","overlay-color":"","overlay-opacity":"","overlay-gradient":""},"tablet":{"background-color":"","background-image":"","background-repeat":"repeat","background-position":"center center","background-size":"auto","background-attachment":"scroll","background-type":"","background-media":"","overlay-type":"","overlay-color":"","overlay-opacity":"","overlay-gradient":""},"mobile":{"background-color":"","background-image":"","background-repeat":"repeat","background-position":"center center","background-size":"auto","background-attachment":"scroll","background-type":"","background-media":"","overlay-type":"","overlay-color":"","overlay-opacity":"","overlay-gradient":""}},"ast-content-background-meta":{"desktop":{"background-color":"var(--ast-global-color-5)","background-image":"","background-repeat":"repeat","background-position":"center center","background-size":"auto","background-attachment":"scroll","background-type":"","background-media":"","overlay-type":"","overlay-color":"","overlay-opacity":"","overlay-gradient":""},"tablet":{"background-color":"var(--ast-global-color-5)","background-image":"","background-repeat":"repeat","background-position":"center center","background-size":"auto","background-attachment":"scroll","background-type":"","background-media":"","overlay-type":"","overlay-color":"","overlay-opacity":"","overlay-gradient":""},"mobile":{"background-color":"var(--ast-global-color-5)","background-image":"","background-repeat":"repeat","background-position":"center center","background-size":"auto","background-attachment":"scroll","background-type":"","background-media":"","overlay-type":"","overlay-color":"","overlay-opacity":"","overlay-gradient":""}},"footnotes":""},"categories":[8],"tags":[1331,1332],"class_list":["post-7635","post","type-post","status-publish","format-standard","has-post-thumbnail","hentry","category-noticias","tag-accidente-linea-12-metro","tag-fernando-espino-arevalo"],"_links":{"self":[{"href":"https:\/\/losperiodistas.com.mx\/portal\/wp-json\/wp\/v2\/posts\/7635","targetHints":{"allow":["GET"]}}],"collection":[{"href":"https:\/\/losperiodistas.com.mx\/portal\/wp-json\/wp\/v2\/posts"}],"about":[{"href":"https:\/\/losperiodistas.com.mx\/portal\/wp-json\/wp\/v2\/types\/post"}],"author":[{"embeddable":true,"href":"https:\/\/losperiodistas.com.mx\/portal\/wp-json\/wp\/v2\/users\/1"}],"replies":[{"embeddable":true,"href":"https:\/\/losperiodistas.com.mx\/portal\/wp-json\/wp\/v2\/comments?post=7635"}],"version-history":[{"count":1,"href":"https:\/\/losperiodistas.com.mx\/portal\/wp-json\/wp\/v2\/posts\/7635\/revisions"}],"predecessor-version":[{"id":7637,"href":"https:\/\/losperiodistas.com.mx\/portal\/wp-json\/wp\/v2\/posts\/7635\/revisions\/7637"}],"wp:featuredmedia":[{"embeddable":true,"href":"https:\/\/losperiodistas.com.mx\/portal\/wp-json\/wp\/v2\/media\/7636"}],"wp:attachment":[{"href":"https:\/\/losperiodistas.com.mx\/portal\/wp-json\/wp\/v2\/media?parent=7635"}],"wp:term":[{"taxonomy":"category","embeddable":true,"href":"https:\/\/losperiodistas.com.mx\/portal\/wp-json\/wp\/v2\/categories?post=7635"},{"taxonomy":"post_tag","embeddable":true,"href":"https:\/\/losperiodistas.com.mx\/portal\/wp-json\/wp\/v2\/tags?post=7635"}],"curies":[{"name":"wp","href":"https:\/\/api.w.org\/{rel}","templated":true}]}}