{"id":76347,"date":"2024-06-07T07:08:11","date_gmt":"2024-06-07T12:08:11","guid":{"rendered":"https:\/\/losperiodistas.com.mx\/portal\/?p=76347"},"modified":"2024-06-07T07:19:31","modified_gmt":"2024-06-07T12:19:31","slug":"poder-judicial-amplia-por-un-ano-mas-la-prision-preventiva-para-javier-lopez-zavala-oem","status":"publish","type":"post","link":"https:\/\/losperiodistas.com.mx\/portal\/poder-judicial-amplia-por-un-ano-mas-la-prision-preventiva-para-javier-lopez-zavala-oem\/","title":{"rendered":"Poder Judicial ampl\u00eda por un a\u00f1o m\u00e1s la prisi\u00f3n preventiva para Javier L\u00f3pez Zavala | OEM"},"content":{"rendered":"\n<h3 class=\"wp-block-heading\">Ahora ya podr\u00e1n pasar a la audiencia del delito de feminicidio, en el cual no s\u00f3lo est\u00e1 involucrado Javier L\u00f3pez Zavala, sino tambi\u00e9n su sobrino Jair N<\/h3>\n\n\n\n<p><img decoding=\"async\" src=\"https:\/\/www.elsoldepuebla.com.mx\/local\/pc25le-poder-judicial-amplia-por-un-ano-mas-la-prision-preventiva-para-javier-lopez-zavala\/alternates\/LANDSCAPE_768\/Poder%20Judicial%20ampl%C3%ADa%20por%20un%20a%C3%B1o%20m%C3%A1s%20la%20prisi%C3%B3n%20preventiva%20para%20Javier%20L%C3%B3pez%20Zavala\" alt=\"\"><\/p>\n\n\n\n<h4 class=\"wp-block-heading\">Javier L\u00f3pez Zavala se encuentra en prisi\u00f3n acusado del feminicidio de Cecilia Monz\u00f3n. Foto: Francisco Guasco \/ Cuartoscuro.com<\/h4>\n\n\n\n<p class=\"has-vivid-red-color has-text-color has-medium-font-size\"><strong>Alba Espejel \/ El Sol de Puebla<\/strong><\/p>\n\n\n\n<p>El<strong>&nbsp;Poder Judicial del Estado de Puebla<\/strong>&nbsp;<strong>ampli\u00f3 por un a\u00f1o m\u00e1s,<\/strong>&nbsp;la medida cautelar de<strong>&nbsp;prisi\u00f3n preventiva en contra de Javier L\u00f3pez Zavala&nbsp;<\/strong>por el delito de violencia familiar. Dicho il\u00edcito, lo denunci\u00f3 en vida la abogada Cecilia Monz\u00f3n. Hay que recordar que la semana pasada, la defensa del pol\u00edtico priista, solicit\u00f3 una valoraci\u00f3n criminol\u00f3gica, con lo que&nbsp;<strong>buscaba retrasar el juicio y pedir su liberaci\u00f3n.<\/strong><\/p>\n\n\n\n<p><\/p>\n\n\n\n<p>No obstante<strong>, este 6 de junio aumentaron su tiempo en la c\u00e1rcel y con ello<\/strong>, ya podr\u00e1n pasar a la audiencia del delito de feminicidio, en el cual, no s\u00f3lo est\u00e1 involucrado Javier L\u00f3pez Zavala, sino tambi\u00e9n su sobrino Jair N. Lo anterior lo confirm\u00f3 Helena Monz\u00f3n, hermana de Cecilia y abogada encargada del caso.<\/p>\n\n\n\n<p><strong><em>\u201cHemos concluido la audiencia de revisi\u00f3n de medida preventiva en el procedimiento de violencia familiar con respecto a Javier L\u00f3pez, hemos visto un gran trabajo de la Fiscal\u00eda, de la defensor\u00eda jur\u00eddica y se ha conseguido con \u00e9xito la prolongaci\u00f3n de la medida de prevenci\u00f3n preventiva durante un a\u00f1o\u201d<\/em><\/strong>, declar\u00f3.<\/p>\n\n\n\n<p>Helena comparti\u00f3 que&nbsp;<strong>la audiencia dur\u00f3 10 horas,<\/strong>&nbsp;pero que eso suele ser recurrente debido al ejercicio que hace la defensa del pol\u00edtico priista. Incluso, tuvo miedo que \u201csoltaran\u201d, al ex candidato al gobierno de Puebla. \u201cHemos concluido, pero ahora toca hacer la siguiente, que ser\u00eda en el delito de feminicidio. vamos para all\u00e1, esto sigue y estaremos toda nuestra noche y la m\u00eda, porque aqu\u00ed ya son las 4 de la ma\u00f1ana\u201d, agreg\u00f3.<\/p>\n\n\n\n<p>Fue a inicios de esta semana, cuando Helena dio a conocer que<strong>&nbsp;L\u00f3pez Zavala solicit\u00f3 una valoraci\u00f3n criminol\u00f3gica<\/strong>&nbsp;de los factores de riesgo y protecci\u00f3n, con lo que pretend\u00eda retrasar el juicio y buscar su liberaci\u00f3n.<\/p>\n\n\n\n<p><a href=\"https:\/\/www.elsoldepuebla.com.mx\/local\/\">LOCAL<\/a><\/p>\n\n\n\n<div class=\"wp-block-image\"><figure class=\"alignleft\"><a href=\"https:\/\/www.elsoldepuebla.com.mx\/local\/lopez-zavala-solicito-la-custodia-de-su-hijo-en-el-aniversario-luctuoso-de-cecilia-monzon-11989885.html\"><img decoding=\"async\" src=\"https:\/\/www.elsoldepuebla.com.mx\/policiaca\/61lxhe-lopez-zavala-solicito-la-custodia-de-su-hijo-en-el-aniversario-luctuoso-de-cecilia-monzon\/alternates\/LANDSCAPE_200\/L%C3%B3pez%20Zavala%20solicit%C3%B3%20la%20custodia%20de%20su%20hijo%20en%20el%20aniversario%20luctuoso%20de%20Cecilia%20Monz%C3%B3n\" alt=\"\" title=\"L\u00f3pez Zavala solicit\u00f3 la custodia de su hijo en el aniversario luctuoso de Cecilia Monz\u00f3n\"\/><\/a><\/figure><\/div>\n\n\n\n<h4 class=\"wp-block-heading\"><a href=\"https:\/\/www.elsoldepuebla.com.mx\/local\/lopez-zavala-solicito-la-custodia-de-su-hijo-en-el-aniversario-luctuoso-de-cecilia-monzon-11989885.html\">L\u00f3pez Zavala solicit\u00f3 la custodia de su hijo en el aniversario luctuoso de Cecilia Monz\u00f3n<\/a><\/h4>\n\n\n\n<p><\/p>\n\n\n\n<p><\/p>\n\n\n\n<p>Dicha valoraci\u00f3n criminol\u00f3gica, cuya solicitud fue admitida por el\u00a0<strong>Juzgado de Oralidad Penal y Ejecuci\u00f3n\u00a0<\/strong>de la ciudad de Puebla, tratar\u00e1 de sustentar que Javier es de bajo riesgo hac\u00eda las v\u00edctimas y la sociedad. Esto con la finalidad de solicitar la revisi\u00f3n de la medida cautelar de prisi\u00f3n preventiva y que pueda ser liberado.<\/p>\n\n\n\n<p>Tanto la FGE como la asesor\u00eda jur\u00eddica de la familia Monz\u00f3n,<strong>&nbsp;se opusieron a la elaboraci\u00f3n del citado perfil,<\/strong>&nbsp;no solo porque representa el ingreso de una persona perita con medios materiales que pueden entra\u00f1ar riesgos, sino que cuestionaron la oportunidad de dicho perfil en el momento procesal actual, ya que el juicio contin\u00faa.<\/p>\n\n\n\n<p>La jueza que lo aval\u00f3 fue Liszet del Carmen Fuentes Trueba. Sin embargo, este 6 de junio, se decidi\u00f3 ampliar la medida cautelar de prisi\u00f3n preventiva -un a\u00f1o- por el delito de violencia familiar.<\/p>\n\n\n\n<p>Fuente: <a href=\"https:\/\/www.elsoldepuebla.com.mx\/local\/poder-judicial-amplia-por-un-ano-mas-la-prision-preventiva-para-javier-lopez-zavala-12047957.html\">https:\/\/www.elsoldepuebla.com.mx\/local\/poder-judicial-amplia-por-un-ano-mas-la-prision-preventiva-para-javier-lopez-zavala-12047957.html<\/a><\/p>\n","protected":false},"excerpt":{"rendered":"<p>Ahora ya podr\u00e1n pasar a la audiencia del delito de feminicidio, en el cual no s\u00f3lo est\u00e1 involucrado Javier L\u00f3pez [&hellip;]<\/p>\n","protected":false},"author":1,"featured_media":76348,"comment_status":"open","ping_status":"open","sticky":false,"template":"","format":"standard","meta":{"site-sidebar-layout":"default","site-content-layout":"","ast-site-content-layout":"default","site-content-style":"default","site-sidebar-style":"default","ast-global-header-display":"","ast-banner-title-visibility":"","ast-main-header-display":"","ast-hfb-above-header-display":"","ast-hfb-below-header-display":"","ast-hfb-mobile-header-display":"","site-post-title":"","ast-breadcrumbs-content":"","ast-featured-img":"","footer-sml-layout":"","theme-transparent-header-meta":"","adv-header-id-meta":"","stick-header-meta":"","header-above-stick-meta":"","header-main-stick-meta":"","header-below-stick-meta":"","astra-migrate-meta-layouts":"default","ast-page-background-enabled":"default","ast-page-background-meta":{"desktop":{"background-color":"var(--ast-global-color-4)","background-image":"","background-repeat":"repeat","background-position":"center center","background-size":"auto","background-attachment":"scroll","background-type":"","background-media":"","overlay-type":"","overlay-color":"","overlay-opacity":"","overlay-gradient":""},"tablet":{"background-color":"","background-image":"","background-repeat":"repeat","background-position":"center center","background-size":"auto","background-attachment":"scroll","background-type":"","background-media":"","overlay-type":"","overlay-color":"","overlay-opacity":"","overlay-gradient":""},"mobile":{"background-color":"","background-image":"","background-repeat":"repeat","background-position":"center center","background-size":"auto","background-attachment":"scroll","background-type":"","background-media":"","overlay-type":"","overlay-color":"","overlay-opacity":"","overlay-gradient":""}},"ast-content-background-meta":{"desktop":{"background-color":"var(--ast-global-color-5)","background-image":"","background-repeat":"repeat","background-position":"center center","background-size":"auto","background-attachment":"scroll","background-type":"","background-media":"","overlay-type":"","overlay-color":"","overlay-opacity":"","overlay-gradient":""},"tablet":{"background-color":"var(--ast-global-color-5)","background-image":"","background-repeat":"repeat","background-position":"center center","background-size":"auto","background-attachment":"scroll","background-type":"","background-media":"","overlay-type":"","overlay-color":"","overlay-opacity":"","overlay-gradient":""},"mobile":{"background-color":"var(--ast-global-color-5)","background-image":"","background-repeat":"repeat","background-position":"center center","background-size":"auto","background-attachment":"scroll","background-type":"","background-media":"","overlay-type":"","overlay-color":"","overlay-opacity":"","overlay-gradient":""}},"footnotes":""},"categories":[8],"tags":[25930,25931,10630],"class_list":["post-76347","post","type-post","status-publish","format-standard","has-post-thumbnail","hentry","category-noticias","tag-feminicidio-cecilia-monzon","tag-jair-n","tag-javier-lopez-zavala"],"_links":{"self":[{"href":"https:\/\/losperiodistas.com.mx\/portal\/wp-json\/wp\/v2\/posts\/76347","targetHints":{"allow":["GET"]}}],"collection":[{"href":"https:\/\/losperiodistas.com.mx\/portal\/wp-json\/wp\/v2\/posts"}],"about":[{"href":"https:\/\/losperiodistas.com.mx\/portal\/wp-json\/wp\/v2\/types\/post"}],"author":[{"embeddable":true,"href":"https:\/\/losperiodistas.com.mx\/portal\/wp-json\/wp\/v2\/users\/1"}],"replies":[{"embeddable":true,"href":"https:\/\/losperiodistas.com.mx\/portal\/wp-json\/wp\/v2\/comments?post=76347"}],"version-history":[{"count":1,"href":"https:\/\/losperiodistas.com.mx\/portal\/wp-json\/wp\/v2\/posts\/76347\/revisions"}],"predecessor-version":[{"id":76349,"href":"https:\/\/losperiodistas.com.mx\/portal\/wp-json\/wp\/v2\/posts\/76347\/revisions\/76349"}],"wp:featuredmedia":[{"embeddable":true,"href":"https:\/\/losperiodistas.com.mx\/portal\/wp-json\/wp\/v2\/media\/76348"}],"wp:attachment":[{"href":"https:\/\/losperiodistas.com.mx\/portal\/wp-json\/wp\/v2\/media?parent=76347"}],"wp:term":[{"taxonomy":"category","embeddable":true,"href":"https:\/\/losperiodistas.com.mx\/portal\/wp-json\/wp\/v2\/categories?post=76347"},{"taxonomy":"post_tag","embeddable":true,"href":"https:\/\/losperiodistas.com.mx\/portal\/wp-json\/wp\/v2\/tags?post=76347"}],"curies":[{"name":"wp","href":"https:\/\/api.w.org\/{rel}","templated":true}]}}