{"id":76343,"date":"2024-06-07T07:10:26","date_gmt":"2024-06-07T12:10:26","guid":{"rendered":"https:\/\/losperiodistas.com.mx\/portal\/?p=76343"},"modified":"2024-06-07T07:10:28","modified_gmt":"2024-06-07T12:10:28","slug":"se-ratifica-triunfo-de-claudia-sheinbaum-en-puebla-logro-2-millones-146-mil-votos-que-representan-65-de-todos-los-sufragios-ljo","status":"publish","type":"post","link":"https:\/\/losperiodistas.com.mx\/portal\/se-ratifica-triunfo-de-claudia-sheinbaum-en-puebla-logro-2-millones-146-mil-votos-que-representan-65-de-todos-los-sufragios-ljo\/","title":{"rendered":"Se ratifica triunfo de Claudia Sheinbaum en Puebla; logr\u00f3 2 millones 146 mil votos, que representan 65% de todos los sufragios | LJO"},"content":{"rendered":"\n<p class=\"has-medium-font-size\">Fueron 392 mil m\u00e1s de los 1.7 millones que consigui\u00f3 Andr\u00e9s Manuel L\u00f3pez Obrador<\/p>\n\n\n\n<p><\/p>\n\n\n\n<figure class=\"wp-block-embed is-type-video is-provider-youtube wp-block-embed-youtube wp-embed-aspect-16-9 wp-has-aspect-ratio\"><div class=\"wp-block-embed__wrapper\">\n<iframe title=\"C\u00f3mputo confirma triunfo de Sheinbaum en Puebla, obtuvo 2 millones\u00a0146\u00a0mil\u00a0votos\" width=\"500\" height=\"281\" src=\"https:\/\/www.youtube.com\/embed\/jFeW4_86IGA?feature=oembed\" frameborder=\"0\" allow=\"accelerometer; autoplay; clipboard-write; encrypted-media; gyroscope; picture-in-picture; web-share\" referrerpolicy=\"strict-origin-when-cross-origin\" allowfullscreen><\/iframe>\n<\/div><\/figure>\n\n\n\n<p><\/p>\n\n\n\n<p class=\"has-vivid-red-color has-text-color has-medium-font-size\"><strong>Patricia Guti\u00e9rrez Rodr\u00edguez \/ La Jornada de Oriente<\/strong><\/p>\n\n\n\n<p><strong>Un total de 2 millones 146 mil 741 votos, que representan 65.19 por ciento\u00a0de todos los captados\u00a0el pasado domingo,\u00a0obtuvo la virtual presidente de M\u00e9xico, Claudia Sheinbaum Pardo, de la alianza Morena-PT-PVEM, en el estado de Puebla<\/strong>, con base en datos\u00a0finales\u00a0del Instituto Nacional Electoral\u00a0(<a href=\"https:\/\/x.com\/INEMexico\" target=\"_blank\" rel=\"noreferrer noopener\">INE<\/a>).<\/p>\n\n\n\n<p>Puedes leer:\u00a0<a href=\"https:\/\/www.lajornadadeoriente.com.mx\/puebla\/claudia-sheinbaum-33-millones-votos\/\" target=\"_blank\" rel=\"noreferrer noopener\">Claudia Sheinbaum obtuvo m\u00e1s de 33 millones de votos<\/a><\/p>\n\n\n\n<p>Eso significa que fueron 392 mil 145 m\u00e1s\u00a0que el\u00a0mill\u00f3n 754 mil 596 sufragios que consigui\u00f3 a su favor en los comicios de 2018 el entonces candidato presidencial, Andr\u00e9s Manuel L\u00f3pez Obrador, impulsado\u00a0en ese momento\u00a0por Regeneraci\u00f3n Nacional,\u00a0el\u00a0Partido del Trabajo y Encuentro Social.\u00a0<\/p>\n\n\n\n<figure class=\"wp-block-image\"><a href=\"https:\/\/www.lajornadadeoriente.com.mx\/wp-content\/uploads\/2024\/06\/WhatsApp-Image-2024-06-06-at-1.03.05-PM-1.jpeg\"><img decoding=\"async\" src=\"https:\/\/www.lajornadadeoriente.com.mx\/wp-content\/uploads\/2024\/06\/WhatsApp-Image-2024-06-06-at-1.03.05-PM-1.jpeg\" alt=\"Un total de 2 millones 146 mil 741 votos, obtuvo la virtual presidente de M\u00e9xico, Claudia Sheinbaum Pardo, en el estado de Puebla\" class=\"wp-image-922720\"\/><\/a><\/figure>\n\n\n\n<p>La ma\u00f1ana de ayer se report\u00f3 que en esta entidad federativa concluy\u00f3 el c\u00f3mputo de la elecci\u00f3n presidencial, lo que ratific\u00f3 el triunfo de la exjefa de gobierno en territorio poblano.&nbsp;<\/p>\n\n\n\n<p>Cabe mencionar que para las elecciones del pasado 2 de junio, la Lista Nominal de Electores del Estado de Puebla qued\u00f3 integrada por 4 millones 978 mil 643 personas, lo que significa que 43.11 por ciento vot\u00f3 a favor de la abanderada de Morena.\u00a0<\/p>\n\n\n\n<p>Mientras que en 2018 el listado estaba conformado por 4 millones 500 mil 580 personas, de las cuales 38.98 por ciento sufrag\u00f3 a favor de Andr\u00e9s Manuel L\u00f3pez Obrador.<\/p>\n\n\n\n<p>Eso tambi\u00e9n indica que entre una elecci\u00f3n y otra, la proporci\u00f3n de votaci\u00f3n a favor de los candidatos presidenciales de Morena en el estado de Puebla creci\u00f3 3.31 puntos porcentuales.&nbsp;<\/p>\n\n\n\n<p><strong>En segundo lugar qued\u00f3&nbsp;<a href=\"https:\/\/x.com\/XochitlGalvez\" target=\"_blank\" rel=\"noreferrer noopener\">Bertha X\u00f3chitl G\u00e1lvez Ruiz<\/a><\/strong>,&nbsp;quien era impulsada por los partidos Acci\u00f3n Nacional, Revolucionario Institucional y de la Revoluci\u00f3n Democr\u00e1tica,&nbsp;<strong>con 716 mil 148 sufragios a su favor<\/strong><strong>.<\/strong><\/p>\n\n\n\n<p>En 2018, Ricardo Anaya Cort\u00e9s consigui\u00f3 618 mil&nbsp;397, en ese entonces fue postulado por&nbsp;el Partido Acci\u00f3n Nacional,&nbsp;el de la Revoluci\u00f3n Democr\u00e1tica&nbsp;y Movimiento Ciudadano.<\/p>\n\n\n\n<p><strong>Y con 332 mil 71 votos,&nbsp;en la elecci\u00f3n&nbsp;presidencial&nbsp;de junio de 2024,&nbsp;en tercera posici\u00f3n qued\u00f3 el&nbsp;excontendiente&nbsp;del partido naranja,&nbsp;<a href=\"https:\/\/x.com\/AlvarezMaynez\" target=\"_blank\" rel=\"noreferrer noopener\">Jorge \u00c1lvarez M\u00e1ynez<\/a><\/strong>.En suma,<strong><a href=\"https:\/\/www.lajornadadeoriente.com.mx\/puebla\/puebla-aporta-sheinbaum-2-millones-votos-ocupa-tercer-lugar-nacional\/\" target=\"_blank\" rel=\"noreferrer noopener\">&nbsp;en Puebla<\/a>,&nbsp;para la elecci\u00f3n de titular del Poder Ejecutivo federal, hubo 3 millones 292 mil 952 votos, de los cuales,&nbsp;como se indic\u00f3&nbsp;l\u00edneas arriba, m\u00e1s de 65&nbsp;por ciento fueron para Sheinbaum Pardo.<\/strong><\/p>\n\n\n\n<p>En tanto,&nbsp;<strong>para G\u00e1lvez Ru\u00edz fueron 21.74 por ciento; y para el&nbsp;<\/strong><strong>emecista, 10.08 por ciento<\/strong>.<\/p>\n\n\n\n<p>Adem\u00e1s, hubo 93 mil 890 votos nulos, que representan el 2.85 por ciento; y 4 mil 102 para candidaturas no registradas, que se traducen en 0.12 puntos porcentuales.&nbsp;<\/p>\n\n\n\n<p>Cabe mencionar que de mil 559 personas que se encuentran en prisi\u00f3n en el estado de Puebla, 572 votaron a favor de Morena, es decir 36.69 por ciento; 322 lo hicieron por el PRI, equivalente al 20.6 por ciento; 184 por el PAN, que representan 11.80 por ciento, y 144 por Movimiento Ciudadano, que significan 9.23 por ciento.&nbsp;<\/p>\n\n\n\n<p>Tambi\u00e9n hubo 78 votos nulos y una persona privada de su libertad sufrag\u00f3 por una candidatura presidencial no registrada.&nbsp;<\/p>\n\n\n\n<p>De quienes acudieron a las urnas en el extranjero, el 45.98 por ciento, que implican 4 mil 586 votos, lo hicieron a favor de Morena; 24.28 por ciento, equivalente a 2 mil 422, fueron por Acci\u00f3n Nacional; mientras que el Revolucionario Institucional y Movimiento Ciudadano obtuvieron 214 y 199, respectivamente, es decir 2.14 y 1.99 por ciento.&nbsp;<\/p>\n\n\n\n<p>En sesi\u00f3n del Consejo Local del INE celebrada ayer por la ma\u00f1ana, el consejero presidente Edgar Humberto Arias Alba, inform\u00f3 que el computo de la elecci\u00f3n de presidente de la Rep\u00fablica se desarroll\u00f3 sin incidentes y\u00a0 que se realiz\u00f3 el recuento de todas las casillas que ten\u00edan alguna causal prevista en la ley o por petici\u00f3n hecha y sustentada por partidos pol\u00edticos para que se volviera a contar.\u00a0<\/p>\n\n\n\n<figure class=\"wp-block-embed is-type-video is-provider-youtube wp-block-embed-youtube wp-embed-aspect-16-9 wp-has-aspect-ratio\"><div class=\"wp-block-embed__wrapper\">\n<iframe title=\"Sin incidentes concluy\u00f3 en Puebla el c\u00f3mputo de la elecci\u00f3n de presidente de la Rep\u00fablica: INE\" width=\"500\" height=\"281\" src=\"https:\/\/www.youtube.com\/embed\/xzkYzcpf1Bg?feature=oembed\" frameborder=\"0\" allow=\"accelerometer; autoplay; clipboard-write; encrypted-media; gyroscope; picture-in-picture; web-share\" referrerpolicy=\"strict-origin-when-cross-origin\" allowfullscreen><\/iframe>\n<\/div><\/figure>\n\n\n\n<p>En total, hubo recuento en 4 mil 893 casillas, es decir en el 58.5 por ciento; y cotejo en 3 mil 428, que significan el 41.05 por ciento.&nbsp;<\/p>\n\n\n\n<p>Asimismo, se concluy\u00f3 que la participaci\u00f3n ciudadana en esta entidad federativa para la elecci\u00f3n de titular del Poder Ejecutivo federal fue del 65.95 puntos porcentuales.\u00a0\u00a0<\/p>\n\n\n\n<p>Fuente: <a href=\"https:\/\/www.lajornadadeoriente.com.mx\/puebla\/se-ratifica-triunfo-de-claudia-sheinbaum-en-puebla-logro-2-millones-146-mil-votos-que-representan-65-de-todos-los-sufragios\/\">https:\/\/www.lajornadadeoriente.com.mx\/puebla\/se-ratifica-triunfo-de-claudia-sheinbaum-en-puebla-logro-2-millones-146-mil-votos-que-representan-65-de-todos-los-sufragios\/<\/a><\/p>\n","protected":false},"excerpt":{"rendered":"<p>Fueron 392 mil m\u00e1s de los 1.7 millones que consigui\u00f3 Andr\u00e9s Manuel L\u00f3pez Obrador Patricia Guti\u00e9rrez Rodr\u00edguez \/ La Jornada [&hellip;]<\/p>\n","protected":false},"author":1,"featured_media":76345,"comment_status":"open","ping_status":"open","sticky":false,"template":"","format":"standard","meta":{"site-sidebar-layout":"default","site-content-layout":"","ast-site-content-layout":"default","site-content-style":"default","site-sidebar-style":"default","ast-global-header-display":"","ast-banner-title-visibility":"","ast-main-header-display":"","ast-hfb-above-header-display":"","ast-hfb-below-header-display":"","ast-hfb-mobile-header-display":"","site-post-title":"","ast-breadcrumbs-content":"","ast-featured-img":"","footer-sml-layout":"","theme-transparent-header-meta":"","adv-header-id-meta":"","stick-header-meta":"","header-above-stick-meta":"","header-main-stick-meta":"","header-below-stick-meta":"","astra-migrate-meta-layouts":"default","ast-page-background-enabled":"default","ast-page-background-meta":{"desktop":{"background-color":"var(--ast-global-color-4)","background-image":"","background-repeat":"repeat","background-position":"center center","background-size":"auto","background-attachment":"scroll","background-type":"","background-media":"","overlay-type":"","overlay-color":"","overlay-opacity":"","overlay-gradient":""},"tablet":{"background-color":"","background-image":"","background-repeat":"repeat","background-position":"center center","background-size":"auto","background-attachment":"scroll","background-type":"","background-media":"","overlay-type":"","overlay-color":"","overlay-opacity":"","overlay-gradient":""},"mobile":{"background-color":"","background-image":"","background-repeat":"repeat","background-position":"center center","background-size":"auto","background-attachment":"scroll","background-type":"","background-media":"","overlay-type":"","overlay-color":"","overlay-opacity":"","overlay-gradient":""}},"ast-content-background-meta":{"desktop":{"background-color":"var(--ast-global-color-5)","background-image":"","background-repeat":"repeat","background-position":"center center","background-size":"auto","background-attachment":"scroll","background-type":"","background-media":"","overlay-type":"","overlay-color":"","overlay-opacity":"","overlay-gradient":""},"tablet":{"background-color":"var(--ast-global-color-5)","background-image":"","background-repeat":"repeat","background-position":"center center","background-size":"auto","background-attachment":"scroll","background-type":"","background-media":"","overlay-type":"","overlay-color":"","overlay-opacity":"","overlay-gradient":""},"mobile":{"background-color":"var(--ast-global-color-5)","background-image":"","background-repeat":"repeat","background-position":"center center","background-size":"auto","background-attachment":"scroll","background-type":"","background-media":"","overlay-type":"","overlay-color":"","overlay-opacity":"","overlay-gradient":""}},"footnotes":""},"categories":[8],"tags":[25929],"class_list":["post-76343","post","type-post","status-publish","format-standard","has-post-thumbnail","hentry","category-noticias","tag-puebla-aporto-2-millones-146mil-741-votos"],"_links":{"self":[{"href":"https:\/\/losperiodistas.com.mx\/portal\/wp-json\/wp\/v2\/posts\/76343","targetHints":{"allow":["GET"]}}],"collection":[{"href":"https:\/\/losperiodistas.com.mx\/portal\/wp-json\/wp\/v2\/posts"}],"about":[{"href":"https:\/\/losperiodistas.com.mx\/portal\/wp-json\/wp\/v2\/types\/post"}],"author":[{"embeddable":true,"href":"https:\/\/losperiodistas.com.mx\/portal\/wp-json\/wp\/v2\/users\/1"}],"replies":[{"embeddable":true,"href":"https:\/\/losperiodistas.com.mx\/portal\/wp-json\/wp\/v2\/comments?post=76343"}],"version-history":[{"count":1,"href":"https:\/\/losperiodistas.com.mx\/portal\/wp-json\/wp\/v2\/posts\/76343\/revisions"}],"predecessor-version":[{"id":76346,"href":"https:\/\/losperiodistas.com.mx\/portal\/wp-json\/wp\/v2\/posts\/76343\/revisions\/76346"}],"wp:featuredmedia":[{"embeddable":true,"href":"https:\/\/losperiodistas.com.mx\/portal\/wp-json\/wp\/v2\/media\/76345"}],"wp:attachment":[{"href":"https:\/\/losperiodistas.com.mx\/portal\/wp-json\/wp\/v2\/media?parent=76343"}],"wp:term":[{"taxonomy":"category","embeddable":true,"href":"https:\/\/losperiodistas.com.mx\/portal\/wp-json\/wp\/v2\/categories?post=76343"},{"taxonomy":"post_tag","embeddable":true,"href":"https:\/\/losperiodistas.com.mx\/portal\/wp-json\/wp\/v2\/tags?post=76343"}],"curies":[{"name":"wp","href":"https:\/\/api.w.org\/{rel}","templated":true}]}}