{"id":76340,"date":"2024-06-07T07:02:28","date_gmt":"2024-06-07T12:02:28","guid":{"rendered":"https:\/\/losperiodistas.com.mx\/portal\/?p=76340"},"modified":"2024-06-07T07:02:30","modified_gmt":"2024-06-07T12:02:30","slug":"para-reformas-necesario-abrir-un-dialogo-sheinbaum-la-jornada","status":"publish","type":"post","link":"https:\/\/losperiodistas.com.mx\/portal\/para-reformas-necesario-abrir-un-dialogo-sheinbaum-la-jornada\/","title":{"rendered":"Para reformas, necesario abrir un di\u00e1logo: Sheinbaum | La Jornada"},"content":{"rendered":"\n<figure class=\"wp-block-image size-large\"><img fetchpriority=\"high\" decoding=\"async\" width=\"1024\" height=\"496\" src=\"https:\/\/losperiodistas.com.mx\/portal\/wp-content\/uploads\/2024\/06\/Captura-de-Pantalla-2024-06-07-a-las-5.58.00-1024x496.jpg\" alt=\"\" class=\"wp-image-76341\" srcset=\"https:\/\/losperiodistas.com.mx\/portal\/wp-content\/uploads\/2024\/06\/Captura-de-Pantalla-2024-06-07-a-las-5.58.00-1024x496.jpg 1024w, https:\/\/losperiodistas.com.mx\/portal\/wp-content\/uploads\/2024\/06\/Captura-de-Pantalla-2024-06-07-a-las-5.58.00-300x145.jpg 300w, https:\/\/losperiodistas.com.mx\/portal\/wp-content\/uploads\/2024\/06\/Captura-de-Pantalla-2024-06-07-a-las-5.58.00-768x372.jpg 768w, https:\/\/losperiodistas.com.mx\/portal\/wp-content\/uploads\/2024\/06\/Captura-de-Pantalla-2024-06-07-a-las-5.58.00.jpg 1272w\" sizes=\"(max-width: 1024px) 100vw, 1024px\" \/><figcaption><a href=\"https:\/\/videos.jornada.com.mx\/player\/86031742\/para-reformas-necesario-abrir-un-dialogo-sheinbaum\/\">VIDEO<\/a><\/figcaption><\/figure>\n\n\n\n<p><\/p>\n\n\n\n<p class=\"has-vivid-red-color has-text-color has-medium-font-size\"><strong>Alma E. Mu\u00f1oz \/ La Jornada<\/strong><\/p>\n\n\n\n<p><em>Ciudad de M\u00e9xico.<\/em>\u00a0Claudia Sheinbaum Pardo, virtual presidenta electa, se pronunci\u00f3 por abrir un dialogo para revisar las reformas constitucionales pendientes, \u00abcomo normalmente es un parlamento abierto\u00bb, al tiempo que inform\u00f3 que es probable que el pr\u00f3ximo lunes se re\u00fana en Palacio Nacional con el presidente Andr\u00e9s Manuel L\u00f3pez Obrador. Al salir de su oficina, en Iztapalapa, declar\u00f3 que est\u00e1 muy emocionada por ese encuentro.<\/p>\n\n\n\n<p>En un mensaje a las mujeres reiter\u00f3 que va a estar a la altura de todas las mujeres mexicanas.<\/p>\n\n\n\n<p>En cuanto a las reformas pendientes dijo que debe abrirse un di\u00e1logo para revisar las propuestas \u201ctiene que evaluarse la propuesta y en su momento aprobarse\u201d, pero \u201ctienen que escucharse bien las propuestas, que la conozca bien el pueblo de M\u00e9xico y que pueda abrirse en un parlamento\u201d.<\/p>\n\n\n\n<p>Sostuvo que sobre la reforma al Poder Judicial se platicar\u00e1 en su momento \u201cno se va a afectar a nadie y mi opini\u00f3n es que tiene que abrirse un proceso para que se conozca bien la reforma\u201d.<\/p>\n\n\n\n<p>Sobre las reuniones que a lo largo del d\u00eda sostuvo con Altagracia G\u00f3mez \u201chemos estado trabajando este programa de desarrollo regional y de localizaci\u00f3n de empresas, entonces lo estamos estableciendo. Han venido varios empresarios, vino BlackRock M\u00e9xico a hablar y hay otros que vamos a ver la pr\u00f3xima semana. Tambi\u00e9n estuvimos hablando por tel\u00e9fono con mandatarios, con representantes del Banco Mundial\u201d.<\/p>\n\n\n\n<p>Indico que con el ministro en retiro Arturo Zaldivar est\u00e1 evaluando el tema de la reforma judicial.<\/p>\n\n\n\n<p>Sheinbaum reiter\u00f3 que en su momento dar\u00e1 a conocer a su gabinete.<\/p>\n\n\n\n<p>Tras informar que muy probablemente el lunes se encuentre con el presidente L\u00f3pez Obrador, indic\u00f3 que espera que el mandatario de a conocer el mensaje de felicitaci\u00f3n que le envi\u00f3.<\/p>\n\n\n\n<p>Fuente: <a href=\"https:\/\/www.jornada.com.mx\/noticia\/2024\/06\/06\/politica\/sheinbaum-preve-reunion-con-amlo-el-proximo-lunes-6900\">https:\/\/www.jornada.com.mx\/noticia\/2024\/06\/06\/politica\/sheinbaum-preve-reunion-con-amlo-el-proximo-lunes-6900<\/a><\/p>\n","protected":false},"excerpt":{"rendered":"<p>Alma E. Mu\u00f1oz \/ La Jornada Ciudad de M\u00e9xico.\u00a0Claudia Sheinbaum Pardo, virtual presidenta electa, se pronunci\u00f3 por abrir un dialogo [&hellip;]<\/p>\n","protected":false},"author":1,"featured_media":76341,"comment_status":"open","ping_status":"open","sticky":false,"template":"","format":"standard","meta":{"site-sidebar-layout":"default","site-content-layout":"","ast-site-content-layout":"default","site-content-style":"default","site-sidebar-style":"default","ast-global-header-display":"","ast-banner-title-visibility":"","ast-main-header-display":"","ast-hfb-above-header-display":"","ast-hfb-below-header-display":"","ast-hfb-mobile-header-display":"","site-post-title":"","ast-breadcrumbs-content":"","ast-featured-img":"","footer-sml-layout":"","theme-transparent-header-meta":"","adv-header-id-meta":"","stick-header-meta":"","header-above-stick-meta":"","header-main-stick-meta":"","header-below-stick-meta":"","astra-migrate-meta-layouts":"default","ast-page-background-enabled":"default","ast-page-background-meta":{"desktop":{"background-color":"var(--ast-global-color-4)","background-image":"","background-repeat":"repeat","background-position":"center center","background-size":"auto","background-attachment":"scroll","background-type":"","background-media":"","overlay-type":"","overlay-color":"","overlay-opacity":"","overlay-gradient":""},"tablet":{"background-color":"","background-image":"","background-repeat":"repeat","background-position":"center center","background-size":"auto","background-attachment":"scroll","background-type":"","background-media":"","overlay-type":"","overlay-color":"","overlay-opacity":"","overlay-gradient":""},"mobile":{"background-color":"","background-image":"","background-repeat":"repeat","background-position":"center center","background-size":"auto","background-attachment":"scroll","background-type":"","background-media":"","overlay-type":"","overlay-color":"","overlay-opacity":"","overlay-gradient":""}},"ast-content-background-meta":{"desktop":{"background-color":"var(--ast-global-color-5)","background-image":"","background-repeat":"repeat","background-position":"center center","background-size":"auto","background-attachment":"scroll","background-type":"","background-media":"","overlay-type":"","overlay-color":"","overlay-opacity":"","overlay-gradient":""},"tablet":{"background-color":"var(--ast-global-color-5)","background-image":"","background-repeat":"repeat","background-position":"center center","background-size":"auto","background-attachment":"scroll","background-type":"","background-media":"","overlay-type":"","overlay-color":"","overlay-opacity":"","overlay-gradient":""},"mobile":{"background-color":"var(--ast-global-color-5)","background-image":"","background-repeat":"repeat","background-position":"center center","background-size":"auto","background-attachment":"scroll","background-type":"","background-media":"","overlay-type":"","overlay-color":"","overlay-opacity":"","overlay-gradient":""}},"footnotes":""},"categories":[8],"tags":[4661,10763],"class_list":["post-76340","post","type-post","status-publish","format-standard","has-post-thumbnail","hentry","category-noticias","tag-parlamento-abierto","tag-reformas-constitucionales"],"_links":{"self":[{"href":"https:\/\/losperiodistas.com.mx\/portal\/wp-json\/wp\/v2\/posts\/76340","targetHints":{"allow":["GET"]}}],"collection":[{"href":"https:\/\/losperiodistas.com.mx\/portal\/wp-json\/wp\/v2\/posts"}],"about":[{"href":"https:\/\/losperiodistas.com.mx\/portal\/wp-json\/wp\/v2\/types\/post"}],"author":[{"embeddable":true,"href":"https:\/\/losperiodistas.com.mx\/portal\/wp-json\/wp\/v2\/users\/1"}],"replies":[{"embeddable":true,"href":"https:\/\/losperiodistas.com.mx\/portal\/wp-json\/wp\/v2\/comments?post=76340"}],"version-history":[{"count":1,"href":"https:\/\/losperiodistas.com.mx\/portal\/wp-json\/wp\/v2\/posts\/76340\/revisions"}],"predecessor-version":[{"id":76342,"href":"https:\/\/losperiodistas.com.mx\/portal\/wp-json\/wp\/v2\/posts\/76340\/revisions\/76342"}],"wp:featuredmedia":[{"embeddable":true,"href":"https:\/\/losperiodistas.com.mx\/portal\/wp-json\/wp\/v2\/media\/76341"}],"wp:attachment":[{"href":"https:\/\/losperiodistas.com.mx\/portal\/wp-json\/wp\/v2\/media?parent=76340"}],"wp:term":[{"taxonomy":"category","embeddable":true,"href":"https:\/\/losperiodistas.com.mx\/portal\/wp-json\/wp\/v2\/categories?post=76340"},{"taxonomy":"post_tag","embeddable":true,"href":"https:\/\/losperiodistas.com.mx\/portal\/wp-json\/wp\/v2\/tags?post=76340"}],"curies":[{"name":"wp","href":"https:\/\/api.w.org\/{rel}","templated":true}]}}